{"id":335,"date":"2009-04-10T09:47:07","date_gmt":"2009-04-10T08:47:07","guid":{"rendered":"https:\/\/www.edder.org\/?p=335"},"modified":"2018-07-27T16:38:11","modified_gmt":"2018-07-27T14:38:11","slug":"astracanada","status":"publish","type":"post","link":"https:\/\/www.edder.org\/?p=335","title":{"rendered":"Astracanada"},"content":{"rendered":"<p><img class=\"lazyload\" decoding=\"async\" alt=\"dn\" src=\"data:image\/gif;base64,R0lGODlhAQABAAAAACH5BAEKAAEALAAAAAABAAEAAAICTAEAOw==\" data-orig-src=\"https:\/\/www.edder.org\/images\/112.jpg\" style=\"float: left; border-width: 0px; border-style: solid; margin: 4px; width: 121px; height: 177px;\" title=\"112\" \/><\/p>\n<p>La comparecencia parlamentaria por el uso del helic&oacute;ptero que lleva estampado el n&uacute;mero de emergencias pas&oacute; de lo esperp&eacute;ntico a la astracanada cuando el consejero Corpas se qued&oacute; tan fresco despu&eacute;s de decir que, de haberse producido una emergencia mientras &eacute;l y su sufrido equipo volaban hacia la inexpugnable cumbre de San Donato, no s&oacute;lo el helic&oacute;ptero hubiera virado de inmediato hacia el lugar del siniestro, sino que, para suerte de las posibles personas asistidas, lo habr&iacute;a hecho con un m&eacute;dico dentro. Vamos, que la indebida o reprochable &ndash;seg&uacute;n los distintos grupos parlamentarios&ndash; presencia del doctor Corpas en el helic&oacute;ptero de emergencias pudo haber salvado vidas. Vistas as&iacute; las cosas, no se explica que el consejero no sea obligado a desplazarse todos los d&iacute;as en helic&oacute;ptero, por el bien general y por lo que pueda pasar. Por lo dem&aacute;s, el tono c&oacute;mico de la comparecencia no estuvo mal, mientras estuvo bien. Nada m&aacute;s lejos de la intenci&oacute;n del consejero &ndash;insisti&oacute; enf&aacute;ticamente &eacute;ste&ndash; que volar para hacerse una foto promocional. Pero entonces, &iquest;qu&eacute; hac&iacute;a en el helic&oacute;ptero de emergencias un fot&oacute;grafo del Gobierno? &iquest;O acaso el fot&oacute;grafo viaj&oacute; como poliz&oacute;n, burlando a los escoltas? Volar con el helic&oacute;ptero de emergencias era vital para la promoci&oacute;n de los rodajes en Navarra, persisti&oacute; el compareciente. Bueno, en Navarra han rodado desde Orson Welles hasta Stephen Frears sin necesidad de que ning&uacute;n superconsejero se les apareciese en carne mortal, menos en vuelo de extrema urgencia. Claro que urgencias, seg&uacute;n el consejero de Interior, tampoco hay tantas y, mientras, volar es libre para todo miembro del Gobierno. Ser&iacute;a por eso que la se&ntilde;ora Carmona, de UPN, con esa costumbre tan de UPN que consiste en hacer suyo todo lo que en Navarra es p&uacute;blico, pas&oacute; a hablar de los &ldquo;helic&oacute;pteros del Gobierno&rdquo;. Dicho lo cual, el consejero Corpas se limpi&oacute; las responsabilidades pol&iacute;ticas en el felpudo de su sufrido equipo y sali&oacute; por la tangente, si no volando, hasta la pr&oacute;xima.<\/p>\n<p align=\"right\">Publicado en <a href=\"http:\/\/www.noticiasdenavarra.com\/ediciones\/2009\/04\/10\/opinion\/contra.php\" target=\"blank\">Diario de Noticias<\/a><img class=\"lazyload\" decoding=\"async\" align=\"right\" alt=\"dn\" src=\"data:image\/gif;base64,R0lGODlhAQABAAAAACH5BAEKAAEALAAAAAABAAEAAAICTAEAOw==\" data-orig-src=\"https:\/\/www.edder.org\/images\/dn.gif\" title=\"dn\" \/><\/p>\n","protected":false},"excerpt":{"rendered":"<p>La comparecencia parlamentaria por el uso del helic&oacute;ptero que lleva estampado el n&uacute;mero de emergencias pas&oacute; de lo esperp&eacute;ntico a la astracanada cuando el consejero Corpas se qued&oacute; tan fresco despu&eacute;s de decir que, de haberse producido una emergencia mientras &eacute;l y su sufrido equipo volaban hacia la inexpugnable cumbre de San Donato, no s&oacute;lo el helic&oacute;ptero hubiera virado de inmediato hacia el lugar del siniestro, sino que, para suerte de las posibles personas asistidas, lo habr&iacute;a hecho con un m&eacute;dico dentro. Vamos, que la indebida o reprochable &ndash;seg&uacute;n los distintos grupos parlamentarios&ndash; presencia del doctor Corpas en el helic&oacute;ptero de emergencias pudo haber salvado vidas. Vistas as&iacute; las cosas, no se explica que el consejero no sea obligado a desplazarse todos los d&iacute;as en helic&oacute;ptero, por  [&#8230;]<\/p>\n","protected":false},"author":82,"featured_media":0,"comment_status":"open","ping_status":"open","sticky":false,"template":"","format":"standard","meta":{"jetpack_post_was_ever_published":false,"_jetpack_newsletter_access":"","_jetpack_dont_email_post_to_subs":false,"_jetpack_newsletter_tier_id":0,"_jetpack_memberships_contains_paywalled_content":false,"_jetpack_memberships_contains_paid_content":false,"footnotes":"","jetpack_publicize_message":"","jetpack_publicize_feature_enabled":true,"jetpack_social_post_already_shared":false,"jetpack_social_options":{"image_generator_settings":{"template":"highway","default_image_id":0,"font":"","enabled":false},"version":2}},"categories":[3],"tags":[],"class_list":["post-335","post","type-post","status-publish","format-standard","hentry","category-na"],"jetpack_publicize_connections":[],"jetpack_featured_media_url":"","jetpack_shortlink":"https:\/\/wp.me\/p6kHv-5p","jetpack_sharing_enabled":true,"jetpack-related-posts":[{"id":333,"url":"https:\/\/www.edder.org\/?p=333","url_meta":{"origin":335,"position":0},"title":"Emergencias","author":"Eder","date":"viernes, 3 Abr, 2009","format":false,"excerpt":"M\u00e1s sorprendente que el consejero del ramo tur\u00edstico-cultural disponga de un helic\u00f3ptero de emergencias para menesteres tan dudosamente apremiantes como hacerse fotos con un director de cine \u2013luego enviadas en exclusiva a la prensa de su predilecci\u00f3n\u2013; m\u00e1s sorprendente que eso, y dejando de lado lo grotesco del episodio, del\u2026","rel":"","context":"En \u00abNA\u00bb","block_context":{"text":"NA","link":"https:\/\/www.edder.org\/?cat=3"},"img":{"alt_text":"","src":"","width":0,"height":0},"classes":[]},{"id":476,"url":"https:\/\/www.edder.org\/?p=476","url_meta":{"origin":335,"position":1},"title":"Devoci\u00f3n","author":"Eder","date":"viernes, 11 Sep, 2009","format":false,"excerpt":"Que el consejero Corpas ande repicando para que la prensa acuda al galope a hacerle fotos junto a un tal Olivier van der Zee \u2013cineasta que quiz\u00e1 se convierta con el tiempo en el nuevo Johan van der Keuken del documentalismo holand\u00e9s, aunque de su talento hay por ahora escasas\u2026","rel":"","context":"En \u00abNA\u00bb","block_context":{"text":"NA","link":"https:\/\/www.edder.org\/?cat=3"},"img":{"alt_text":"","src":"https:\/\/i0.wp.com\/www.edder.org\/upload\/2009\/09\/Sin-ti%CC%81tulo-1.gif?resize=350%2C200&ssl=1","width":350,"height":200},"classes":[]},{"id":83,"url":"https:\/\/www.edder.org\/?p=83","url_meta":{"origin":335,"position":2},"title":"Lo que pierden los poetas","author":"Eder","date":"viernes, 9 Feb, 2007","format":false,"excerpt":"Se fue la magna exposici\u00f3n del comisario Arbeloa \u2013la de los quinientos millones de pesetas\u2013 y no han llegado las charlas del magno congreso barojiano que dirigir\u00e1 Ram\u00f3n Tamames, otro desertor de la izquierda que hoy da curso a sus furias en los medios de la derecha asilvestrada \u2013la de\u2026","rel":"","context":"En \u00abNA\u00bb","block_context":{"text":"NA","link":"https:\/\/www.edder.org\/?cat=3"},"img":{"alt_text":"","src":"","width":0,"height":0},"classes":[]},{"id":142,"url":"https:\/\/www.edder.org\/?p=142","url_meta":{"origin":335,"position":3},"title":"Poderes","author":"Eder","date":"viernes, 21 Mar, 2008","format":false,"excerpt":"Tengo poderes, o eso creo. Poderes de adivinaci\u00f3n. Los descubr\u00ed el mi\u00e9rcoles. Le\u00eda que la plantilla de la Corpas Corparation va a ensancharse con el fichaje de un asesor barciniano \u2013hijo de un hist\u00f3rico miembro del Consejo de Cultura corpasiano que a su vez es patrono, junto a Pucho Vallejo,\u2026","rel":"","context":"En \u00abNA\u00bb","block_context":{"text":"NA","link":"https:\/\/www.edder.org\/?cat=3"},"img":{"alt_text":"","src":"","width":0,"height":0},"classes":[]},{"id":92,"url":"https:\/\/www.edder.org\/?p=92","url_meta":{"origin":335,"position":4},"title":"Rabiosa electoral","author":"Eder","date":"viernes, 23 Mar, 2007","format":false,"excerpt":"A poco que Sanz siga adelante con la astracanada que viene representando desde hace una semana en los m\u00e1s diversos escenarios ???con un \u00e9xito de cr\u00edtica y p\u00fablico sin precedentes???, va a terminar convenci\u00e9ndonos de que su talento para el g\u00e9nero chusco es una cosa por dem\u00e1s. O nos convence\u2026","rel":"","context":"En \u00abNA\u00bb","block_context":{"text":"NA","link":"https:\/\/www.edder.org\/?cat=3"},"img":{"alt_text":"","src":"","width":0,"height":0},"classes":[]},{"id":13063,"url":"https:\/\/www.edder.org\/?p=13063","url_meta":{"origin":335,"position":5},"title":"Sanz como humanista\u2026 Sir Norman como subversivo","author":"Eder","date":"lunes, 4 Jul, 2016","format":false,"excerpt":"El llamado \u00abcambio\u00bb tampoco cambia los congresos de la Fundaci\u00f3n Arquitectura y Sociedad, que nos trae a los Borbones de visita y de cuyo patronato, entre otros dinosaurios, forman parte el expresidente del Gobierno de Navarra M. Sanz, el exconsejero de Cultura J. R. Corpas y el exalcalde de Pamplona\u2026","rel":"","context":"En \u00abArtes\u00bb","block_context":{"text":"Artes","link":"https:\/\/www.edder.org\/?cat=85"},"img":{"alt_text":"","src":"https:\/\/i0.wp.com\/www.edder.org\/upload\/2016\/07\/vlcsnap-2016-07-04-20h08m04s227.png?resize=350%2C200&ssl=1","width":350,"height":200},"classes":[]}],"jetpack_likes_enabled":true,"_links":{"self":[{"href":"https:\/\/www.edder.org\/index.php?rest_route=\/wp\/v2\/posts\/335","targetHints":{"allow":["GET"]}}],"collection":[{"href":"https:\/\/www.edder.org\/index.php?rest_route=\/wp\/v2\/posts"}],"about":[{"href":"https:\/\/www.edder.org\/index.php?rest_route=\/wp\/v2\/types\/post"}],"author":[{"embeddable":true,"href":"https:\/\/www.edder.org\/index.php?rest_route=\/wp\/v2\/users\/82"}],"replies":[{"embeddable":true,"href":"https:\/\/www.edder.org\/index.php?rest_route=%2Fwp%2Fv2%2Fcomments&post=335"}],"version-history":[{"count":0,"href":"https:\/\/www.edder.org\/index.php?rest_route=\/wp\/v2\/posts\/335\/revisions"}],"wp:attachment":[{"href":"https:\/\/www.edder.org\/index.php?rest_route=%2Fwp%2Fv2%2Fmedia&parent=335"}],"wp:term":[{"taxonomy":"category","embeddable":true,"href":"https:\/\/www.edder.org\/index.php?rest_route=%2Fwp%2Fv2%2Fcategories&post=335"},{"taxonomy":"post_tag","embeddable":true,"href":"https:\/\/www.edder.org\/index.php?rest_route=%2Fwp%2Fv2%2Ftags&post=335"}],"curies":[{"name":"wp","href":"https:\/\/api.w.org\/{rel}","templated":true}]}}