{"id":333,"date":"2009-04-03T09:43:37","date_gmt":"2009-04-03T08:43:37","guid":{"rendered":"https:\/\/www.edder.org\/?p=333"},"modified":"2018-07-27T16:38:11","modified_gmt":"2018-07-27T14:38:11","slug":"emergencias","status":"publish","type":"post","link":"https:\/\/www.edder.org\/?p=333","title":{"rendered":"Emergencias"},"content":{"rendered":"<p>M&aacute;s sorprendente que el consejero del ramo tur&iacute;stico-cultural disponga de un helic&oacute;ptero de emergencias para menesteres tan dudosamente apremiantes como hacerse fotos con un director de cine &ndash;luego enviadas en exclusiva a la prensa de su predilecci&oacute;n&ndash;; m&aacute;s sorprendente que eso, y dejando de lado lo grotesco del episodio, del que quiz&aacute; hable jocosamente alg&uacute;n d&iacute;a el director de cine mexicano, lo mismo que Woody Allen ironiza en <em>Wild Man Blues<\/em> sobre las autoridades pelmazas que a toda costa quieren hacerse una foto con &eacute;l durante sus giras; m&aacute;s sorprendente que eso es que en no s&eacute; qu&eacute; protocolo est&eacute; contemplado que todos los consejeros del Gobierno regional puedan hacer uso de los veh&iacute;culos m&aacute;s escasos e imprescindibles del parque m&oacute;vil de emergencias. &iquest;De qu&eacute; idea de la autoridad emana ese gen&eacute;rico e impreciso derecho a usar los veh&iacute;culos de emergencias; derecho que, se ejerza o no, es un efectivo derecho se&ntilde;orial &ndash;por no decir que de pernada&ndash; sobre la flotilla de helic&oacute;pteros? Se comprende que, en caso de cat&aacute;strofe, la presencia en el lugar del siniestro de autoridades como el presidente del Gobierno o el consejeros de Interior pueda justificar el uso de cualquier veh&iacute;culo libre del parque de emergencias &ndash;si bien al presidente, como sabemos por sus declaraciones en &eacute;poco electoral, le basta con su coche oficial para ponerse en un santiam&eacute;n en cualquier punto de nuestro reducido territorio&ndash;; pero fuera de casos excepcionales se comprende mal. El mismo presidente, que declar&oacute; no haber utilizado jam&aacute;s esos veh&iacute;culos de emergencias, parece entender que eso no est&aacute; bonito. Y sin embargo &eacute;l es el responsable &uacute;ltimo de que los consejeros de su Gobierno puedan disponer a su capricho de esos helic&oacute;pteros que, adem&aacute;s de ser patrimonio ciudadano &ndash;no patrimonio de autoridades con aires o vuelos de mandamases&ndash;, son un bien inapreciable en caso de s&uacute;bita calamidad. Calamidad, pero de otra clase, es que ejerzan de autoridades quienes as&iacute; no lo entienden.<\/p>\n<p align=\"right\">Publicado en <a href=\"http:\/\/www.noticiasdenavarra.com\/ediciones\/2009\/04\/03\/opinion\/contra.php\" target=\"blank\">Diario de Noticias<\/a><img class=\"lazyload\" decoding=\"async\" align=\"right\" alt=\"dn\" src=\"data:image\/gif;base64,R0lGODlhAQABAAAAACH5BAEKAAEALAAAAAABAAEAAAICTAEAOw==\" data-orig-src=\"https:\/\/www.edder.org\/images\/dn.gif\" title=\"dn\" \/><\/p>\n","protected":false},"excerpt":{"rendered":"<p>M&aacute;s sorprendente que el consejero del ramo tur&iacute;stico-cultural disponga de un helic&oacute;ptero de emergencias para menesteres tan dudosamente apremiantes como hacerse fotos con un director de cine &ndash;luego enviadas en exclusiva a la prensa de su predilecci&oacute;n&ndash;; m&aacute;s sorprendente que eso, y dejando de lado lo grotesco del episodio, del que quiz&aacute; hable jocosamente alg&uacute;n d&iacute;a el director de cine mexicano, lo mismo que Woody Allen ironiza en Wild Man Blues sobre las autoridades pelmazas que a toda costa quieren hacerse una foto con &eacute;l durante sus giras; m&aacute;s sorprendente que eso es que en no s&eacute; qu&eacute; protocolo est&eacute; contemplado que todos los consejeros del Gobierno regional puedan hacer uso de los veh&iacute;culos m&aacute;s escasos e imprescindibles del parque m&oacute;vil de emergencias. &iquest;De qu&eacute; idea de  [&#8230;]<\/p>\n","protected":false},"author":82,"featured_media":0,"comment_status":"open","ping_status":"open","sticky":false,"template":"","format":"standard","meta":{"jetpack_post_was_ever_published":false,"_jetpack_newsletter_access":"","_jetpack_dont_email_post_to_subs":false,"_jetpack_newsletter_tier_id":0,"_jetpack_memberships_contains_paywalled_content":false,"_jetpack_memberships_contains_paid_content":false,"footnotes":"","jetpack_publicize_message":"","jetpack_publicize_feature_enabled":true,"jetpack_social_post_already_shared":false,"jetpack_social_options":{"image_generator_settings":{"template":"highway","default_image_id":0,"font":"","enabled":false},"version":2}},"categories":[3,1],"tags":[],"class_list":["post-333","post","type-post","status-publish","format-standard","hentry","category-na","category-sin-categorizar"],"jetpack_publicize_connections":[],"jetpack_featured_media_url":"","jetpack_shortlink":"https:\/\/wp.me\/p6kHv-5n","jetpack_sharing_enabled":true,"jetpack-related-posts":[{"id":335,"url":"https:\/\/www.edder.org\/?p=335","url_meta":{"origin":333,"position":0},"title":"Astracanada","author":"Eder","date":"viernes, 10 Abr, 2009","format":false,"excerpt":"La comparecencia parlamentaria por el uso del helic\u00f3ptero que lleva estampado el n\u00famero de emergencias pas\u00f3 de lo esperp\u00e9ntico a la astracanada cuando el consejero Corpas se qued\u00f3 tan fresco despu\u00e9s de decir que, de haberse producido una emergencia mientras \u00e9l y su sufrido equipo volaban hacia la inexpugnable cumbre\u2026","rel":"","context":"En \u00abNA\u00bb","block_context":{"text":"NA","link":"https:\/\/www.edder.org\/?cat=3"},"img":{"alt_text":"","src":"","width":0,"height":0},"classes":[]},{"id":400,"url":"https:\/\/www.edder.org\/?p=400","url_meta":{"origin":333,"position":1},"title":"La cr\u00edtica de arte","author":"Eder","date":"viernes, 29 May, 2009","format":false,"excerpt":"","rel":"","context":"En \u00abNA\u00bb","block_context":{"text":"NA","link":"https:\/\/www.edder.org\/?cat=3"},"img":{"alt_text":"dn","src":"https:\/\/i0.wp.com\/www.edder.org\/images\/beuys.jpg?resize=350%2C200","width":350,"height":200,"srcset":"https:\/\/i0.wp.com\/www.edder.org\/images\/beuys.jpg?resize=350%2C200 1x, https:\/\/i0.wp.com\/www.edder.org\/images\/beuys.jpg?resize=525%2C300 1.5x, https:\/\/i0.wp.com\/www.edder.org\/images\/beuys.jpg?resize=700%2C400 2x"},"classes":[]},{"id":151,"url":"https:\/\/www.edder.org\/?p=151","url_meta":{"origin":333,"position":2},"title":"Distancia","author":"Eder","date":"viernes, 23 May, 2008","format":false,"excerpt":"Dir\u00edase que sinceramente abrumado por el descubrimiento, el consejero de Educaci\u00f3n, en la firma de un convenio divulgativo junto a la presidenta del Parlamento, declaraba el pasado mi\u00e9rcoles que \u201ces sorprendente el desconocimiento y la lejan\u00eda que hay entre los escolares con respecto a las instituciones navarras\u201d. El susto que\u2026","rel":"","context":"En \u00abNA\u00bb","block_context":{"text":"NA","link":"https:\/\/www.edder.org\/?cat=3"},"img":{"alt_text":"","src":"","width":0,"height":0},"classes":[]},{"id":39368,"url":"https:\/\/www.edder.org\/?p=39368","url_meta":{"origin":333,"position":3},"title":"Una mirada retrospectiva a Chaplin, por Walter Benjamin","author":"Eder","date":"martes, 1 Dic, 2020","format":false,"excerpt":"","rel":"","context":"En \u00abCine\u00bb","block_context":{"text":"Cine","link":"https:\/\/www.edder.org\/?cat=79"},"img":{"alt_text":"","src":"https:\/\/i0.wp.com\/www.edder.org\/upload\/2020\/12\/benjamin_chaplin.jpg?resize=350%2C200&ssl=1","width":350,"height":200,"srcset":"https:\/\/i0.wp.com\/www.edder.org\/upload\/2020\/12\/benjamin_chaplin.jpg?resize=350%2C200&ssl=1 1x, https:\/\/i0.wp.com\/www.edder.org\/upload\/2020\/12\/benjamin_chaplin.jpg?resize=525%2C300&ssl=1 1.5x, https:\/\/i0.wp.com\/www.edder.org\/upload\/2020\/12\/benjamin_chaplin.jpg?resize=700%2C400&ssl=1 2x"},"classes":[]},{"id":1250,"url":"https:\/\/www.edder.org\/?p=1250","url_meta":{"origin":333,"position":4},"title":"Con quien tanto quer\u00eda","author":"Eder","date":"viernes, 19 Nov, 2010","format":false,"excerpt":"","rel":"","context":"En \u00abLetras\u00bb","block_context":{"text":"Letras","link":"https:\/\/www.edder.org\/?cat=93"},"img":{"alt_text":"","src":"","width":0,"height":0},"classes":[]},{"id":210,"url":"https:\/\/www.edder.org\/?p=210","url_meta":{"origin":333,"position":5},"title":"Lo que cuesta una imagen","author":"Eder","date":"viernes, 12 Dic, 2008","format":false,"excerpt":"Barcina: entre pitos y flautas \u2013entre tambores y trompetas\u2013, alrededor de dos millones de presupuesto municipal en eso que ahora se llama imagen y antes \u2013antes de Goebbels y Riefenstahl\u2013 se llamaba propaganda. No s\u00e9 por qu\u00e9 hay quien considera a Riefenstahl una gran maestra del cine. El cine es\u2026","rel":"","context":"En \u00abNA\u00bb","block_context":{"text":"NA","link":"https:\/\/www.edder.org\/?cat=3"},"img":{"alt_text":"","src":"","width":0,"height":0},"classes":[]}],"jetpack_likes_enabled":true,"_links":{"self":[{"href":"https:\/\/www.edder.org\/index.php?rest_route=\/wp\/v2\/posts\/333","targetHints":{"allow":["GET"]}}],"collection":[{"href":"https:\/\/www.edder.org\/index.php?rest_route=\/wp\/v2\/posts"}],"about":[{"href":"https:\/\/www.edder.org\/index.php?rest_route=\/wp\/v2\/types\/post"}],"author":[{"embeddable":true,"href":"https:\/\/www.edder.org\/index.php?rest_route=\/wp\/v2\/users\/82"}],"replies":[{"embeddable":true,"href":"https:\/\/www.edder.org\/index.php?rest_route=%2Fwp%2Fv2%2Fcomments&post=333"}],"version-history":[{"count":0,"href":"https:\/\/www.edder.org\/index.php?rest_route=\/wp\/v2\/posts\/333\/revisions"}],"wp:attachment":[{"href":"https:\/\/www.edder.org\/index.php?rest_route=%2Fwp%2Fv2%2Fmedia&parent=333"}],"wp:term":[{"taxonomy":"category","embeddable":true,"href":"https:\/\/www.edder.org\/index.php?rest_route=%2Fwp%2Fv2%2Fcategories&post=333"},{"taxonomy":"post_tag","embeddable":true,"href":"https:\/\/www.edder.org\/index.php?rest_route=%2Fwp%2Fv2%2Ftags&post=333"}],"curies":[{"name":"wp","href":"https:\/\/api.w.org\/{rel}","templated":true}]}}