{"id":330,"date":"2009-03-27T16:04:28","date_gmt":"2009-03-27T15:04:28","guid":{"rendered":"https:\/\/www.edder.org\/?p=330"},"modified":"2018-08-21T17:25:31","modified_gmt":"2018-08-21T15:25:31","slug":"el-arte-entre-los-doctores","status":"publish","type":"post","link":"https:\/\/www.edder.org\/?p=330","title":{"rendered":"El arte entre los doctores"},"content":{"rendered":"<p>Soy uno de los exc&eacute;ntricos que el otro mi&eacute;rcoles tir&oacute; la tarde por la ventana con la lectura del Plan Global de Fomento y Desarrollo del Arte Contempor&aacute;neo en Navarra, plan en dos quinquenios que el consejero del ramo solt&oacute; en el Parlamento sin que nadie rechistara &ndash;nadie, nadie, que enfrente no hay nadie&ndash;. Como el Plan Global insiste en la importancia de conferencias y publicaciones, me acord&eacute; del difunto Oteiza, que en su tumba se revuelva. &ldquo;&iexcl;Esto no es un libro! &iexcl;Esto es un sarc&oacute;fago!&rdquo;, exclam&oacute; una vez Oteiza, agitando un tocho de esos. La de sarc&oacute;fagos, catafalcos y relucientes ata&uacute;des que han editado las administraciones en los &uacute;ltimos quinquenios, en nombre del arte contempor&aacute;neo, si no en el del mismo Oteiza. Y con qu&eacute; de notas a pie de tumba. Cu&aacute;n sopor&iacute;fero aparato, mal llamado cr&iacute;tico. Es el arte &ndash;viviseccionado, momificado&ndash; entre los doctores. Los propios sepultureros &ndash;por seguir con la terminolog&iacute;a oteiziana&ndash; del Plan Global reconocen que el sopor les puede cuando se ponen a especular sobre el ser o no ser del arte contempor&aacute;neo. Ah, pero qu&eacute; entusiasmo se apodera de ellos cuando el Plan llega adonde ten&iacute;a que llegar: a la ampliaci&oacute;n de mausoleos ya existentes o la proyecci&oacute;n de nuevas catacumbas. Cuidado con las carteras, porque el Plan Global tiene un peligro de que Mangado aparezca por ah&iacute; que para qu&eacute;. En esencia, el Plan, aparte de proyectar la carambola urban&iacute;stica que la gran Barcina esperaba &ndash;con la ampliaci&oacute;n del actual Mausoleo de Navarra, abriendo espacio sepulcral a algunas glorias vivas&ndash;, deja expresamente abierta la posibilidad de que Mangado &ndash;qui&eacute;n mejor que &eacute;l&ndash; tire un t&uacute;nel &ndash;si no la propia muralla&ndash; desde la Ciudadela hasta las catacumbas de su exhibicionista, mastod&oacute;ntico, f&uacute;nebre y emblem&aacute;tico Baluarte. Un camarada comisario, docto en gestiones, va de suyo que afecto a los grandes planificadores, supervisar&aacute; la marcha del plan doblemente quinquenal. Malas noticias para la vitalidad: la art&iacute;stica y la de nuestras carteras.<\/p>\n<p align=\"right\">Publicado en <a href=\"http:\/\/www.noticiasdenavarra.com\/ediciones\/2009\/03\/27\/opinion\/contra.php\" target=\"blank\">Diario de Noticias<\/a><img class=\"lazyload\" decoding=\"async\" align=\"right\" alt=\"dn\" src=\"data:image\/gif;base64,R0lGODlhAQABAAAAACH5BAEKAAEALAAAAAABAAEAAAICTAEAOw==\" data-orig-src=\"https:\/\/www.edder.org\/images\/dn.gif\" title=\"dn\" \/><\/p>\n","protected":false},"excerpt":{"rendered":"<p>Soy uno de los exc&eacute;ntricos que el otro mi&eacute;rcoles tir&oacute; la tarde por la ventana con la lectura del Plan Global de Fomento y Desarrollo del Arte Contempor&aacute;neo en Navarra, plan en dos quinquenios que el consejero del ramo solt&oacute; en el Parlamento sin que nadie rechistara &ndash;nadie, nadie, que enfrente no hay nadie&ndash;. Como el Plan Global insiste en la importancia de conferencias y publicaciones, me acord&eacute; del difunto Oteiza, que en su tumba se revuelva. &ldquo;&iexcl;Esto no es un libro! &iexcl;Esto es un sarc&oacute;fago!&rdquo;, exclam&oacute; una vez Oteiza, agitando un tocho de esos. La de sarc&oacute;fagos, catafalcos y relucientes ata&uacute;des que han editado las administraciones en los &uacute;ltimos quinquenios, en nombre del arte contempor&aacute;neo, si no en el del mismo Oteiza. Y con qu&eacute; de  [&#8230;]<\/p>\n","protected":false},"author":82,"featured_media":0,"comment_status":"open","ping_status":"open","sticky":false,"template":"","format":"standard","meta":{"jetpack_post_was_ever_published":false,"_jetpack_newsletter_access":"","_jetpack_dont_email_post_to_subs":false,"_jetpack_newsletter_tier_id":0,"_jetpack_memberships_contains_paywalled_content":false,"_jetpack_memberships_contains_paid_content":false,"footnotes":"","jetpack_publicize_message":"","jetpack_publicize_feature_enabled":true,"jetpack_social_post_already_shared":false,"jetpack_social_options":{"image_generator_settings":{"template":"highway","default_image_id":0,"font":"","enabled":false},"version":2}},"categories":[3],"tags":[],"class_list":["post-330","post","type-post","status-publish","format-standard","hentry","category-na"],"jetpack_publicize_connections":[],"jetpack_featured_media_url":"","jetpack_shortlink":"https:\/\/wp.me\/p6kHv-5k","jetpack_sharing_enabled":true,"jetpack-related-posts":[{"id":12752,"url":"https:\/\/www.edder.org\/?p=12752","url_meta":{"origin":330,"position":0},"title":"Dirigido por Oteiza: el d\u00eda que Odiseo lleg\u00f3 a Pamplona","author":"Eder","date":"martes, 16 Feb, 2016","format":false,"excerpt":"","rel":"","context":"En \u00abArtes\u00bb","block_context":{"text":"Artes","link":"https:\/\/www.edder.org\/?cat=85"},"img":{"alt_text":"","src":"https:\/\/i0.wp.com\/www.edder.org\/upload\/2016\/02\/vlcsnap-2016-02-16-20h30m30s4.png?resize=350%2C200&ssl=1","width":350,"height":200},"classes":[]},{"id":1180,"url":"https:\/\/www.edder.org\/?p=1180","url_meta":{"origin":330,"position":1},"title":"Pensadores urbanos","author":"Eder","date":"jueves, 4 Nov, 2010","format":false,"excerpt":"","rel":"","context":"En \u00abArtes\u00bb","block_context":{"text":"Artes","link":"https:\/\/www.edder.org\/?cat=85"},"img":{"alt_text":"","src":"","width":0,"height":0},"classes":[]},{"id":1175,"url":"https:\/\/www.edder.org\/?p=1175","url_meta":{"origin":330,"position":2},"title":"Entre la muerte y el entierro, por J. Oteiza","author":"Eder","date":"s\u00e1bado, 30 Oct, 2010","format":false,"excerpt":"","rel":"","context":"En \u00abArtes\u00bb","block_context":{"text":"Artes","link":"https:\/\/www.edder.org\/?cat=85"},"img":{"alt_text":"","src":"","width":0,"height":0},"classes":[]},{"id":107,"url":"https:\/\/www.edder.org\/?p=107","url_meta":{"origin":330,"position":3},"title":"Jorge Oteiza. El hombre de Lascaux","author":"Eder","date":"viernes, 24 Ago, 2007","format":false,"excerpt":"","rel":"","context":"En \u00abArtes\u00bb","block_context":{"text":"Artes","link":"https:\/\/www.edder.org\/?cat=85"},"img":{"alt_text":"","src":"https:\/\/i0.wp.com\/www.edder.org\/upload\/2007\/08\/oteiza_lascaux.png?resize=350%2C200&ssl=1","width":350,"height":200,"srcset":"https:\/\/i0.wp.com\/www.edder.org\/upload\/2007\/08\/oteiza_lascaux.png?resize=350%2C200&ssl=1 1x, https:\/\/i0.wp.com\/www.edder.org\/upload\/2007\/08\/oteiza_lascaux.png?resize=525%2C300&ssl=1 1.5x, https:\/\/i0.wp.com\/www.edder.org\/upload\/2007\/08\/oteiza_lascaux.png?resize=700%2C400&ssl=1 2x, https:\/\/i0.wp.com\/www.edder.org\/upload\/2007\/08\/oteiza_lascaux.png?resize=1050%2C600&ssl=1 3x"},"classes":[]},{"id":4092,"url":"https:\/\/www.edder.org\/?p=4092","url_meta":{"origin":330,"position":4},"title":"Oteiza en la llamada Universidad de Navarra","author":"Eder","date":"viernes, 23 Ene, 2015","format":false,"excerpt":"\u00a0 Seguro que ironiza \u2013m\u00e1s iron\u00edas con el Opus de por medio\u2013 quien hoy escribe en Diario de Noticias: \u00abSi hubiera vivido doce a\u00f1os m\u00e1s, el gran artista Jorge Oteiza hubiera tenido ayer varias razones para estar contento. La primera, que el reci\u00e9n estrenado Museo de la Universidad de Navarra\u2026","rel":"","context":"En \u00abArtes\u00bb","block_context":{"text":"Artes","link":"https:\/\/www.edder.org\/?cat=85"},"img":{"alt_text":"","src":"","width":0,"height":0},"classes":[]},{"id":12739,"url":"https:\/\/www.edder.org\/?p=12739","url_meta":{"origin":330,"position":5},"title":"Oteiza: filolog\u00eda fant\u00e1stica","author":"Eder","date":"mi\u00e9rcoles, 10 Feb, 2016","format":false,"excerpt":"Oteiza: filolog\u00eda fant\u00e1stica. Laberinto y minotauro.","rel":"","context":"En \u00abArtes\u00bb","block_context":{"text":"Artes","link":"https:\/\/www.edder.org\/?cat=85"},"img":{"alt_text":"","src":"https:\/\/i0.wp.com\/www.edder.org\/upload\/2016\/02\/Teseo.jpg?resize=350%2C200&ssl=1","width":350,"height":200},"classes":[]}],"jetpack_likes_enabled":true,"_links":{"self":[{"href":"https:\/\/www.edder.org\/index.php?rest_route=\/wp\/v2\/posts\/330","targetHints":{"allow":["GET"]}}],"collection":[{"href":"https:\/\/www.edder.org\/index.php?rest_route=\/wp\/v2\/posts"}],"about":[{"href":"https:\/\/www.edder.org\/index.php?rest_route=\/wp\/v2\/types\/post"}],"author":[{"embeddable":true,"href":"https:\/\/www.edder.org\/index.php?rest_route=\/wp\/v2\/users\/82"}],"replies":[{"embeddable":true,"href":"https:\/\/www.edder.org\/index.php?rest_route=%2Fwp%2Fv2%2Fcomments&post=330"}],"version-history":[{"count":0,"href":"https:\/\/www.edder.org\/index.php?rest_route=\/wp\/v2\/posts\/330\/revisions"}],"wp:attachment":[{"href":"https:\/\/www.edder.org\/index.php?rest_route=%2Fwp%2Fv2%2Fmedia&parent=330"}],"wp:term":[{"taxonomy":"category","embeddable":true,"href":"https:\/\/www.edder.org\/index.php?rest_route=%2Fwp%2Fv2%2Fcategories&post=330"},{"taxonomy":"post_tag","embeddable":true,"href":"https:\/\/www.edder.org\/index.php?rest_route=%2Fwp%2Fv2%2Ftags&post=330"}],"curies":[{"name":"wp","href":"https:\/\/api.w.org\/{rel}","templated":true}]}}