{"id":3284,"date":"2013-11-18T20:25:19","date_gmt":"2013-11-18T19:25:19","guid":{"rendered":"https:\/\/www.edder.org\/?p=3284"},"modified":"2013-11-18T20:25:53","modified_gmt":"2013-11-18T19:25:53","slug":"el-silencio-%e2%80%93que-no-la-ausencia%e2%80%93-de-pasolini","status":"publish","type":"post","link":"https:\/\/www.edder.org\/?p=3284","title":{"rendered":"El silencio \u2013que no la ausencia\u2013 de Pasolini"},"content":{"rendered":"<p>Pasolini silencioso:<\/p>\n<p style=\"text-align: center;\"><div class=\"video-shortcode\"><iframe title=\"El silencio de Pasolini\" width=\"1200\" height=\"900\" src=\"https:\/\/www.youtube.com\/embed\/bYdinjcUrCo?feature=oembed\" frameborder=\"0\" allow=\"accelerometer; autoplay; clipboard-write; encrypted-media; gyroscope; picture-in-picture; web-share\" allowfullscreen><\/iframe><\/div><\/p>\n<p style=\"text-align: center;\">&nbsp;<\/p>\n","protected":false},"excerpt":{"rendered":"<p>Pasolini silencioso: &nbsp;<\/p>\n","protected":false},"author":82,"featured_media":0,"comment_status":"open","ping_status":"open","sticky":false,"template":"","format":"standard","meta":{"jetpack_post_was_ever_published":false,"_jetpack_newsletter_access":"","_jetpack_dont_email_post_to_subs":false,"_jetpack_newsletter_tier_id":0,"_jetpack_memberships_contains_paywalled_content":false,"_jetpack_memberships_contains_paid_content":false,"footnotes":"","jetpack_publicize_message":"","jetpack_publicize_feature_enabled":true,"jetpack_social_post_already_shared":false,"jetpack_social_options":{"image_generator_settings":{"template":"highway","default_image_id":0,"font":"","enabled":false},"version":2}},"categories":[85,79,93,1],"tags":[176],"class_list":["post-3284","post","type-post","status-publish","format-standard","hentry","category-artes","category-cine","category-letras","category-sin-categorizar","tag-pasolini"],"jetpack_publicize_connections":[],"jetpack_featured_media_url":"","jetpack_shortlink":"https:\/\/wp.me\/p6kHv-QY","jetpack_sharing_enabled":true,"jetpack-related-posts":[{"id":15311,"url":"https:\/\/www.edder.org\/?p=15311","url_meta":{"origin":3284,"position":0},"title":"El barbero de Pasolini","author":"Eder","date":"s\u00e1bado, 17 Ago, 2019","format":false,"excerpt":"El barbero de Pasolini o en la tumba de Pier Paolo Pasolini en Casarsa (Friuli-Venezia Giulia) con su barbero. Im\u00e1genes y di\u00e1logo: Sebastiano Adern\u00f2. \u00a0","rel":"","context":"En \u00abCine\u00bb","block_context":{"text":"Cine","link":"https:\/\/www.edder.org\/?cat=79"},"img":{"alt_text":"","src":"https:\/\/i0.wp.com\/www.edder.org\/upload\/2019\/08\/pasolini.jpg?resize=350%2C200&ssl=1","width":350,"height":200,"srcset":"https:\/\/i0.wp.com\/www.edder.org\/upload\/2019\/08\/pasolini.jpg?resize=350%2C200&ssl=1 1x, https:\/\/i0.wp.com\/www.edder.org\/upload\/2019\/08\/pasolini.jpg?resize=525%2C300&ssl=1 1.5x"},"classes":[]},{"id":3324,"url":"https:\/\/www.edder.org\/?p=3324","url_meta":{"origin":3284,"position":1},"title":"P.P.P.P. (Polaroid de Pier Paolo Pasolini)","author":"Eder","date":"martes, 10 Dic, 2013","format":false,"excerpt":"Polaroid de Pier Paolo Pasolini:","rel":"","context":"En \u00abCine\u00bb","block_context":{"text":"Cine","link":"https:\/\/www.edder.org\/?cat=79"},"img":{"alt_text":"","src":"https:\/\/i0.wp.com\/edder.org\/images\/polaroid_pasolini.jpg?resize=350%2C200","width":350,"height":200},"classes":[]},{"id":3540,"url":"https:\/\/www.edder.org\/?p=3540","url_meta":{"origin":3284,"position":2},"title":"Pasolini: j&#8217;accuse&#8230;","author":"Eder","date":"s\u00e1bado, 1 Feb, 2014","format":false,"excerpt":"Pasolini acusa:","rel":"","context":"En \u00abArtes\u00bb","block_context":{"text":"Artes","link":"https:\/\/www.edder.org\/?cat=85"},"img":{"alt_text":"","src":"https:\/\/i0.wp.com\/edder.org\/images\/luteranas.jpg?resize=350%2C200","width":350,"height":200},"classes":[]},{"id":3980,"url":"https:\/\/www.edder.org\/?p=3980","url_meta":{"origin":3284,"position":3},"title":"Pasolini non finito (Pasolini par Ferrara)","author":"Eder","date":"martes, 23 Dic, 2014","format":false,"excerpt":"\u00a0 \u00a0 \u00a0","rel":"","context":"En \u00abArtes\u00bb","block_context":{"text":"Artes","link":"https:\/\/www.edder.org\/?cat=85"},"img":{"alt_text":"","src":"https:\/\/i0.wp.com\/edder.org\/images\/Pasolini\/Pasolini.jpg?resize=350%2C200","width":350,"height":200,"srcset":"https:\/\/i0.wp.com\/edder.org\/images\/Pasolini\/Pasolini.jpg?resize=350%2C200 1x, https:\/\/i0.wp.com\/edder.org\/images\/Pasolini\/Pasolini.jpg?resize=525%2C300 1.5x, https:\/\/i0.wp.com\/edder.org\/images\/Pasolini\/Pasolini.jpg?resize=700%2C400 2x, https:\/\/i0.wp.com\/edder.org\/images\/Pasolini\/Pasolini.jpg?resize=1050%2C600 3x"},"classes":[]},{"id":3271,"url":"https:\/\/www.edder.org\/?p=3271","url_meta":{"origin":3284,"position":4},"title":"Pasolini non finito","author":"Eder","date":"viernes, 15 Nov, 2013","format":false,"excerpt":"Pasolini non finito:","rel":"","context":"En \u00abCine\u00bb","block_context":{"text":"Cine","link":"https:\/\/www.edder.org\/?cat=79"},"img":{"alt_text":"","src":"","width":0,"height":0},"classes":[]},{"id":3295,"url":"https:\/\/www.edder.org\/?p=3295","url_meta":{"origin":3284,"position":5},"title":"Che cosa sar\u00e0 il nuovo Pasolini evangelico","author":"Eder","date":"viernes, 22 Nov, 2013","format":false,"excerpt":"Che cosa sar\u00e0 il nuovo Pasolini evangelico","rel":"","context":"En \u00abArtes\u00bb","block_context":{"text":"Artes","link":"https:\/\/www.edder.org\/?cat=85"},"img":{"alt_text":"","src":"","width":0,"height":0},"classes":[]}],"jetpack_likes_enabled":true,"_links":{"self":[{"href":"https:\/\/www.edder.org\/index.php?rest_route=\/wp\/v2\/posts\/3284","targetHints":{"allow":["GET"]}}],"collection":[{"href":"https:\/\/www.edder.org\/index.php?rest_route=\/wp\/v2\/posts"}],"about":[{"href":"https:\/\/www.edder.org\/index.php?rest_route=\/wp\/v2\/types\/post"}],"author":[{"embeddable":true,"href":"https:\/\/www.edder.org\/index.php?rest_route=\/wp\/v2\/users\/82"}],"replies":[{"embeddable":true,"href":"https:\/\/www.edder.org\/index.php?rest_route=%2Fwp%2Fv2%2Fcomments&post=3284"}],"version-history":[{"count":0,"href":"https:\/\/www.edder.org\/index.php?rest_route=\/wp\/v2\/posts\/3284\/revisions"}],"wp:attachment":[{"href":"https:\/\/www.edder.org\/index.php?rest_route=%2Fwp%2Fv2%2Fmedia&parent=3284"}],"wp:term":[{"taxonomy":"category","embeddable":true,"href":"https:\/\/www.edder.org\/index.php?rest_route=%2Fwp%2Fv2%2Fcategories&post=3284"},{"taxonomy":"post_tag","embeddable":true,"href":"https:\/\/www.edder.org\/index.php?rest_route=%2Fwp%2Fv2%2Ftags&post=3284"}],"curies":[{"name":"wp","href":"https:\/\/api.w.org\/{rel}","templated":true}]}}