{"id":327,"date":"2009-03-20T11:36:57","date_gmt":"2009-03-20T10:36:57","guid":{"rendered":"https:\/\/www.edder.org\/?p=327"},"modified":"2018-08-21T17:03:09","modified_gmt":"2018-08-21T15:03:09","slug":"alcanfor","status":"publish","type":"post","link":"https:\/\/www.edder.org\/?p=327","title":{"rendered":"Alcanfor"},"content":{"rendered":"<p>Trepidante actividad cultural en la <em>arena<\/em> &ndash;pron&uacute;nciese &lsquo;harina&rsquo;&ndash; del <em>Reyno<\/em>. Trepidante actividad cultural ante la inminencia de la Semana Santa y con el 2016 a la vuelta de la esquina. Javieradas aparte, trepidante actividad cultural en el <em>reyno viejo<\/em>; reino que, como dijera Pem&aacute;n &ndash;el poeta del R&eacute;gimen que por aquellos nacionalcat&oacute;licos a&ntilde;os fuera a Javier para teorizar ante las masas populares sobre javieradas, encierros y dem&aacute;s esencias de la navarridad&ndash;, ha tenido la hist&oacute;rica misi&oacute;n de ser el &ldquo;alcanfor de Espa&ntilde;a&rdquo;. Trepidante actividad cultural en el <em>reyno<\/em> por la que se anuncia una procesi&oacute;n a&ntilde;adida -una m&aacute;s&ndash; en Semana Santa. &ldquo;Otra procesi&oacute;n m&aacute;s&rdquo;, que dijera Baroja: el Baroja al que el Gobierno de Navarra iba a homenajear con sucesivos congresos mundiales, suspendidos todos ellos al fallarle al presidente Sanz las fotos de mucho lucimiento que pensaba hacerse en tan altas cumbres barojianas. Otra procesi&oacute;n m&aacute;s y nuevos actos o autos sacramentales &ndash;hasta hay por aqu&iacute; una Asociaci&oacute;n para la Dinamizaci&oacute;n de Autos Sacramentales&ndash; organizados con la colaboraci&oacute;n del Ayuntamiento de Pamplona, que como el de San Sebasti&aacute;n aspira a la capitalidad europea de la cultura en 2016. El Ayuntamiento de San Sebasti&aacute;n acaba de consultar a unas quinientas personas de todos los &aacute;mbitos sociales qu&eacute; hacer para ganar la capitalidad cultural. El de Pamplona, poco dado a ese tipo de consultas, trabaja, ahora que los obispos han puesto de actualidad lo de la protecci&oacute;n de las especies en peligro, en la salvaguarda y difusi&oacute;n de esencias culturales tan propias como el mozorro. Protegidas especies tan en peligro como Wojtila &ndash;papa al que Pamplona dedica una avenida, como en tiempos nacionalcat&oacute;licos: avenida P&iacute;o XII, parque Antoniutti, colegio Cardenal Ilund&aacute;in, etc., etc. etc.&ndash; o Rodezno &ndash;el de plaza, el del golpe militar&ndash;, en este <em>reyno<\/em> trentino donde el antiabortismo goza de especial protecci&oacute;n &ndash;si no de bula o privilegio&ndash;, no iban a quedar desprotegidas especies culturales como el portador de cirios. Especies que puede que no nos granjeen la capitalidad europea de la cultura, pero que ayudan a ir marchando por el camino del <em>reyno<\/em> hacia Dios, como cuando Pem&aacute;n y su alcanfor.<\/p>\n<p align=\"right\">Publicado en <a href=\"http:\/\/www.noticiasdenavarra.com\/ediciones\/2009\/03\/20\/opinion\/contra.php\" target=\"blank\">Diario de Noticias<\/a><img class=\"lazyload\" decoding=\"async\" align=\"right\" alt=\"dn\" src=\"data:image\/gif;base64,R0lGODlhAQABAAAAACH5BAEKAAEALAAAAAABAAEAAAICTAEAOw==\" data-orig-src=\"https:\/\/www.edder.org\/images\/dn.gif\" title=\"dn\" \/><\/p>\n","protected":false},"excerpt":{"rendered":"<p>Trepidante actividad cultural en la arena &ndash;pron&uacute;nciese &lsquo;harina&rsquo;&ndash; del Reyno. Trepidante actividad cultural ante la inminencia de la Semana Santa y con el 2016 a la vuelta de la esquina. Javieradas aparte, trepidante actividad cultural en el reyno viejo; reino que, como dijera Pem&aacute;n &ndash;el poeta del R&eacute;gimen que por aquellos nacionalcat&oacute;licos a&ntilde;os fuera a Javier para teorizar ante las masas populares sobre javieradas, encierros y dem&aacute;s esencias de la navarridad&ndash;, ha tenido la hist&oacute;rica misi&oacute;n de ser el &ldquo;alcanfor de Espa&ntilde;a&rdquo;. Trepidante actividad cultural en el reyno por la que se anuncia una procesi&oacute;n a&ntilde;adida -una m&aacute;s&ndash; en Semana Santa. &ldquo;Otra procesi&oacute;n m&aacute;s&rdquo;, que dijera Baroja: el Baroja al que el Gobierno de Navarra iba a homenajear con sucesivos congresos mundiales, suspendidos todos ellos al fallarle  [&#8230;]<\/p>\n","protected":false},"author":82,"featured_media":0,"comment_status":"open","ping_status":"open","sticky":false,"template":"","format":"standard","meta":{"jetpack_post_was_ever_published":false,"_jetpack_newsletter_access":"","_jetpack_dont_email_post_to_subs":false,"_jetpack_newsletter_tier_id":0,"_jetpack_memberships_contains_paywalled_content":false,"_jetpack_memberships_contains_paid_content":false,"footnotes":"","jetpack_publicize_message":"","jetpack_publicize_feature_enabled":true,"jetpack_social_post_already_shared":false,"jetpack_social_options":{"image_generator_settings":{"template":"highway","default_image_id":0,"font":"","enabled":false},"version":2}},"categories":[3],"tags":[43,45,42],"class_list":["post-327","post","type-post","status-publish","format-standard","hentry","category-na","tag-alcanfor","tag-javieradas","tag-peman"],"jetpack_publicize_connections":[],"jetpack_featured_media_url":"","jetpack_shortlink":"https:\/\/wp.me\/s6kHv-alcanfor","jetpack_sharing_enabled":true,"jetpack-related-posts":[{"id":519,"url":"https:\/\/www.edder.org\/?p=519","url_meta":{"origin":327,"position":0},"title":"Yolanda y \u00abyo, Landa\u00bb","author":"Eder","date":"viernes, 20 Nov, 2009","format":false,"excerpt":"Yolanda, todo junto, y \u201cyo, Landa\u201d, por separado, no como Melinda y Melinda. Por un lado, Yolanda: esa se\u00f1ora que conjuga tradici\u00f3n y modernidad al vindicar la reacci\u00f3n integrista de los Rodezno y al ejecutar las m\u00e1s modernas obras de arquitectura, como el inminente Museo de los Sanfermines. Por otro\u2026","rel":"","context":"En \u00abNA\u00bb","block_context":{"text":"NA","link":"https:\/\/www.edder.org\/?cat=3"},"img":{"alt_text":"","src":"","width":0,"height":0},"classes":[]},{"id":68,"url":"https:\/\/www.edder.org\/?p=68","url_meta":{"origin":327,"position":1},"title":"Frenes\u00ed","author":"Eder","date":"viernes, 27 Oct, 2006","format":false,"excerpt":"Trepidante actividad cultural a lo largo y ancho de toda la semana. Mediada esa unidad temporal de siete d\u00edas naturales consecutivos, el arriba firmante reconoce haber perdido la cuenta de la ingente cantidad de estrenos, inauguraciones y puestas de largo habidas durante lo que va de semana en el Reyno\u2026","rel":"","context":"En \u00abNA\u00bb","block_context":{"text":"NA","link":"https:\/\/www.edder.org\/?cat=3"},"img":{"alt_text":"","src":"","width":0,"height":0},"classes":[]},{"id":64,"url":"https:\/\/www.edder.org\/?p=64","url_meta":{"origin":327,"position":2},"title":"Alcanfor de Espa\u00f1a","author":"Eder","date":"viernes, 29 Sep, 2006","format":false,"excerpt":"Lo dijo Pem\u00e1n. Lo dijo aquel escritor de quinta que seg\u00fan sus propios admiradores bordaba filigranas de primera en la tercera del ABC. Lo dijo aquel profesional del senequismo tabernario por los a\u00f1os triunfales del nacionalcatolicismo, all\u00e1 por la segunda venida del Divino impaciente. Entonces fue cuando Pem\u00e1n dijo lo\u2026","rel":"","context":"En \u00abNA\u00bb","block_context":{"text":"NA","link":"https:\/\/www.edder.org\/?cat=3"},"img":{"alt_text":"","src":"","width":0,"height":0},"classes":[]},{"id":12800,"url":"https:\/\/www.edder.org\/?p=12800","url_meta":{"origin":327,"position":3},"title":"Berlanga y las Javieradas: el nacionalcatolicismo que no cesa","author":"Eder","date":"domingo, 6 Mar, 2016","format":false,"excerpt":"Berlanga:","rel":"","context":"En \u00abNA\u00bb","block_context":{"text":"NA","link":"https:\/\/www.edder.org\/?cat=3"},"img":{"alt_text":"","src":"","width":0,"height":0},"classes":[]},{"id":529,"url":"https:\/\/www.edder.org\/?p=529","url_meta":{"origin":327,"position":4},"title":"Navarra en el Plan Divino","author":"Eder","date":"viernes, 11 Dic, 2009","format":false,"excerpt":"\u00c9ramos pocos, no \u00e9ramos m\u00e1s que los del sistema sanitario navarro, con el batall\u00f3n de m\u00e9dicos acogidos a la objeci\u00f3n de conciencia, derecho pendiente de regulaci\u00f3n legal en Espa\u00f1a, pero muy vigente por la v\u00eda de los hechos consumados en Navarra\u2026 No \u00e9ramos, digo, m\u00e1s que los del sistema sanitario\u2026","rel":"","context":"En \u00abNA\u00bb","block_context":{"text":"NA","link":"https:\/\/www.edder.org\/?cat=3"},"img":{"alt_text":"","src":"","width":0,"height":0},"classes":[]},{"id":14066,"url":"https:\/\/www.edder.org\/?p=14066","url_meta":{"origin":327,"position":5},"title":"El Gobierno (este y el otro) en procesi\u00f3n","author":"Eder","date":"mi\u00e9rcoles, 11 Abr, 2018","format":false,"excerpt":"Por lo que se ve en la foto facilitada este mediod\u00eda por el Gobierno de Navarra, este a\u00f1o (2018), como el pasado y el anterior, el Ejecutivo foral no solo ha recibido\u00a0en la puerta de la sede\u00a0 gubernamental al clero que todos los a\u00f1os por estas tradicionales fecha le visita\u2026","rel":"","context":"En \u00abNA\u00bb","block_context":{"text":"NA","link":"https:\/\/www.edder.org\/?cat=3"},"img":{"alt_text":"","src":"https:\/\/i0.wp.com\/www.edder.org\/upload\/2018\/04\/totem2.jpg?resize=350%2C200&ssl=1","width":350,"height":200},"classes":[]}],"jetpack_likes_enabled":true,"_links":{"self":[{"href":"https:\/\/www.edder.org\/index.php?rest_route=\/wp\/v2\/posts\/327","targetHints":{"allow":["GET"]}}],"collection":[{"href":"https:\/\/www.edder.org\/index.php?rest_route=\/wp\/v2\/posts"}],"about":[{"href":"https:\/\/www.edder.org\/index.php?rest_route=\/wp\/v2\/types\/post"}],"author":[{"embeddable":true,"href":"https:\/\/www.edder.org\/index.php?rest_route=\/wp\/v2\/users\/82"}],"replies":[{"embeddable":true,"href":"https:\/\/www.edder.org\/index.php?rest_route=%2Fwp%2Fv2%2Fcomments&post=327"}],"version-history":[{"count":0,"href":"https:\/\/www.edder.org\/index.php?rest_route=\/wp\/v2\/posts\/327\/revisions"}],"wp:attachment":[{"href":"https:\/\/www.edder.org\/index.php?rest_route=%2Fwp%2Fv2%2Fmedia&parent=327"}],"wp:term":[{"taxonomy":"category","embeddable":true,"href":"https:\/\/www.edder.org\/index.php?rest_route=%2Fwp%2Fv2%2Fcategories&post=327"},{"taxonomy":"post_tag","embeddable":true,"href":"https:\/\/www.edder.org\/index.php?rest_route=%2Fwp%2Fv2%2Ftags&post=327"}],"curies":[{"name":"wp","href":"https:\/\/api.w.org\/{rel}","templated":true}]}}