{"id":3213,"date":"2013-10-10T23:16:18","date_gmt":"2013-10-10T22:16:18","guid":{"rendered":"https:\/\/www.edder.org\/?p=3213"},"modified":"2013-10-10T23:16:18","modified_gmt":"2013-10-10T22:16:18","slug":"invasion-y-desembarco","status":"publish","type":"post","link":"https:\/\/www.edder.org\/?p=3213","title":{"rendered":"Invasi\u00f3n y desembarco"},"content":{"rendered":"<p>Invasi&oacute;n y desembarco:<\/p>\n<p style=\"text-align: center;\"><div class=\"video-shortcode\"><iframe title=\"Faemino y Cansado, invasi\u00f3n y desembarco\" width=\"1200\" height=\"900\" src=\"https:\/\/www.youtube.com\/embed\/96YLDlHi4kM?feature=oembed\" frameborder=\"0\" allow=\"accelerometer; autoplay; clipboard-write; encrypted-media; gyroscope; picture-in-picture; web-share\" allowfullscreen><\/iframe><\/div><\/p>\n","protected":false},"excerpt":{"rendered":"<p>Invasi&oacute;n y desembarco:<\/p>\n","protected":false},"author":82,"featured_media":0,"comment_status":"open","ping_status":"open","sticky":false,"template":"","format":"standard","meta":{"jetpack_post_was_ever_published":false,"_jetpack_newsletter_access":"","_jetpack_dont_email_post_to_subs":false,"_jetpack_newsletter_tier_id":0,"_jetpack_memberships_contains_paywalled_content":false,"_jetpack_memberships_contains_paid_content":false,"footnotes":"","jetpack_publicize_message":"","jetpack_publicize_feature_enabled":true,"jetpack_social_post_already_shared":false,"jetpack_social_options":{"image_generator_settings":{"template":"highway","default_image_id":0,"font":"","enabled":false},"version":2}},"categories":[3],"tags":[293],"class_list":["post-3213","post","type-post","status-publish","format-standard","hentry","category-na","tag-faemino-y-cansado"],"jetpack_publicize_connections":[],"jetpack_featured_media_url":"","jetpack_shortlink":"https:\/\/wp.me\/p6kHv-PP","jetpack_sharing_enabled":true,"jetpack-related-posts":[{"id":3711,"url":"https:\/\/www.edder.org\/?p=3711","url_meta":{"origin":3213,"position":0},"title":"Mi noche con los Sex Pistols","author":"Eder","date":"jueves, 29 May, 2014","format":false,"excerpt":"\u00a1Qu\u00e9 noche la de aquel d\u00eda!","rel":"","context":"En \u00abSin categorizar\u00bb","block_context":{"text":"Sin categorizar","link":"https:\/\/www.edder.org\/?cat=1"},"img":{"alt_text":"","src":"https:\/\/i0.wp.com\/www.edder.org\/upload\/2014\/05\/Screen-Shot-2015-08-09-at-22.47.23.png?resize=350%2C200&ssl=1","width":350,"height":200,"srcset":"https:\/\/i0.wp.com\/www.edder.org\/upload\/2014\/05\/Screen-Shot-2015-08-09-at-22.47.23.png?resize=350%2C200&ssl=1 1x, https:\/\/i0.wp.com\/www.edder.org\/upload\/2014\/05\/Screen-Shot-2015-08-09-at-22.47.23.png?resize=525%2C300&ssl=1 1.5x"},"classes":[]},{"id":12475,"url":"https:\/\/www.edder.org\/?p=12475","url_meta":{"origin":3213,"position":1},"title":"Barcina y ol\u00e9 (el Yoli Style)","author":"Eder","date":"mi\u00e9rcoles, 14 Oct, 2015","format":false,"excerpt":"Probablemente, la persona con menos verg\u00fcenza de la historia navarra del siglo XXI y parte del XX (desde que se apropi\u00f3 de los desvanes de su edificio para hacer un \u00e1tico de lujo al desembarco en Moviestar +, pasando por las dietas de la CAN luego trasmutadas en complemento gubernamental).\u2026","rel":"","context":"En \u00abSin categorizar\u00bb","block_context":{"text":"Sin categorizar","link":"https:\/\/www.edder.org\/?cat=1"},"img":{"alt_text":"","src":"https:\/\/i0.wp.com\/edder.org\/images\/Barcina\/barcina_shameless2.jpg?resize=350%2C200","width":350,"height":200,"srcset":"https:\/\/i0.wp.com\/edder.org\/images\/Barcina\/barcina_shameless2.jpg?resize=350%2C200 1x, https:\/\/i0.wp.com\/edder.org\/images\/Barcina\/barcina_shameless2.jpg?resize=525%2C300 1.5x, https:\/\/i0.wp.com\/edder.org\/images\/Barcina\/barcina_shameless2.jpg?resize=700%2C400 2x"},"classes":[]},{"id":2154,"url":"https:\/\/www.edder.org\/?p=2154","url_meta":{"origin":3213,"position":2},"title":"La lluvia al caer","author":"Eder","date":"s\u00e1bado, 22 Oct, 2011","format":false,"excerpt":"","rel":"","context":"En \u00abM\u00fasica\u00bb","block_context":{"text":"M\u00fasica","link":"https:\/\/www.edder.org\/?cat=87"},"img":{"alt_text":"","src":"","width":0,"height":0},"classes":[]},{"id":3557,"url":"https:\/\/www.edder.org\/?p=3557","url_meta":{"origin":3213,"position":3},"title":"En el principio era el \u03bb\u00f3\u03b3\u03bf\u03c2","author":"Eder","date":"s\u00e1bado, 15 Feb, 2014","format":false,"excerpt":"Y \u03bb\u00f3\u03b3\u03bf\u03c2 significa \u2018la palabra\u2019 en cuanto meditada, reflexionada o razonada, es decir: \u2018razonamiento\u2019, \u2018argumentaci\u00f3n\u2019, \u2018habla\u2019 o \u2018discurso\u2019. Tambi\u00e9n puede ser entendido como \u2018inteligencia\u2019, \u2018pensamiento\u2019, \u2018sentido\u2019. Suele ser traducida en lenguas romances como \u2018Verbo\u2019, del lat\u00edn Verbum. Es uno de los tres modos de persuasi\u00f3n en la ret\u00f3rica (junto con\u2026","rel":"","context":"En \u00abCine\u00bb","block_context":{"text":"Cine","link":"https:\/\/www.edder.org\/?cat=79"},"img":{"alt_text":"","src":"","width":0,"height":0},"classes":[]},{"id":1347,"url":"https:\/\/www.edder.org\/?p=1347","url_meta":{"origin":3213,"position":4},"title":"El Yoli Style","author":"Eder","date":"mi\u00e9rcoles, 16 Feb, 2011","format":false,"excerpt":"El Yoli Style: \u00abmoderno, din\u00e1mico, audaz y tambi\u00e9n sanferminero\u00bb\u2026 \u00a0","rel":"","context":"En \u00abNA\u00bb","block_context":{"text":"NA","link":"https:\/\/www.edder.org\/?cat=3"},"img":{"alt_text":"","src":"","width":0,"height":0},"classes":[]},{"id":1067,"url":"https:\/\/www.edder.org\/?p=1067","url_meta":{"origin":3213,"position":5},"title":"Parlez-vous fran\u00e7ais ?","author":"Eder","date":"s\u00e1bado, 12 Mar, 2011","format":false,"excerpt":"Y otro m\u00e1s:","rel":"","context":"En \u00abCine\u00bb","block_context":{"text":"Cine","link":"https:\/\/www.edder.org\/?cat=79"},"img":{"alt_text":"","src":"","width":0,"height":0},"classes":[]}],"jetpack_likes_enabled":true,"_links":{"self":[{"href":"https:\/\/www.edder.org\/index.php?rest_route=\/wp\/v2\/posts\/3213","targetHints":{"allow":["GET"]}}],"collection":[{"href":"https:\/\/www.edder.org\/index.php?rest_route=\/wp\/v2\/posts"}],"about":[{"href":"https:\/\/www.edder.org\/index.php?rest_route=\/wp\/v2\/types\/post"}],"author":[{"embeddable":true,"href":"https:\/\/www.edder.org\/index.php?rest_route=\/wp\/v2\/users\/82"}],"replies":[{"embeddable":true,"href":"https:\/\/www.edder.org\/index.php?rest_route=%2Fwp%2Fv2%2Fcomments&post=3213"}],"version-history":[{"count":0,"href":"https:\/\/www.edder.org\/index.php?rest_route=\/wp\/v2\/posts\/3213\/revisions"}],"wp:attachment":[{"href":"https:\/\/www.edder.org\/index.php?rest_route=%2Fwp%2Fv2%2Fmedia&parent=3213"}],"wp:term":[{"taxonomy":"category","embeddable":true,"href":"https:\/\/www.edder.org\/index.php?rest_route=%2Fwp%2Fv2%2Fcategories&post=3213"},{"taxonomy":"post_tag","embeddable":true,"href":"https:\/\/www.edder.org\/index.php?rest_route=%2Fwp%2Fv2%2Ftags&post=3213"}],"curies":[{"name":"wp","href":"https:\/\/api.w.org\/{rel}","templated":true}]}}