{"id":316,"date":"2011-02-08T10:10:23","date_gmt":"2011-02-08T09:10:23","guid":{"rendered":"https:\/\/www.edder.org\/?p=316"},"modified":"2020-12-02T11:40:26","modified_gmt":"2020-12-02T10:40:26","slug":"rodezno","status":"publish","type":"post","link":"https:\/\/www.edder.org\/?p=316","title":{"rendered":"Rodezno"},"content":{"rendered":"<div class=\"fusion-fullwidth fullwidth-box fusion-builder-row-1 fusion-flex-container nonhundred-percent-fullwidth non-hundred-percent-height-scrolling\" style=\"--awb-border-radius-top-left:0px;--awb-border-radius-top-right:0px;--awb-border-radius-bottom-right:0px;--awb-border-radius-bottom-left:0px;--awb-flex-wrap:wrap;\" ><div class=\"fusion-builder-row fusion-row fusion-flex-align-items-flex-start fusion-flex-content-wrap\" style=\"max-width:1248px;margin-left: calc(-4% \/ 2 );margin-right: calc(-4% \/ 2 );\"><div class=\"fusion-layout-column fusion_builder_column fusion-builder-column-0 fusion_builder_column_1_3 1_3 fusion-flex-column\" style=\"--awb-bg-size:cover;--awb-width-large:33.333333333333%;--awb-margin-top-large:0px;--awb-spacing-right-large:5.76%;--awb-margin-bottom-large:20px;--awb-spacing-left-large:5.76%;--awb-width-medium:100%;--awb-order-medium:0;--awb-spacing-right-medium:1.92%;--awb-spacing-left-medium:1.92%;--awb-width-small:100%;--awb-order-small:0;--awb-spacing-right-small:1.92%;--awb-spacing-left-small:1.92%;\"><div class=\"fusion-column-wrapper fusion-column-has-shadow fusion-flex-justify-content-flex-start fusion-content-layout-column\"><div class=\"fusion-text fusion-text-1\"><p><img decoding=\"async\" class=\"lazyload aligncenter\" src=\"data:image\/gif;base64,R0lGODlhAQABAAAAACH5BAEKAAEALAAAAAABAAEAAAICTAEAOw==\" data-orig-src=\"http:\/\/edder.org\/images\/rodezno.jpg\" alt=\"pez\" \/><\/p>\n<\/div><div class=\"fusion-text fusion-text-2\"><p><img class=\"lazyload\" decoding=\"async\" src=\"data:image\/gif;base64,R0lGODlhAQABAAAAACH5BAEKAAEALAAAAAABAAEAAAICTAEAOw==\" data-orig-src=\"http:\/\/edder.org\/images\/rodezno2.jpg\" alt=\"Danzas\" \/><\/p>\n<\/div><\/div><\/div><div class=\"fusion-layout-column fusion_builder_column fusion-builder-column-1 fusion_builder_column_2_3 2_3 fusion-flex-column\" style=\"--awb-bg-size:cover;--awb-width-large:66.666666666667%;--awb-margin-top-large:0px;--awb-spacing-right-large:2.88%;--awb-margin-bottom-large:20px;--awb-spacing-left-large:2.88%;--awb-width-medium:100%;--awb-order-medium:0;--awb-spacing-right-medium:1.92%;--awb-spacing-left-medium:1.92%;--awb-width-small:100%;--awb-order-small:0;--awb-spacing-right-small:1.92%;--awb-spacing-left-small:1.92%;\"><div class=\"fusion-column-wrapper fusion-column-has-shadow fusion-flex-justify-content-flex-start fusion-content-layout-column\"><div class=\"fusion-text fusion-text-3\" style=\"--awb-font-size:19px;--awb-line-height:1.9;\"><p>El 8 de julio de 1936, a tenor de lo que cuenta en su <em>Diario<\/em> Tom\u00e1s Dom\u00ednguez Ar\u00e9valo \u2013s\u00e9ptimo conde de Rodezno\u2013, el se\u00f1or conde estaba en Madrid, donde recibi\u00f3 una llamada del director de <em>Diario de Navarra<\/em>, Raimundo Garc\u00eda, <em>Garcilaso<\/em>. Garc\u00eda urgi\u00f3 al conde a presentarse en Pamplona. El se\u00f1or conde sab\u00eda que Garcilaso era la mano derecha del general Emilio Mola, <em>el Director<\/em>. El conde deb\u00eda jugar bien sus cartas. Reducido a privilegiado representante del m\u00e1s ultramontano caciquismo terrateniente, don Tom\u00e1s perd\u00eda influencia hasta entre los carlistas. Pero a\u00fan era mucho su ascendente sobre boinas rojas tan decisivos para el \u00e9xito del golpe militar como los que en Navarra se hab\u00edan armado hasta los dientes. Sin perder tiempo, el conde se puso en marcha. El d\u00eda 9 lleg\u00f3 a Alsasua. De camino a Pamplona, Garcilaso le inform\u00f3 de los planes del general. El d\u00eda 10 asisti\u00f3 a la tradicional comida de la Diputaci\u00f3n. Por la tarde fue a los toros. Esa noche se entrevist\u00f3 con Mola. El general tambi\u00e9n deb\u00eda jugar su cartas: ten\u00eda que atraerse a la tropa carlista, pero sin comprometerse demasiado con ella y de forma que luego pudiera relegarla. Rodezno parec\u00eda el hombre adecuado para esa misi\u00f3n. El d\u00eda 13, el conde sostuvo en el hotel La Perla una reuni\u00f3n a partir de la que, la adhesi\u00f3n del carlismo a la sublevaci\u00f3n contra el orden constitucional fue decidida. El d\u00eda 14 hizo gestiones urgentes en Madrid. El 15 estaba de vuelta en Pamplona, aunque viaj\u00f3 a San Sebasti\u00e1n por m\u00e1s gestiones relacionadas con la asonada en marcha. En v\u00edsperas de la asonada militar, el conde se retir\u00f3 discretamente a un lugar seguro: la casa del cura p\u00e1rroco de Lanz. El d\u00eda D, a la hora H, la asonada triunf\u00f3 en Pamplona con un solo tiro. Poco tiempo despu\u00e9s, el general\u00edsimo Franco puso en sus manos la alta responsabilidad de tramitar las sentencias de muerte o a trabajos forzados de la depuraci\u00f3n. Pamplona honra a\u00fan hoy su memoria con una plaza que, al parecer, en el futuro honrar\u00e1 a todo el rancio abolengo de su estirpe.<\/p>\n<\/div><div class=\"fusion-text fusion-text-4\"><p style=\"text-align: right;\">Publicado el 13 de marzo de 2009\u00a0 en <a href=\"http:\/\/www.noticiasdenavarra.com\/ediciones\/2009\/03\/13\/opinion\/contra.php\" target=\"blank\" rel=\"noopener noreferrer\">Diario de Noticias<\/a><\/p>\n<\/div><\/div><\/div><\/div><\/div>\n","protected":false},"excerpt":{"rendered":"","protected":false},"author":82,"featured_media":0,"comment_status":"open","ping_status":"open","sticky":false,"template":"","format":"standard","meta":{"jetpack_post_was_ever_published":false,"_jetpack_newsletter_access":"","_jetpack_dont_email_post_to_subs":false,"_jetpack_newsletter_tier_id":0,"_jetpack_memberships_contains_paywalled_content":false,"_jetpack_memberships_contains_paid_content":false,"footnotes":"","jetpack_publicize_message":"","jetpack_publicize_feature_enabled":true,"jetpack_social_post_already_shared":false,"jetpack_social_options":{"image_generator_settings":{"template":"highway","default_image_id":0,"font":"","enabled":false},"version":2}},"categories":[3,485],"tags":[41],"class_list":["post-316","post","type-post","status-publish","format-standard","hentry","category-na","category-postal-expres","tag-rodezno"],"jetpack_publicize_connections":[],"jetpack_featured_media_url":"","jetpack_shortlink":"https:\/\/wp.me\/s6kHv-rodezno","jetpack_sharing_enabled":true,"jetpack-related-posts":[{"id":485,"url":"https:\/\/www.edder.org\/?p=485","url_meta":{"origin":316,"position":0},"title":"Los Rodezno y su esp\u00edritu","author":"Eder","date":"viernes, 9 Oct, 2009","format":false,"excerpt":"Me hab\u00eda prometido no hablar en este curso m\u00e1s que de condados como el de Faulkner. Tambi\u00e9n pensaba hablar \u2013otro a\u00f1o ser\u00e1\u2013 de aquella pel\u00edcula en la que Burt Lancaster va de piscina en piscina: \u201c\u00a1Hoy es el d\u00eda en que Ned Merril atraviesa a nado el condado!\u201d. Pero pese\u2026","rel":"","context":"En \u00abNA\u00bb","block_context":{"text":"NA","link":"https:\/\/www.edder.org\/?cat=3"},"img":{"alt_text":"","src":"","width":0,"height":0},"classes":[]},{"id":1989,"url":"https:\/\/www.edder.org\/?p=1989","url_meta":{"origin":316,"position":1},"title":"Navarra 1936","author":"Eder","date":"martes, 19 Jul, 2011","format":false,"excerpt":"Esquema aut\u00f3grafo del conde de Rodezno sobre la estructura del poder en Navarra tras el golpe faccioso de 1936. \u00a0 \u2022 \u00a0 El conde de Rodezno, en 1939, desfilando por Pamplona con los insurrectos victoriosos.","rel":"","context":"En \u00abNA\u00bb","block_context":{"text":"NA","link":"https:\/\/www.edder.org\/?cat=3"},"img":{"alt_text":"","src":"https:\/\/i0.wp.com\/www.edder.org\/upload\/2011\/07\/rodezno2.jpg?resize=350%2C200&ssl=1","width":350,"height":200,"srcset":"https:\/\/i0.wp.com\/www.edder.org\/upload\/2011\/07\/rodezno2.jpg?resize=350%2C200&ssl=1 1x, https:\/\/i0.wp.com\/www.edder.org\/upload\/2011\/07\/rodezno2.jpg?resize=525%2C300&ssl=1 1.5x, https:\/\/i0.wp.com\/www.edder.org\/upload\/2011\/07\/rodezno2.jpg?resize=700%2C400&ssl=1 2x, https:\/\/i0.wp.com\/www.edder.org\/upload\/2011\/07\/rodezno2.jpg?resize=1050%2C600&ssl=1 3x"},"classes":[]},{"id":1741,"url":"https:\/\/www.edder.org\/?p=1741","url_meta":{"origin":316,"position":2},"title":"Burgos hacia 1938","author":"Eder","date":"s\u00e1bado, 23 Abr, 2011","format":false,"excerpt":"","rel":"","context":"En \u00abSin categorizar\u00bb","block_context":{"text":"Sin categorizar","link":"https:\/\/www.edder.org\/?cat=1"},"img":{"alt_text":"","src":"","width":0,"height":0},"classes":[]},{"id":42997,"url":"https:\/\/www.edder.org\/?p=42997","url_meta":{"origin":316,"position":3},"title":"Futbolmarianismo y regionalcatolicismo de los siglos XX y XXI","author":"Eder","date":"mi\u00e9rcoles, 21 Ago, 2024","format":false,"excerpt":"","rel":"","context":"En \u00abPrehistoria contempor\u00e1nea\u00bb","block_context":{"text":"Prehistoria contempor\u00e1nea","link":"https:\/\/www.edder.org\/?cat=90"},"img":{"alt_text":"","src":"https:\/\/i0.wp.com\/www.edder.org\/upload\/2024\/08\/athletic_begogna.png?resize=350%2C200&ssl=1","width":350,"height":200,"srcset":"https:\/\/i0.wp.com\/www.edder.org\/upload\/2024\/08\/athletic_begogna.png?resize=350%2C200&ssl=1 1x, https:\/\/i0.wp.com\/www.edder.org\/upload\/2024\/08\/athletic_begogna.png?resize=525%2C300&ssl=1 1.5x, https:\/\/i0.wp.com\/www.edder.org\/upload\/2024\/08\/athletic_begogna.png?resize=700%2C400&ssl=1 2x, https:\/\/i0.wp.com\/www.edder.org\/upload\/2024\/08\/athletic_begogna.png?resize=1050%2C600&ssl=1 3x"},"classes":[]},{"id":1925,"url":"https:\/\/www.edder.org\/?p=1925","url_meta":{"origin":316,"position":4},"title":"Reggionalismo","author":"Eder","date":"viernes, 3 Jun, 2011","format":false,"excerpt":"","rel":"","context":"En \u00abNA\u00bb","block_context":{"text":"NA","link":"https:\/\/www.edder.org\/?cat=3"},"img":{"alt_text":"","src":"https:\/\/i0.wp.com\/edder.org\/images\/rodezno2.jpg?resize=350%2C200","width":350,"height":200},"classes":[]},{"id":12352,"url":"https:\/\/www.edder.org\/?p=12352","url_meta":{"origin":316,"position":5},"title":"De Rodezno a Esparza","author":"Eder","date":"martes, 22 Sep, 2015","format":false,"excerpt":"\u00a0 \u00a0 En contra de lo que dice Woody Allen en Wild Man Blues \u2013\u00abLo peor son los alcaldes\u00bb\u2013, los alcaldes son de lo mejor que \u00abel cambio\u00bb ha tra\u00eddo por el momento. Si bien el acalde de Pamplona no anda \u00faltimamente muy atinado. Particularmente desacertado me ha parecido Asiron\u2026","rel":"","context":"En \u00abSin categorizar\u00bb","block_context":{"text":"Sin categorizar","link":"https:\/\/www.edder.org\/?cat=1"},"img":{"alt_text":"","src":"https:\/\/i0.wp.com\/www.edder.org\/upload\/2015\/09\/caidos.gif?resize=350%2C200&ssl=1","width":350,"height":200,"srcset":"https:\/\/i0.wp.com\/www.edder.org\/upload\/2015\/09\/caidos.gif?resize=350%2C200&ssl=1 1x, https:\/\/i0.wp.com\/www.edder.org\/upload\/2015\/09\/caidos.gif?resize=525%2C300&ssl=1 1.5x"},"classes":[]}],"jetpack_likes_enabled":true,"_links":{"self":[{"href":"https:\/\/www.edder.org\/index.php?rest_route=\/wp\/v2\/posts\/316","targetHints":{"allow":["GET"]}}],"collection":[{"href":"https:\/\/www.edder.org\/index.php?rest_route=\/wp\/v2\/posts"}],"about":[{"href":"https:\/\/www.edder.org\/index.php?rest_route=\/wp\/v2\/types\/post"}],"author":[{"embeddable":true,"href":"https:\/\/www.edder.org\/index.php?rest_route=\/wp\/v2\/users\/82"}],"replies":[{"embeddable":true,"href":"https:\/\/www.edder.org\/index.php?rest_route=%2Fwp%2Fv2%2Fcomments&post=316"}],"version-history":[{"count":0,"href":"https:\/\/www.edder.org\/index.php?rest_route=\/wp\/v2\/posts\/316\/revisions"}],"wp:attachment":[{"href":"https:\/\/www.edder.org\/index.php?rest_route=%2Fwp%2Fv2%2Fmedia&parent=316"}],"wp:term":[{"taxonomy":"category","embeddable":true,"href":"https:\/\/www.edder.org\/index.php?rest_route=%2Fwp%2Fv2%2Fcategories&post=316"},{"taxonomy":"post_tag","embeddable":true,"href":"https:\/\/www.edder.org\/index.php?rest_route=%2Fwp%2Fv2%2Ftags&post=316"}],"curies":[{"name":"wp","href":"https:\/\/api.w.org\/{rel}","templated":true}]}}