{"id":313,"date":"2009-03-06T09:34:28","date_gmt":"2009-03-06T08:34:28","guid":{"rendered":"https:\/\/www.edder.org\/?p=313"},"modified":"2018-07-27T16:38:11","modified_gmt":"2018-07-27T14:38:11","slug":"la-soledad-ii","status":"publish","type":"post","link":"https:\/\/www.edder.org\/?p=313","title":{"rendered":"La soledad (II)"},"content":{"rendered":"<p>En la ma&ntilde;ana de ayer, las ventiscas de nieve azotaron el lugar de la calle F, en el pol&iacute;gono de los Agustinos &ndash;dos rotondas m&aacute;s all&aacute; del h&iacute;per Eroski, a la derecha&ndash;, donde una representaci&oacute;n de los trabajadores de Ochoa-L&aacute;car, cada ma&ntilde;ana de nueve a once, sigue oponi&eacute;ndose a que ocho compa&ntilde;eros sean condenados a esa variante de la muerte civil que es un despido fulminante. Las ventiscas de nieve formaban remolinos en las calles abiertas de esa ciudad del trabajo que es los Agustinos, pero el peque&ntilde;o y solitario grupo aguant&oacute; frente a la ventisca y frente la marea que viene. En la ma&ntilde;ana de ayer, el presidente de un partido que se declara progresista public&oacute; en la prensa un l&iacute;rico art&iacute;culo sobre el solitario magnolio que queda en otro abandonado colegio de frailes &ndash;no en el de los Agustinos&ndash; y que habr&iacute;a que salvar. Mal rayo parta al lirismo y a los magnolios de los &ldquo;poetas&rdquo;. En la ma&ntilde;ana de ayer, y en la de anteayer, los peri&oacute;dicos publicaban las sonrientes fotos de distintas comisiones parlamentarias, con representaci&oacute;n de todo el espectro &ndash;nunca mejor dicho&ndash; pol&iacute;tico, que hab&iacute;an visitado tal lugar o tal colegio de frailes abandonado &ndash;no el de los Agustinos, &eacute;se no&ndash;. En todas las fotos los alegres visitadores luc&iacute;an la amplia sonrisa del que ha ganado el famoso concurso &ldquo;La vida resuelta&rdquo; y, en consecuencia, no se va a dejar caer por pol&iacute;gonos industriales crecidos alrededor de un colegio abandonado de frailes como el de los Agustinos, donde las ventiscas azotaban ayer y donde cada d&iacute;a azota la marea que deja fuera del trabajo a los j&oacute;venes por el hecho de serlo, a los mayores porque lleg&oacute; su hora antes de hora y a los de mediana edad porque son&oacute; su nombre en el infame concurso &ldquo;Queda usted despedido&rdquo;. En la ma&ntilde;ana de ayer las noticias volvieron a hablar del tiempo, pero no dijeron mucho de las rachas de muerte civil que pegan por las ciudades perdidas del trabajo, donde hay solitarios que resisten frente al viento, frente a la marea y frente a la dolorosa indiferencia.<\/p>\n<p align=\"right\">Publicado en <a href=\"http:\/\/www.noticiasdenavarra.com\/ediciones\/2009\/03\/06\/opinion\/contra.php\" target=\"blank\">Diario de Noticias<\/a><img class=\"lazyload\" decoding=\"async\" align=\"right\" alt=\"dn\" src=\"data:image\/gif;base64,R0lGODlhAQABAAAAACH5BAEKAAEALAAAAAABAAEAAAICTAEAOw==\" data-orig-src=\"https:\/\/www.edder.org\/images\/dn.gif\" title=\"dn\" \/><\/p>\n","protected":false},"excerpt":{"rendered":"<p>En la ma&ntilde;ana de ayer, las ventiscas de nieve azotaron el lugar de la calle F, en el pol&iacute;gono de los Agustinos &ndash;dos rotondas m&aacute;s all&aacute; del h&iacute;per Eroski, a la derecha&ndash;, donde una representaci&oacute;n de los trabajadores de Ochoa-L&aacute;car, cada ma&ntilde;ana de nueve a once, sigue oponi&eacute;ndose a que ocho compa&ntilde;eros sean condenados a esa variante de la muerte civil que es un despido fulminante. Las ventiscas de nieve formaban remolinos en las calles abiertas de esa ciudad del trabajo que es los Agustinos, pero el peque&ntilde;o y solitario grupo aguant&oacute; frente a la ventisca y frente la marea que viene. En la ma&ntilde;ana de ayer, el presidente de un partido que se declara progresista public&oacute; en la prensa un l&iacute;rico art&iacute;culo sobre el solitario magnolio  [&#8230;]<\/p>\n","protected":false},"author":82,"featured_media":0,"comment_status":"open","ping_status":"open","sticky":false,"template":"","format":"standard","meta":{"jetpack_post_was_ever_published":false,"_jetpack_newsletter_access":"","_jetpack_dont_email_post_to_subs":false,"_jetpack_newsletter_tier_id":0,"_jetpack_memberships_contains_paywalled_content":false,"_jetpack_memberships_contains_paid_content":false,"footnotes":"","jetpack_publicize_message":"","jetpack_publicize_feature_enabled":true,"jetpack_social_post_already_shared":false,"jetpack_social_options":{"image_generator_settings":{"template":"highway","default_image_id":0,"font":"","enabled":false},"version":2}},"categories":[3],"tags":[],"class_list":["post-313","post","type-post","status-publish","format-standard","hentry","category-na"],"jetpack_publicize_connections":[],"jetpack_featured_media_url":"","jetpack_shortlink":"https:\/\/wp.me\/p6kHv-53","jetpack_sharing_enabled":true,"jetpack-related-posts":[{"id":263,"url":"https:\/\/www.edder.org\/?p=263","url_meta":{"origin":313,"position":0},"title":"La soledad","author":"Eder","date":"viernes, 20 Feb, 2009","format":false,"excerpt":"En medio de ninguna parte, en la calle F, o en la calle G, o qu\u00e9 m\u00e1s en qu\u00e9 calle del pol\u00edgono de los Agustinos, cada ma\u00f1ana se junta el peque\u00f1o grupo de personas \u2013una o dos docenas\u2013 que, ordenada, pac\u00edfica, silenciosamente piden con una pancarta lo que no parece\u2026","rel":"","context":"En \u00abNA\u00bb","block_context":{"text":"NA","link":"https:\/\/www.edder.org\/?cat=3"},"img":{"alt_text":"","src":"","width":0,"height":0},"classes":[]},{"id":2520,"url":"https:\/\/www.edder.org\/?p=2520","url_meta":{"origin":313,"position":1},"title":"Nana del vagabundo","author":"Eder","date":"viernes, 27 Jul, 2012","format":false,"excerpt":".. Du\u00e9rmete ya, vagabundo cansado Deja que las ciudades vayan desvaneci\u00e9ndose Ya no oyes el chirrido met\u00e1lico de los ra\u00edles Esto es la nana del vagabundo No pienses en ma\u00f1ana Deja que ma\u00f1ana llegue y se vaya Esta noche est\u00e1s en un vag\u00f3n acogedor A resguardo del viento y la\u2026","rel":"","context":"En \u00abM\u00fasica\u00bb","block_context":{"text":"M\u00fasica","link":"https:\/\/www.edder.org\/?cat=87"},"img":{"alt_text":"","src":"","width":0,"height":0},"classes":[]},{"id":27,"url":"https:\/\/www.edder.org\/?p=27","url_meta":{"origin":313,"position":2},"title":"Cuentas claras, cristianos viejos","author":"Eder","date":"viernes, 18 Nov, 2005","format":false,"excerpt":"O sea que la Iglesia cat\u00f3lica es incapaz de financiarse, un cuarto de siglo despu\u00e9s de comprometerse a ello. Pero eso ser\u00e1 ???pertenencia de la feligres\u00eda a la cofrad\u00eda del pu\u00f1o prieto aparte??? porque de los beneficios obtenidos en operaciones financiero-inmobiliarias de tanta envergadura como la de Agustinos, los pobres\u2026","rel":"","context":"En \u00abNA\u00bb","block_context":{"text":"NA","link":"https:\/\/www.edder.org\/?cat=3"},"img":{"alt_text":"","src":"","width":0,"height":0},"classes":[]},{"id":2383,"url":"https:\/\/www.edder.org\/?p=2383","url_meta":{"origin":313,"position":3},"title":"Viene la primavera","author":"Eder","date":"martes, 13 Mar, 2012","format":false,"excerpt":"\u2014Eres muy guapa Ann. \u2014A la mayor\u00eda de los chicos no les gusta el pelo rojo. \u2014A m\u00ed s\u00ed. \u2014\u00bfDe verdad, Abry? \u2014Me encanta el pelo rojo. \u2026 \u2014Bonitas, \u00bfno? \u00bbLas he cogido ah\u00ed arriba, en Bowling Creek. \u00bbNo te lo puedes imaginar, salen entre la nieve como conejos asustados.\u2026","rel":"","context":"En \u00abCine\u00bb","block_context":{"text":"Cine","link":"https:\/\/www.edder.org\/?cat=79"},"img":{"alt_text":"","src":"","width":0,"height":0},"classes":[]},{"id":40976,"url":"https:\/\/www.edder.org\/?p=40976","url_meta":{"origin":313,"position":4},"title":"Desastres de la guerra: Larisa Shepitko, cineasta ucraniano-sovi\u00e9tica","author":"Eder","date":"viernes, 8 Abr, 2022","format":false,"excerpt":"","rel":"","context":"En \u00abCine\u00bb","block_context":{"text":"Cine","link":"https:\/\/www.edder.org\/?cat=79"},"img":{"alt_text":"","src":"https:\/\/i0.wp.com\/www.edder.org\/upload\/2022\/04\/desastres.jpg?resize=350%2C200&ssl=1","width":350,"height":200,"srcset":"https:\/\/i0.wp.com\/www.edder.org\/upload\/2022\/04\/desastres.jpg?resize=350%2C200&ssl=1 1x, https:\/\/i0.wp.com\/www.edder.org\/upload\/2022\/04\/desastres.jpg?resize=525%2C300&ssl=1 1.5x, https:\/\/i0.wp.com\/www.edder.org\/upload\/2022\/04\/desastres.jpg?resize=700%2C400&ssl=1 2x"},"classes":[]},{"id":5,"url":"https:\/\/www.edder.org\/?p=5","url_meta":{"origin":313,"position":5},"title":"Embajadores del Reyno","author":"Eder","date":"domingo, 25 Sep, 2005","format":false,"excerpt":"En la ma\u00f1ana del pasado martes 5 de julio se verific\u00f3 la primera mala cornada de los corrientes sanfermines. En efecto, esa ma\u00f1ana los peri\u00f3dicos informaban sucinta, escuetamente, de que el delegado del Gobierno de Navarra en Madrid, m\u00e1s popularmente conocido como el Se\u00f1or Embajador Plenipotenciario del Reyno","rel":"","context":"En \u00abNA\u00bb","block_context":{"text":"NA","link":"https:\/\/www.edder.org\/?cat=3"},"img":{"alt_text":"","src":"","width":0,"height":0},"classes":[]}],"jetpack_likes_enabled":true,"_links":{"self":[{"href":"https:\/\/www.edder.org\/index.php?rest_route=\/wp\/v2\/posts\/313","targetHints":{"allow":["GET"]}}],"collection":[{"href":"https:\/\/www.edder.org\/index.php?rest_route=\/wp\/v2\/posts"}],"about":[{"href":"https:\/\/www.edder.org\/index.php?rest_route=\/wp\/v2\/types\/post"}],"author":[{"embeddable":true,"href":"https:\/\/www.edder.org\/index.php?rest_route=\/wp\/v2\/users\/82"}],"replies":[{"embeddable":true,"href":"https:\/\/www.edder.org\/index.php?rest_route=%2Fwp%2Fv2%2Fcomments&post=313"}],"version-history":[{"count":0,"href":"https:\/\/www.edder.org\/index.php?rest_route=\/wp\/v2\/posts\/313\/revisions"}],"wp:attachment":[{"href":"https:\/\/www.edder.org\/index.php?rest_route=%2Fwp%2Fv2%2Fmedia&parent=313"}],"wp:term":[{"taxonomy":"category","embeddable":true,"href":"https:\/\/www.edder.org\/index.php?rest_route=%2Fwp%2Fv2%2Fcategories&post=313"},{"taxonomy":"post_tag","embeddable":true,"href":"https:\/\/www.edder.org\/index.php?rest_route=%2Fwp%2Fv2%2Ftags&post=313"}],"curies":[{"name":"wp","href":"https:\/\/api.w.org\/{rel}","templated":true}]}}