{"id":3106,"date":"2013-05-19T10:48:38","date_gmt":"2013-05-19T09:48:38","guid":{"rendered":"https:\/\/www.edder.org\/?p=3106"},"modified":"2013-05-19T10:48:38","modified_gmt":"2013-05-19T09:48:38","slug":"las-unas-de-la-razon-dialectica","status":"publish","type":"post","link":"https:\/\/www.edder.org\/?p=3106","title":{"rendered":"Las u\u00f1as de la raz\u00f3n dial\u00e9ctica"},"content":{"rendered":"<p style=\"text-align: center;\"><div class=\"video-shortcode\"><iframe title=\"Las u\u00f1as de la dial\u00e9ctica\" width=\"1200\" height=\"900\" src=\"https:\/\/www.youtube.com\/embed\/5xLX3bZx70g?feature=oembed\" frameborder=\"0\" allow=\"accelerometer; autoplay; clipboard-write; encrypted-media; gyroscope; picture-in-picture; web-share\" allowfullscreen><\/iframe><\/div><\/p>\n","protected":false},"excerpt":{"rendered":"","protected":false},"author":82,"featured_media":0,"comment_status":"open","ping_status":"open","sticky":false,"template":"","format":"standard","meta":{"jetpack_post_was_ever_published":false,"_jetpack_newsletter_access":"","_jetpack_dont_email_post_to_subs":false,"_jetpack_newsletter_tier_id":0,"_jetpack_memberships_contains_paywalled_content":false,"_jetpack_memberships_contains_paid_content":false,"footnotes":"","jetpack_publicize_message":"","jetpack_publicize_feature_enabled":true,"jetpack_social_post_already_shared":false,"jetpack_social_options":{"image_generator_settings":{"template":"highway","default_image_id":0,"font":"","enabled":false},"version":2}},"categories":[1],"tags":[],"class_list":["post-3106","post","type-post","status-publish","format-standard","hentry","category-sin-categorizar"],"jetpack_publicize_connections":[],"jetpack_featured_media_url":"","jetpack_shortlink":"https:\/\/wp.me\/p6kHv-O6","jetpack_sharing_enabled":true,"jetpack-related-posts":[{"id":3726,"url":"https:\/\/www.edder.org\/?p=3726","url_meta":{"origin":3106,"position":0},"title":"YouTube is fantastic","author":"Eder","date":"domingo, 27 Jul, 2014","format":false,"excerpt":"I love YouTube:","rel":"","context":"En \u00abCine\u00bb","block_context":{"text":"Cine","link":"https:\/\/www.edder.org\/?cat=79"},"img":{"alt_text":"","src":"https:\/\/i0.wp.com\/www.edder.org\/upload\/2014\/07\/vlcsnap-2015-08-16-11h14m52s47.png?resize=350%2C200&ssl=1","width":350,"height":200},"classes":[]},{"id":2901,"url":"https:\/\/www.edder.org\/?p=2901","url_meta":{"origin":3106,"position":1},"title":"Castuera, campo de concentraci\u00f3n","author":"Eder","date":"s\u00e1bado, 16 Feb, 2013","format":false,"excerpt":"\u00a0 Para m\u00e1s informaci\u00f3n, v\u00e9ase \u00abLa pesadilla de Castuera\u00bb:","rel":"","context":"En \u00abSin categorizar\u00bb","block_context":{"text":"Sin categorizar","link":"https:\/\/www.edder.org\/?cat=1"},"img":{"alt_text":"","src":"","width":0,"height":0},"classes":[]},{"id":1951,"url":"https:\/\/www.edder.org\/?p=1951","url_meta":{"origin":3106,"position":2},"title":"Minutos de gloria","author":"Eder","date":"viernes, 10 Jun, 2011","format":false,"excerpt":"Su Alteza Real \u2013todo con may\u00fasculas de las llamadas genuflexas\u2013 lo plante\u00f3 bien: \u201cYa tienes tu minuto de gloria\u201d. O si no bien, s\u00ed donde el problema se plantea. En La toma del poder por Luis XIV, Rossellini ve\u00eda al Rey Sol como un Soberano \u2013may\u00fascula y genuflexi\u00f3n\u2013 entre Maquiavelo\u2026","rel":"","context":"En \u00abNA\u00bb","block_context":{"text":"NA","link":"https:\/\/www.edder.org\/?cat=3"},"img":{"alt_text":"","src":"","width":0,"height":0},"classes":[]},{"id":1541,"url":"https:\/\/www.edder.org\/?p=1541","url_meta":{"origin":3106,"position":3},"title":"Antes y despu\u00e9s de Le chagrin et la piti\u00e9","author":"Eder","date":"martes, 8 Mar, 2011","format":false,"excerpt":"","rel":"","context":"En \u00abCine\u00bb","block_context":{"text":"Cine","link":"https:\/\/www.edder.org\/?cat=79"},"img":{"alt_text":"","src":"","width":0,"height":0},"classes":[]},{"id":3284,"url":"https:\/\/www.edder.org\/?p=3284","url_meta":{"origin":3106,"position":4},"title":"El silencio \u2013que no la ausencia\u2013 de Pasolini","author":"Eder","date":"lunes, 18 Nov, 2013","format":false,"excerpt":"Pasolini silencioso: \u00a0","rel":"","context":"En \u00abArtes\u00bb","block_context":{"text":"Artes","link":"https:\/\/www.edder.org\/?cat=85"},"img":{"alt_text":"","src":"","width":0,"height":0},"classes":[]},{"id":3276,"url":"https:\/\/www.edder.org\/?p=3276","url_meta":{"origin":3106,"position":5},"title":"Vanitas &#038; \u00f1atitas","author":"Eder","date":"domingo, 17 Nov, 2013","format":false,"excerpt":"","rel":"","context":"En \u00abSin categorizar\u00bb","block_context":{"text":"Sin categorizar","link":"https:\/\/www.edder.org\/?cat=1"},"img":{"alt_text":"","src":"https:\/\/i0.wp.com\/edder.org\/images\/natitas.jpg?resize=350%2C200","width":350,"height":200,"srcset":"https:\/\/i0.wp.com\/edder.org\/images\/natitas.jpg?resize=350%2C200 1x, https:\/\/i0.wp.com\/edder.org\/images\/natitas.jpg?resize=525%2C300 1.5x, https:\/\/i0.wp.com\/edder.org\/images\/natitas.jpg?resize=700%2C400 2x"},"classes":[]}],"jetpack_likes_enabled":true,"_links":{"self":[{"href":"https:\/\/www.edder.org\/index.php?rest_route=\/wp\/v2\/posts\/3106","targetHints":{"allow":["GET"]}}],"collection":[{"href":"https:\/\/www.edder.org\/index.php?rest_route=\/wp\/v2\/posts"}],"about":[{"href":"https:\/\/www.edder.org\/index.php?rest_route=\/wp\/v2\/types\/post"}],"author":[{"embeddable":true,"href":"https:\/\/www.edder.org\/index.php?rest_route=\/wp\/v2\/users\/82"}],"replies":[{"embeddable":true,"href":"https:\/\/www.edder.org\/index.php?rest_route=%2Fwp%2Fv2%2Fcomments&post=3106"}],"version-history":[{"count":0,"href":"https:\/\/www.edder.org\/index.php?rest_route=\/wp\/v2\/posts\/3106\/revisions"}],"wp:attachment":[{"href":"https:\/\/www.edder.org\/index.php?rest_route=%2Fwp%2Fv2%2Fmedia&parent=3106"}],"wp:term":[{"taxonomy":"category","embeddable":true,"href":"https:\/\/www.edder.org\/index.php?rest_route=%2Fwp%2Fv2%2Fcategories&post=3106"},{"taxonomy":"post_tag","embeddable":true,"href":"https:\/\/www.edder.org\/index.php?rest_route=%2Fwp%2Fv2%2Ftags&post=3106"}],"curies":[{"name":"wp","href":"https:\/\/api.w.org\/{rel}","templated":true}]}}