{"id":31,"date":"2005-12-16T18:28:37","date_gmt":"2005-12-16T16:28:37","guid":{"rendered":"https:\/\/www.edder.org\/?p=31"},"modified":"2018-07-27T16:38:44","modified_gmt":"2018-07-27T14:38:44","slug":"feliz-navidad-don-ricardo","status":"publish","type":"post","link":"https:\/\/www.edder.org\/?p=31","title":{"rendered":"Feliz navidad, don Ricardo"},"content":{"rendered":"<p><img decoding=\"async\" src=\"data:image\/gif;base64,R0lGODlhAQABAAAAACH5BAEKAAEALAAAAAABAAEAAAICTAEAOw==\" data-orig-src=\"https:\/\/www.edder.org\/images\/dn.gif\" alt=\"dn\" class=\"lazyload izquierda\" \/>Feliz navidad, don Ricardo, por descontado que de Le\u00f3n. Feliz navidad, sin m\u00e1s. Lo de una muy pr\u00f3spera jubilaci\u00f3n en el a\u00f1o nuevo, a don Ricardo ya se lo resolvi\u00f3 UPN este verano. Eso qued\u00f3 resuelto tras su relevo en la \u00ednsula navarra de Madrid, con un retiro a la espera de una prospera jubilaci\u00f3n. Y s\u00ed: hablando de rep\u00fablicas bananeras \u2013de eso que don Ricardo tan profusamente podr\u00eda hablar\u2013, coincido con el concejal del ayuntamiento de Pamplona, Eradio Ezpeleta, en que algo de bananero hay en el viaje del alcalde de Bara\u00f1\u00e1in a esa isla caribe\u00f1a que queda tan cerca de Santo Domingo. El Santo Domingo adonde, casualmente, fue el presidente Miguel Sanz a principios de este 2005, luego de aquellas animadas jornadas de promoci\u00f3n del Reyno en Nueva York. Digo las jornadas que vinieron despu\u00e9s de la inolvidable noche de karaoke en Argentina y antes de que el presidente, tocado con el cl\u00e1sico sombrero de charro mejicano, se retratase en el Jap\u00f3n. En lo de Bara\u00f1\u00e1in, no es lo menos bananero que el alcalde haya afeado el paisaje caribe\u00f1o con una pieza escult\u00f3rica \u2013con perd\u00f3n para la escultura\u2013 de Carlos Ciriza. Una pieza de la misma cacharrer\u00eda art\u00edstica \u2013con perd\u00f3n para las artes\u2013 con que ediles y cargos gubernamentales de UPN van estragando rotondas, jardines y pies de autov\u00eda del Reyno todo. Hablo de la cacharrer\u00eda escult\u00f3rica al completo que, en una experiencia bananera sin precedentes ni consecuentes, Ciriza despleg\u00f3 durante meses, a lo largo y ancho del parque de Yamaguchi, con la aquiescencia y complacencia \u2013y hasta con un helic\u00f3ptero puesto a su disposici\u00f3n\u2013 de do\u00f1a Yolanda Barcina. Do\u00f1a Yolanda, como Ezpeleta recordar\u00e1, neg\u00f3 su reconocimiento a los familiares de v\u00edctimas del franquismo, con lo que no va a ser del todo cierto, como Ezpeleta dice, que en un UPN se reprueba lo mismo la cubana que cualquier otra dictadura. Aparte de eso, qui\u00e9n duda de que en UPN se le desea una feliz y muy pr\u00f3spera jubilaci\u00f3n a alguien que tanto sabr\u00e1 de bananas como don Ricardo de Le\u00f3n.<\/p>\n<p>Publicado en <a href=\"http:\/\/www.noticiasdenavarra.com\/ediciones\/2005\/12\/16\/opinion\/contra.php\" target=\"blank\">Diario de Noticias<\/a>.<\/p>\n","protected":false},"excerpt":{"rendered":"<p>Feliz navidad, don Ricardo, por descontado que de Le\u00f3n. Feliz navidad, sin m\u00e1s. Lo de una muy pr\u00f3spera jubilaci\u00f3n en el a\u00f1o nuevo, a don Ricardo ya se lo resolvi\u00f3 UPN este verano. Eso qued\u00f3 resuelto tras su relevo en la \u00ednsula navarra de Madrid, con un retiro a la espera de una prospera jubilaci\u00f3n. Y s\u00ed: hablando de rep\u00fablicas bananeras \u2013de eso que don Ricardo tan profusamente podr\u00eda hablar\u2013, coincido con el concejal del ayuntamiento de Pamplona, Eradio Ezpeleta, en que algo de bananero hay en el viaje del alcalde de Bara\u00f1\u00e1in a esa isla caribe\u00f1a que queda tan cerca de Santo Domingo. El Santo Domingo adonde, casualmente, fue el presidente Miguel Sanz a principios de este 2005, luego de aquellas animadas jornadas de promoci\u00f3n del  [&#8230;]<\/p>\n","protected":false},"author":82,"featured_media":0,"comment_status":"open","ping_status":"open","sticky":false,"template":"","format":"standard","meta":{"jetpack_post_was_ever_published":false,"_jetpack_newsletter_access":"","_jetpack_dont_email_post_to_subs":false,"_jetpack_newsletter_tier_id":0,"_jetpack_memberships_contains_paywalled_content":false,"_jetpack_memberships_contains_paid_content":false,"footnotes":"","jetpack_publicize_message":"","jetpack_publicize_feature_enabled":true,"jetpack_social_post_already_shared":false,"jetpack_social_options":{"image_generator_settings":{"template":"highway","default_image_id":0,"font":"","enabled":false},"version":2}},"categories":[3],"tags":[],"class_list":["post-31","post","type-post","status-publish","format-standard","hentry","category-na"],"jetpack_publicize_connections":[],"jetpack_featured_media_url":"","jetpack_shortlink":"https:\/\/wp.me\/p6kHv-v","jetpack_sharing_enabled":true,"jetpack-related-posts":[{"id":3380,"url":"https:\/\/www.edder.org\/?p=3380","url_meta":{"origin":31,"position":0},"title":"\u00abFeliz Navidad, bro\u00bb (por Abel Ferrara)","author":"Eder","date":"martes, 24 Dic, 2013","format":false,"excerpt":"\u00abFeliz Navidad, brother\u00bb.","rel":"","context":"En \u00abCine\u00bb","block_context":{"text":"Cine","link":"https:\/\/www.edder.org\/?cat=79"},"img":{"alt_text":"","src":"","width":0,"height":0},"classes":[]},{"id":66,"url":"https:\/\/www.edder.org\/?p=66","url_meta":{"origin":31,"position":1},"title":"La mili de los chusqueros","author":"Eder","date":"viernes, 13 Oct, 2006","format":false,"excerpt":"\u00abYo es que tengo mucho mili en pol\u00edtica.\u00bb Eso dec\u00eda el siempre ameno Miguel Sanz, sincer\u00e1ndose en su \u00faltima entrevista. No es nada la mili que usted tiene para la que le queda hasta llegar a esa jubilaci\u00f3n hacia la que marcha Del Burgo y a la que no s\u00e9\u2026","rel":"","context":"En \u00abNA\u00bb","block_context":{"text":"NA","link":"https:\/\/www.edder.org\/?cat=3"},"img":{"alt_text":"","src":"","width":0,"height":0},"classes":[]},{"id":26,"url":"https:\/\/www.edder.org\/?p=26","url_meta":{"origin":31,"position":2},"title":"\u00bfSe\u00f1or o Truh\u00e1n?","author":"Eder","date":"viernes, 11 Nov, 2005","format":false,"excerpt":"Ricardo de Le\u00f3n: el ex embajador plenipotenciario del Reyno en la Villa y Corte. Si es verdad, como se informaba ayer, de que en su calidad de gerente de Humanismo y Democracia ???con un sueldo de 44.619 euros anuales, entre otras remuneraciones??? se contrat\u00f3 a s\u00ed mismo en oficios de\u2026","rel":"","context":"En \u00abNA\u00bb","block_context":{"text":"NA","link":"https:\/\/www.edder.org\/?cat=3"},"img":{"alt_text":"","src":"","width":0,"height":0},"classes":[]},{"id":11797,"url":"https:\/\/www.edder.org\/?p=11797","url_meta":{"origin":31,"position":3},"title":"Cotill\u00f3n hacia 1960 (cuando Olmi invent\u00f3 a Kaurism\u00e4ki)","author":"Eder","date":"domingo, 21 Jun, 2015","format":false,"excerpt":"Cotill\u00f3n hacia 1960, o de cuando Ermanno Olmi invent\u00f3 el cine de Aki Kaurism\u00e4ki: \u00a0 \u00a0 + Christmas movies @t edder.org: Navidad en Cherburgo: \u00a0 Cuidado con ese Papa No\u00ebl: \u00a0 Feliz 1977: \u00a0 Feliz 1950: \u00a0 Sei bellissima: \u00a0 Grandes almacenes: \u00a0 El final de un d\u00eda perfecto: \u00a0\u2026","rel":"","context":"En \u00abCine\u00bb","block_context":{"text":"Cine","link":"https:\/\/www.edder.org\/?cat=79"},"img":{"alt_text":"","src":"https:\/\/i0.wp.com\/www.edder.org\/upload\/2015\/06\/cotillon.png?resize=350%2C200&ssl=1","width":350,"height":200},"classes":[]},{"id":24,"url":"https:\/\/www.edder.org\/?p=24","url_meta":{"origin":31,"position":4},"title":"Que no le llamen ciudad","author":"Eder","date":"viernes, 4 Nov, 2005","format":false,"excerpt":"Que no llamen ciudad al proyecto de una urbanizaci\u00f3n para gente mayor en Elorz. Eso no ser\u00eda una ciudad. Ser\u00eda una Celebration. Hace unos a\u00f1os, la multinacional Disney levant\u00f3 en Florida una \u00abciudad\u00bb llamada Celebration. El lema de Disney es: \u00abVendemos felicidad\u00bb. Felicidad para los ni\u00f1os en parques como Disney\u2026","rel":"","context":"En \u00abNA\u00bb","block_context":{"text":"NA","link":"https:\/\/www.edder.org\/?cat=3"},"img":{"alt_text":"","src":"","width":0,"height":0},"classes":[]},{"id":3393,"url":"https:\/\/www.edder.org\/?p=3393","url_meta":{"origin":31,"position":5},"title":"Merry Christmas, Mrs. Scott (por Douglas Sirk)","author":"Eder","date":"mi\u00e9rcoles, 25 Dic, 2013","format":false,"excerpt":"\u2014Madre\u2026 \u00a1Feliz Navidad! \u2014Feliz Navidad, sra. Scott, y feliz a\u00f1o nuevo. \u2014Solo hemos podido comprarte un modelo mediano, pero tiene un buen tama\u00f1o de pantalla y es f\u00e1cil de usar. \u2014No tiene m\u00e1s que hacer girar la rueda y toda la compa\u00f1\u00eda que desea aparecer\u00e1 en la pantalla. Drama, comedia\u2026\u2026","rel":"","context":"En \u00abCine\u00bb","block_context":{"text":"Cine","link":"https:\/\/www.edder.org\/?cat=79"},"img":{"alt_text":"","src":"","width":0,"height":0},"classes":[]}],"jetpack_likes_enabled":true,"_links":{"self":[{"href":"https:\/\/www.edder.org\/index.php?rest_route=\/wp\/v2\/posts\/31","targetHints":{"allow":["GET"]}}],"collection":[{"href":"https:\/\/www.edder.org\/index.php?rest_route=\/wp\/v2\/posts"}],"about":[{"href":"https:\/\/www.edder.org\/index.php?rest_route=\/wp\/v2\/types\/post"}],"author":[{"embeddable":true,"href":"https:\/\/www.edder.org\/index.php?rest_route=\/wp\/v2\/users\/82"}],"replies":[{"embeddable":true,"href":"https:\/\/www.edder.org\/index.php?rest_route=%2Fwp%2Fv2%2Fcomments&post=31"}],"version-history":[{"count":0,"href":"https:\/\/www.edder.org\/index.php?rest_route=\/wp\/v2\/posts\/31\/revisions"}],"wp:attachment":[{"href":"https:\/\/www.edder.org\/index.php?rest_route=%2Fwp%2Fv2%2Fmedia&parent=31"}],"wp:term":[{"taxonomy":"category","embeddable":true,"href":"https:\/\/www.edder.org\/index.php?rest_route=%2Fwp%2Fv2%2Fcategories&post=31"},{"taxonomy":"post_tag","embeddable":true,"href":"https:\/\/www.edder.org\/index.php?rest_route=%2Fwp%2Fv2%2Ftags&post=31"}],"curies":[{"name":"wp","href":"https:\/\/api.w.org\/{rel}","templated":true}]}}