{"id":3047,"date":"2013-04-10T15:05:46","date_gmt":"2013-04-10T14:05:46","guid":{"rendered":"https:\/\/www.edder.org\/?p=3047"},"modified":"2018-07-27T16:37:15","modified_gmt":"2018-07-27T14:37:15","slug":"nacionalcatolicismo-del-siglo-xxi","status":"publish","type":"post","link":"https:\/\/www.edder.org\/?p=3047","title":{"rendered":"Navarcatolicismo del siglo XXI"},"content":{"rendered":"<p>Bendici&oacute;n del Parlamento de Navarra por el &aacute;ngel de Aralar y adoraci&oacute;n de los parlamentarios. Mi&eacute;rcoles 10 de abril de 2013 (de la Era Cristiana, <em>&ccedil;a va de soi<\/em>):<\/p>\n<p><img decoding=\"async\" alt=\"\" class=\"lazyload aligncenter\" height=\"383\" src=\"data:image\/svg+xml,%3Csvg%20xmlns%3D%27http%3A%2F%2Fwww.w3.org%2F2000%2Fsvg%27%20width%3D%27567%27%20height%3D%27383%27%20viewBox%3D%270%200%20567%20383%27%3E%3Crect%20width%3D%27567%27%20height%3D%27383%27%20fill-opacity%3D%220%22%2F%3E%3C%2Fsvg%3E\" data-orig-src=\"http:\/\/edder.org\/images\/nacional\/nacionalcatolicismo01.jpg\" width=\"567\" \/><\/p>\n<p><img decoding=\"async\" alt=\"\" class=\"lazyload aligncenter\" height=\"388\" src=\"data:image\/svg+xml,%3Csvg%20xmlns%3D%27http%3A%2F%2Fwww.w3.org%2F2000%2Fsvg%27%20width%3D%27567%27%20height%3D%27388%27%20viewBox%3D%270%200%20567%20388%27%3E%3Crect%20width%3D%27567%27%20height%3D%27388%27%20fill-opacity%3D%220%22%2F%3E%3C%2Fsvg%3E\" data-orig-src=\"http:\/\/edder.org\/images\/nacional\/nacionalcatolicismo02.jpg\" width=\"567\" \/><\/p>\n<p><img decoding=\"async\" alt=\"\" class=\"lazyload aligncenter\" height=\"387\" src=\"data:image\/svg+xml,%3Csvg%20xmlns%3D%27http%3A%2F%2Fwww.w3.org%2F2000%2Fsvg%27%20width%3D%27567%27%20height%3D%27387%27%20viewBox%3D%270%200%20567%20387%27%3E%3Crect%20width%3D%27567%27%20height%3D%27387%27%20fill-opacity%3D%220%22%2F%3E%3C%2Fsvg%3E\" data-orig-src=\"http:\/\/edder.org\/images\/nacional\/nacionalcatolicismo04.jpg\" width=\"567\" \/><\/p>\n<p><img decoding=\"async\" alt=\"\" class=\"lazyload aligncenter\" height=\"555\" src=\"data:image\/svg+xml,%3Csvg%20xmlns%3D%27http%3A%2F%2Fwww.w3.org%2F2000%2Fsvg%27%20width%3D%27812%27%20height%3D%27555%27%20viewBox%3D%270%200%20812%20555%27%3E%3Crect%20width%3D%27812%27%20height%3D%27555%27%20fill-opacity%3D%220%22%2F%3E%3C%2Fsvg%3E\" data-orig-src=\"http:\/\/edder.org\/images\/nacional\/nacionalcatolicismo03.jpg\" width=\"812\" \/><\/p>\n<p>&nbsp;<\/p>\n<p>&nbsp;<\/p>\n<p>&nbsp;<\/p>\n<p>&nbsp;<\/p>\n<p>El a&ntilde;o pasado por estas fechas:<\/p>\n<p>&nbsp;<\/p>\n<p><img decoding=\"async\" alt=\"\" class=\"lazyload aligncenter\" height=\"383\" src=\"data:image\/svg+xml,%3Csvg%20xmlns%3D%27http%3A%2F%2Fwww.w3.org%2F2000%2Fsvg%27%20width%3D%27567%27%20height%3D%27383%27%20viewBox%3D%270%200%20567%20383%27%3E%3Crect%20width%3D%27567%27%20height%3D%27383%27%20fill-opacity%3D%220%22%2F%3E%3C%2Fsvg%3E\" data-orig-src=\"http:\/\/edder.org\/images\/jaungoikoa.jpg\" width=\"567\" \/><\/p>\n<h5 style=\"text-align: center;\">Bendici&oacute;n anual del Parlamento Navarro, 18 de abril de 2012.<\/h5>\n<p style=\"text-align: center;\">&nbsp;<\/p>\n<p>&nbsp;<\/p>\n<p>&nbsp;<\/p>\n<p>&nbsp;<\/p>\n","protected":false},"excerpt":{"rendered":"<p>Bendici&oacute;n del Parlamento de Navarra por el &aacute;ngel de Aralar y adoraci&oacute;n de los parlamentarios. Mi&eacute;rcoles 10 de abril de 2013 (de la Era Cristiana, &ccedil;a va de soi): &nbsp; &nbsp; &nbsp; &nbsp; El a&ntilde;o pasado por estas fechas: &nbsp; Bendici&oacute;n anual del Parlamento Navarro, 18 de abril de 2012. &nbsp; &nbsp; &nbsp; &nbsp;<\/p>\n","protected":false},"author":82,"featured_media":12059,"comment_status":"open","ping_status":"open","sticky":false,"template":"","format":"standard","meta":{"jetpack_post_was_ever_published":false,"_jetpack_newsletter_access":"","_jetpack_dont_email_post_to_subs":false,"_jetpack_newsletter_tier_id":0,"_jetpack_memberships_contains_paywalled_content":false,"_jetpack_memberships_contains_paid_content":false,"footnotes":"","jetpack_publicize_message":"","jetpack_publicize_feature_enabled":true,"jetpack_social_post_already_shared":false,"jetpack_social_options":{"image_generator_settings":{"template":"highway","default_image_id":0,"font":"","enabled":false},"version":2}},"categories":[3],"tags":[303],"class_list":["post-3047","post","type-post","status-publish","format-standard","has-post-thumbnail","hentry","category-na","tag-nacionalcatolicismo"],"jetpack_publicize_connections":[],"jetpack_featured_media_url":"https:\/\/www.edder.org\/upload\/2013\/04\/nacionalcatolicismo01.jpg","jetpack_shortlink":"https:\/\/wp.me\/p6kHv-N9","jetpack_sharing_enabled":true,"jetpack-related-posts":[{"id":2416,"url":"https:\/\/www.edder.org\/?p=2416","url_meta":{"origin":3047,"position":0},"title":"Jaungoikoa eta lege zaharrak reloaded","author":"Eder","date":"mi\u00e9rcoles, 18 Abr, 2012","format":false,"excerpt":"Bendici\u00f3n anual del Parlamento Navarro, 18 de abril de 2012. \u00a0 Parlamentario socialista en la adoraci\u00f3n a San Miguel Arc\u00e1ngel. Navarra, siglo XXI. \u00a0 M\u00e1s de esto mismo: ver m\u00e1s.","rel":"","context":"En \u00abNA\u00bb","block_context":{"text":"NA","link":"https:\/\/www.edder.org\/?cat=3"},"img":{"alt_text":"","src":"https:\/\/i0.wp.com\/www.edder.org\/upload\/2012\/04\/leiza.jpg?resize=350%2C200&ssl=1","width":350,"height":200},"classes":[]},{"id":15252,"url":"https:\/\/www.edder.org\/?p=15252","url_meta":{"origin":3047,"position":1},"title":"El Picasso m\u00e1s horrible en Madrid","author":"Eder","date":"lunes, 22 Jul, 2019","format":false,"excerpt":"Madrid, donde arde el sol de la tarde y hay que refugiarse all\u00ed donde cuentan con la bendici\u00f3n del aire acondiiconado, refrigerado, climatizado, con parada incluida ante el Picasso m\u00e1s \u00abhorrible\u00bb (Olga en carne viva, Olga descarnada, Olga devorada por, entre otras cosas, el monstruo mitol\u00f3gico conocido como Picasso): \u00a0\u2026","rel":"","context":"En \u00abArtes\u00bb","block_context":{"text":"Artes","link":"https:\/\/www.edder.org\/?cat=85"},"img":{"alt_text":"","src":"https:\/\/i0.wp.com\/www.edder.org\/upload\/2019\/07\/05_audioguia_olga_500_px.jpg?resize=350%2C200&ssl=1","width":350,"height":200},"classes":[]},{"id":3551,"url":"https:\/\/www.edder.org\/?p=3551","url_meta":{"origin":3047,"position":2},"title":"Ayer en el Parlamento de Navarra","author":"Eder","date":"mi\u00e9rcoles, 12 Feb, 2014","format":false,"excerpt":"Extracto de la declaraci\u00f3n de Idoia Nieves en el Parlamento de Navarra (7 minutos): \u00a0","rel":"","context":"En \u00abNA\u00bb","block_context":{"text":"NA","link":"https:\/\/www.edder.org\/?cat=3"},"img":{"alt_text":"","src":"","width":0,"height":0},"classes":[]},{"id":151,"url":"https:\/\/www.edder.org\/?p=151","url_meta":{"origin":3047,"position":3},"title":"Distancia","author":"Eder","date":"viernes, 23 May, 2008","format":false,"excerpt":"Dir\u00edase que sinceramente abrumado por el descubrimiento, el consejero de Educaci\u00f3n, en la firma de un convenio divulgativo junto a la presidenta del Parlamento, declaraba el pasado mi\u00e9rcoles que \u201ces sorprendente el desconocimiento y la lejan\u00eda que hay entre los escolares con respecto a las instituciones navarras\u201d. El susto que\u2026","rel":"","context":"En \u00abNA\u00bb","block_context":{"text":"NA","link":"https:\/\/www.edder.org\/?cat=3"},"img":{"alt_text":"","src":"","width":0,"height":0},"classes":[]},{"id":11,"url":"https:\/\/www.edder.org\/?p=11","url_meta":{"origin":3047,"position":4},"title":"Familia unida","author":"Eder","date":"domingo, 25 Sep, 2005","format":false,"excerpt":"En el d\u00eda de la ofrenda infantil a San Ferm\u00edn, la letrilla que dice, ???A San Ferm\u00edn pedimos, por ser nuestro patr\u00f3n, nos gu\u00ede en el encierro, d\u00e1ndonos su bendici\u00f3n???, este a\u00f1o se convirti\u00f3 en: ???A San Ferm\u00edn pedimos, por ser nuestro patr\u00f3n, nos guarde a la familia, d\u00e1ndole su\u2026","rel":"","context":"En \u00abNA\u00bb","block_context":{"text":"NA","link":"https:\/\/www.edder.org\/?cat=3"},"img":{"alt_text":"","src":"","width":0,"height":0},"classes":[]},{"id":619,"url":"https:\/\/www.edder.org\/?p=619","url_meta":{"origin":3047,"position":5},"title":"Mi \u201creyno\u201d  es de este mundo","author":"Eder","date":"viernes, 26 Mar, 2010","format":false,"excerpt":"Es f\u00e1cil explicar en qu\u00e9 consiste y por qu\u00e9 persiste el poder \u2013tradicional y real\u2013 de la Iglesia romana. La Iglesia cat\u00f3lica, se la invite o se autoinvite, est\u00e1 siempre ah\u00ed para pasar revista; para levantar acta en los momentos cruciales de la vida de las personas \u2013nacimiento, emparejamiento, \u00faltima\u2026","rel":"","context":"En \u00abNA\u00bb","block_context":{"text":"NA","link":"https:\/\/www.edder.org\/?cat=3"},"img":{"alt_text":"","src":"https:\/\/i0.wp.com\/www.edder.org\/upload\/2010\/03\/aralar.gif?resize=350%2C200&ssl=1","width":350,"height":200},"classes":[]}],"jetpack_likes_enabled":true,"_links":{"self":[{"href":"https:\/\/www.edder.org\/index.php?rest_route=\/wp\/v2\/posts\/3047","targetHints":{"allow":["GET"]}}],"collection":[{"href":"https:\/\/www.edder.org\/index.php?rest_route=\/wp\/v2\/posts"}],"about":[{"href":"https:\/\/www.edder.org\/index.php?rest_route=\/wp\/v2\/types\/post"}],"author":[{"embeddable":true,"href":"https:\/\/www.edder.org\/index.php?rest_route=\/wp\/v2\/users\/82"}],"replies":[{"embeddable":true,"href":"https:\/\/www.edder.org\/index.php?rest_route=%2Fwp%2Fv2%2Fcomments&post=3047"}],"version-history":[{"count":0,"href":"https:\/\/www.edder.org\/index.php?rest_route=\/wp\/v2\/posts\/3047\/revisions"}],"wp:featuredmedia":[{"embeddable":true,"href":"https:\/\/www.edder.org\/index.php?rest_route=\/wp\/v2\/media\/12059"}],"wp:attachment":[{"href":"https:\/\/www.edder.org\/index.php?rest_route=%2Fwp%2Fv2%2Fmedia&parent=3047"}],"wp:term":[{"taxonomy":"category","embeddable":true,"href":"https:\/\/www.edder.org\/index.php?rest_route=%2Fwp%2Fv2%2Fcategories&post=3047"},{"taxonomy":"post_tag","embeddable":true,"href":"https:\/\/www.edder.org\/index.php?rest_route=%2Fwp%2Fv2%2Ftags&post=3047"}],"curies":[{"name":"wp","href":"https:\/\/api.w.org\/{rel}","templated":true}]}}