{"id":30,"date":"2005-12-12T01:04:55","date_gmt":"2005-12-11T23:04:55","guid":{"rendered":"https:\/\/www.edder.org\/?p=30"},"modified":"2018-07-27T16:38:44","modified_gmt":"2018-07-27T14:38:44","slug":"centenarios-quinto-y-primero","status":"publish","type":"post","link":"https:\/\/www.edder.org\/?p=30","title":{"rendered":"Centenarios, quinto y primero"},"content":{"rendered":"<p><img decoding=\"async\" src=\"data:image\/gif;base64,R0lGODlhAQABAAAAACH5BAEKAAEALAAAAAABAAEAAAICTAEAOw==\" data-orig-src=\"https:\/\/www.edder.org\/images\/dn.gif\" alt=\"dn\" class=\"lazyload izquierda\" \/>Mientras nuestro V Centenario sigue enriqueci\u00e9ndose con un rosario de actos que promete reverdecer las glorias de los grandes congresos nacional-cat\u00f3licos ???aquellos de la Pamplona ???sana??? de hacia 1950???, en Francia, el primer centenario de la ley de 1905 ???la de separaci\u00f3n del Estado y las iglesias??? se ha visto animado por la aparici\u00f3n de un best-seller titulado Gu\u00eda de ateolog\u00eda. La tesis del autor, Michel Onfray, es tan nueva como el siglo XIX: no hay liberaci\u00f3n verdadera si en el proceso de la misma no nos libramos de la teolog\u00eda. Metidos de lleno en lo que Onfray llama la \u00e9poca postcristiana, el autor propone a los hijos de la Rep\u00fablica conquistar en el siglo XXI el ate\u00edsmo de Estado. Seg\u00fan algunos, el \u00e9xito imparable de la Gu\u00eda de ateolog\u00eda no es ajeno al insufrible sopor que produjo en Francia el pertinaz eco medi\u00e1tico de la muerte del Papa. De aquella insistente lluvia teol\u00f3gica, toda esta ateolog\u00eda. Los cr\u00edticos m\u00e1s directos le han dicho a Onfray que el suyo es un ate\u00edsmo ???gracias a Dios???; uno de esos que pueden degenerar en patolog\u00edas sociales id\u00e9nticas a las furias de la fe. Otros le han indicado que si el objetivo es librarse de la teolog\u00eda, el camino no es profundizar en el laicismo franc\u00e9s, sino avanzar por la secularizaci\u00f3n danesa. Los daneses hicieron hace tiempo justo lo que pretende ahora el arzobispo Sebasti\u00e1n: declarar la religi\u00f3n un bien social protegido. Incluso un servicio estatal. Pero la demanda ???que es lo que manda en la \u00e9poca postcristiana??? es a estas alturas tan escasa en Dinamarca que el servicio, social y presupuestariamente, se considera residual. Cualquier cosa que sea Europa, es lo que los Estados, de una u otra manera, hicieron frente al recalcitrante poder de las iglesias. De vuelta a nuestro V Centenario: cualquier cosa que seamos, entre propuestas como la del obispo y sopores tan pertinaces como promete el a\u00f1o jubilar, de \u00e9sta salimos m\u00e1s daneses. Aparte de m\u00e1s franceses ???con unos cuantos ateos m\u00e1s,  de los de???gracias a Dios??????.<br \/>\nPublicado en <a href=\"http:\/\/www.diariodenoticias.com\/ediciones\/2005\/12\/09\/opinion\/contra.php\" target=\"blank\">Diario de Noticias<\/a>.<\/p>\n","protected":false},"excerpt":{"rendered":"<p>Mientras nuestro V Centenario sigue enriqueci\u00e9ndose con un rosario de actos que promete reverdecer las glorias de los grandes congresos nacional-cat\u00f3licos ???aquellos de la Pamplona ???sana??? de hacia 1950???, en Francia, el primer centenario de la ley de 1905 ???la de separaci\u00f3n del Estado y las iglesias??? se ha visto animado por la aparici\u00f3n de un best-seller titulado Gu\u00eda de ateolog\u00eda. La tesis del autor, Michel Onfray, es tan nueva como el siglo XIX: no hay liberaci\u00f3n verdadera si en el proceso de la misma no nos libramos de la teolog\u00eda. Metidos de lleno en lo que Onfray llama la \u00e9poca postcristiana, el autor propone a los hijos de la Rep\u00fablica conquistar en el siglo XXI el ate\u00edsmo de Estado. Seg\u00fan algunos, el \u00e9xito imparable de la  [&#8230;]<\/p>\n","protected":false},"author":82,"featured_media":0,"comment_status":"open","ping_status":"open","sticky":false,"template":"","format":"standard","meta":{"jetpack_post_was_ever_published":false,"_jetpack_newsletter_access":"","_jetpack_dont_email_post_to_subs":false,"_jetpack_newsletter_tier_id":0,"_jetpack_memberships_contains_paywalled_content":false,"_jetpack_memberships_contains_paid_content":false,"footnotes":"","jetpack_publicize_message":"","jetpack_publicize_feature_enabled":true,"jetpack_social_post_already_shared":false,"jetpack_social_options":{"image_generator_settings":{"template":"highway","default_image_id":0,"font":"","enabled":false},"version":2}},"categories":[3,1],"tags":[],"class_list":["post-30","post","type-post","status-publish","format-standard","hentry","category-na","category-sin-categorizar"],"jetpack_publicize_connections":[],"jetpack_featured_media_url":"","jetpack_shortlink":"https:\/\/wp.me\/p6kHv-u","jetpack_sharing_enabled":true,"jetpack-related-posts":[{"id":18,"url":"https:\/\/www.edder.org\/?p=18","url_meta":{"origin":30,"position":0},"title":"Ni eso existe, ni esto es Francia","author":"Eder","date":"viernes, 7 Oct, 2005","format":false,"excerpt":"No es una idea demente para un sainete: Telef\u00f3nica de Espa\u00f1a, que surte de servicios telem\u00e1ticos avanzados a ???todos los hogares de la patria???, vende un tel\u00e9fono inal\u00e1mbrico llamado Famitel Real Madrid (sorpr\u00e9ndete con \u00e9l en telefonicaonline.com). Telef\u00f3nica informa de que dicho artilugio, vestido con los colores y el escudo\u2026","rel":"","context":"En \u00abNA\u00bb","block_context":{"text":"NA","link":"https:\/\/www.edder.org\/?cat=3"},"img":{"alt_text":"","src":"","width":0,"height":0},"classes":[]},{"id":79,"url":"https:\/\/www.edder.org\/?p=79","url_meta":{"origin":30,"position":1},"title":"El tiempo de los asesinos","author":"Eder","date":"viernes, 12 Ene, 2007","format":false,"excerpt":"Brillante idea la de culminar el V Centenario de Javier con otro V Centenario, el de C\u00e9sar Borgia. Pero, s\u00ed; bien mirado, C\u00e9sar Borgia, el brillant\u00edsimo asesino, aparte de ser hijo de su padre y de su \u00e9poca, fue un adelantado \u2013o una consecuencia antes de tiempo\u2013 de la m\u00e1xima\u2026","rel":"","context":"En \u00abNA\u00bb","block_context":{"text":"NA","link":"https:\/\/www.edder.org\/?cat=3"},"img":{"alt_text":"","src":"","width":0,"height":0},"classes":[]},{"id":43,"url":"https:\/\/www.edder.org\/?p=43","url_meta":{"origin":30,"position":2},"title":"Los fastos que no cesan","author":"Eder","date":"viernes, 17 Feb, 2006","format":false,"excerpt":"Brillante, s\u00ed. No me refiero a la genial idea de intentar traerse para aqu\u00ed, en pleno fervor sanferminero, al gran te\u00f3logo y \u2013antes que gran jefe de Estado\u2013 gran inquisidor Joseph Ratzinger. Me refiero a lo de ponerle a V\u00edctor Manuel Arbeloa al frente de una exposici\u00f3n de nada m\u00e1s\u2026","rel":"","context":"En \u00abNA\u00bb","block_context":{"text":"NA","link":"https:\/\/www.edder.org\/?cat=3"},"img":{"alt_text":"","src":"","width":0,"height":0},"classes":[]},{"id":28,"url":"https:\/\/www.edder.org\/?p=28","url_meta":{"origin":30,"position":3},"title":"\u00bfCentenario? \u00a1Terry!","author":"Eder","date":"viernes, 25 Nov, 2005","format":false,"excerpt":"Y la directora del Instituto Navarro de la Mujer, \u00bfqu\u00e9 dice de ese anuncio de los tintos del Reyno, en el que de la trasera de un sof\u00e1 emergen las piernas de una mujer desvestida, sobre la que yace un ejecutivo descorbatado? \u00bfNada que declarar? Pues va a ser que\u2026","rel":"","context":"En \u00abNA\u00bb","block_context":{"text":"NA","link":"https:\/\/www.edder.org\/?cat=3"},"img":{"alt_text":"","src":"","width":0,"height":0},"classes":[]},{"id":126,"url":"https:\/\/www.edder.org\/?p=126","url_meta":{"origin":30,"position":4},"title":"Sarko-system","author":"Eder","date":"viernes, 28 Dic, 2007","format":false,"excerpt":"Yo no veo qu\u00e9 pueda estar haciendo el sarkozysmo que no inventase ya el sarko-sanzismo. Salvadas las diferencias de escala \u2013Sarkozy interpreta su papel en una escala planetaria y con un eco medi\u00e1tico universal\u2013, Sanz o Barcina hasta podr\u00edan reclamar al franc\u00e9s derechos de autor\u00eda. El inter\u00e9s del presidente galo\u2026","rel":"","context":"En \u00abNA\u00bb","block_context":{"text":"NA","link":"https:\/\/www.edder.org\/?cat=3"},"img":{"alt_text":"","src":"","width":0,"height":0},"classes":[]},{"id":42,"url":"https:\/\/www.edder.org\/?p=42","url_meta":{"origin":30,"position":5},"title":"Mahoma y la Virgen de Uju\u00e9","author":"Eder","date":"viernes, 10 Feb, 2006","format":false,"excerpt":"El escritor falcesino Jos\u00e9 Mar\u00eda Aguirre Alcalde \u2013tan buen escritor que no creo que figure en ninguna historia de la literatura navarra del siglo XX\u2013 pod\u00eda apuntarse a un bombardeo. De hecho, como Melville o Lowry, lleg\u00f3 a enrollarse en un pesquero. El de Falces pod\u00eda enrollarse en un pesquero,\u2026","rel":"","context":"En \u00abNA\u00bb","block_context":{"text":"NA","link":"https:\/\/www.edder.org\/?cat=3"},"img":{"alt_text":"","src":"","width":0,"height":0},"classes":[]}],"jetpack_likes_enabled":true,"_links":{"self":[{"href":"https:\/\/www.edder.org\/index.php?rest_route=\/wp\/v2\/posts\/30","targetHints":{"allow":["GET"]}}],"collection":[{"href":"https:\/\/www.edder.org\/index.php?rest_route=\/wp\/v2\/posts"}],"about":[{"href":"https:\/\/www.edder.org\/index.php?rest_route=\/wp\/v2\/types\/post"}],"author":[{"embeddable":true,"href":"https:\/\/www.edder.org\/index.php?rest_route=\/wp\/v2\/users\/82"}],"replies":[{"embeddable":true,"href":"https:\/\/www.edder.org\/index.php?rest_route=%2Fwp%2Fv2%2Fcomments&post=30"}],"version-history":[{"count":0,"href":"https:\/\/www.edder.org\/index.php?rest_route=\/wp\/v2\/posts\/30\/revisions"}],"wp:attachment":[{"href":"https:\/\/www.edder.org\/index.php?rest_route=%2Fwp%2Fv2%2Fmedia&parent=30"}],"wp:term":[{"taxonomy":"category","embeddable":true,"href":"https:\/\/www.edder.org\/index.php?rest_route=%2Fwp%2Fv2%2Fcategories&post=30"},{"taxonomy":"post_tag","embeddable":true,"href":"https:\/\/www.edder.org\/index.php?rest_route=%2Fwp%2Fv2%2Ftags&post=30"}],"curies":[{"name":"wp","href":"https:\/\/api.w.org\/{rel}","templated":true}]}}