{"id":29,"date":"2005-12-02T16:08:48","date_gmt":"2005-12-02T14:08:48","guid":{"rendered":"https:\/\/www.edder.org\/?p=29"},"modified":"2018-07-27T16:38:45","modified_gmt":"2018-07-27T14:38:45","slug":"noticias-del-mas-alla","status":"publish","type":"post","link":"https:\/\/www.edder.org\/?p=29","title":{"rendered":"Noticias del M\u00e1s All\u00e1"},"content":{"rendered":"<table align=\"center\" border=\"0\" cellpadding=\"1\" cellspacing=\"1\" style=\"width: 596px;\">\n<tbody>\n<tr>\n<td style=\"text-align: center;\">&nbsp;<\/td>\n<td style=\"width: 564px;\">&nbsp;<\/td>\n<td style=\"width: 14px;\">&nbsp;<\/td>\n<\/tr>\n<tr>\n<td>&nbsp;<\/td>\n<td style=\"width: 564px;\">\n<p>La noticia de que el limbo carece de sustancia teol&oacute;gica consistente &mdash;por lo que la curia romana sopesa prescindir de &eacute;l&mdash; ha eclipsado las &uacute;ltimas nuevas habidas sobre el paradero del Esp&iacute;ritu Santo. Seg&uacute;n testigos oculares, hace unas cuatro semanas, el Esp&iacute;ritu Santo revolote&oacute; por Pamplona en su forma m&aacute;s tradicional: la de paloma. O eso dec&iacute;a en un art&iacute;culo el compa&ntilde;ero en estas lides period&iacute;sticas, Rom&aacute;n Felones, al que cedo la palabra: &laquo;Mientras Boff hablaba en un correcto y euf&oacute;nico castellano &ndash;escrib&iacute;a el articulista, glosando con unci&oacute;n la visita del te&oacute;logo&ndash;, el silencio era expresivo y en el ambiente, como acertadamente resumi&oacute; el moderador, aleteaba el Esp&iacute;ritu&raquo;. Que el castellano de Boff fuese &laquo;correcto y euf&oacute;nico&raquo; no sorprende, si por la sala aleteaba quien insufla el don de lenguas. Lo que sorprende es el tradicionalismo del Esp&iacute;ritu a la hora de presentarse. Lejos de lo que testigos oculares vieron en Pamplona, el cardenal mejicano Javier Lozano Barrag&aacute;n acaba de situar al Esp&iacute;ritu Santo en el ADN. A decir del purpurado, la doble h&eacute;lice del ADN, con su oposici&oacute;n no excluyente de dos t&eacute;rminos complementarios, explica el misterio de la Sant&iacute;sima Trinidad. Aunque peregrina, la hip&oacute;tesis muestra unas irrefrenables ganas de modernidad en la curia romana. De esas ganas sin duda participa el arzobispo Sebasti&aacute;n, quien no desperdici&oacute; la jornada &laquo;c&iacute;vico-religiosa&raquo; de san Saturnino para manifestarse como defensor entusiasta de la Constituci&oacute;n y los derechos democr&aacute;ticos, frente a los ultramontanos anclados en los trasnochados dogmas del laicismo ilustrado. C&oacute;mo se defienden los derechos constitucionales y, a la par, la vigencia de un concordato preconstitucional, es un misterio de doble h&eacute;lice, sino trinitario. Pero la voluntad modernizadora de los administradores del M&aacute;s All&aacute;, no puede discutirse: ah&iacute; est&aacute; su aceptaci&oacute;n del &laquo;eppur si muove&raquo; de Galileo, la inconsistencia teol&oacute;gica del limbo y la elucidaci&oacute;n de lo uno y trino en la doble h&eacute;lice del ADN.<\/p>\n<p>&nbsp;<\/p>\n<\/td>\n<td style=\"width: 14px;\">&nbsp;<\/td>\n<\/tr>\n<tr>\n<td>&nbsp;<\/td>\n<td style=\"width: 564px; text-align: right;\">Publicado en <em><a href=\"http:\/\/www.noticiasdenavarra.com\/ediciones\/2005\/12\/02\/opinion\/contra.php\" target=\"blank\">Diario de Noticias<\/a><\/em>, diciembre de 2005<\/td>\n<td style=\"width: 14px;\">&nbsp;<\/td>\n<\/tr>\n<\/tbody>\n<\/table>\n<p>&nbsp;<\/p>\n","protected":false},"excerpt":{"rendered":"<p>&nbsp; &nbsp; &nbsp; &nbsp; La noticia de que el limbo carece de sustancia teol&oacute;gica consistente &mdash;por lo que la curia romana sopesa prescindir de &eacute;l&mdash; ha eclipsado las &uacute;ltimas nuevas habidas sobre el paradero del Esp&iacute;ritu Santo. Seg&uacute;n testigos oculares, hace unas cuatro semanas, el Esp&iacute;ritu Santo revolote&oacute; por Pamplona en su forma m&aacute;s tradicional: la de paloma. O eso dec&iacute;a en un art&iacute;culo el compa&ntilde;ero en estas lides period&iacute;sticas, Rom&aacute;n Felones, al que cedo la palabra: &laquo;Mientras Boff hablaba en un correcto y euf&oacute;nico castellano &ndash;escrib&iacute;a el articulista, glosando con unci&oacute;n la visita del te&oacute;logo&ndash;, el silencio era expresivo y en el ambiente, como acertadamente resumi&oacute; el moderador, aleteaba el Esp&iacute;ritu&raquo;. Que el castellano de Boff fuese &laquo;correcto y euf&oacute;nico&raquo; no sorprende, si por la sala  [&#8230;]<\/p>\n","protected":false},"author":82,"featured_media":0,"comment_status":"open","ping_status":"open","sticky":false,"template":"","format":"standard","meta":{"jetpack_post_was_ever_published":false,"_jetpack_newsletter_access":"","_jetpack_dont_email_post_to_subs":false,"_jetpack_newsletter_tier_id":0,"_jetpack_memberships_contains_paywalled_content":false,"_jetpack_memberships_contains_paid_content":false,"footnotes":"","jetpack_publicize_message":"","jetpack_publicize_feature_enabled":true,"jetpack_social_post_already_shared":false,"jetpack_social_options":{"image_generator_settings":{"template":"highway","default_image_id":0,"font":"","enabled":false},"version":2}},"categories":[3],"tags":[],"class_list":["post-29","post","type-post","status-publish","format-standard","hentry","category-na"],"jetpack_publicize_connections":[],"jetpack_featured_media_url":"","jetpack_shortlink":"https:\/\/wp.me\/p6kHv-t","jetpack_sharing_enabled":true,"jetpack-related-posts":[{"id":485,"url":"https:\/\/www.edder.org\/?p=485","url_meta":{"origin":29,"position":0},"title":"Los Rodezno y su esp\u00edritu","author":"Eder","date":"viernes, 9 Oct, 2009","format":false,"excerpt":"Me hab\u00eda prometido no hablar en este curso m\u00e1s que de condados como el de Faulkner. Tambi\u00e9n pensaba hablar \u2013otro a\u00f1o ser\u00e1\u2013 de aquella pel\u00edcula en la que Burt Lancaster va de piscina en piscina: \u201c\u00a1Hoy es el d\u00eda en que Ned Merril atraviesa a nado el condado!\u201d. Pero pese\u2026","rel":"","context":"En \u00abNA\u00bb","block_context":{"text":"NA","link":"https:\/\/www.edder.org\/?cat=3"},"img":{"alt_text":"","src":"","width":0,"height":0},"classes":[]},{"id":718,"url":"https:\/\/www.edder.org\/?p=718","url_meta":{"origin":29,"position":1},"title":"Lo que les d\u00e9 la gana","author":"Eder","date":"viernes, 4 Jun, 2010","format":false,"excerpt":"Nunca un editorialista ha sido m\u00e1s claro que aquel que el 1 de agosto de 1936, tras referirse en la primera plana del primer peri\u00f3dico navarro al congreso \u2013obviamente suspendido\u2013 que la Sociedad de Estudios Vascos ten\u00eda programado en Estella para el mes siguiente, apostillaba o \u201capuntillaba\u201d: \u201cEn septiembre se\u2026","rel":"","context":"En \u00abNA\u00bb","block_context":{"text":"NA","link":"https:\/\/www.edder.org\/?cat=3"},"img":{"alt_text":"","src":"","width":0,"height":0},"classes":[]},{"id":53,"url":"https:\/\/www.edder.org\/?p=53","url_meta":{"origin":29,"position":2},"title":"Con Lacan y en la CAN","author":"Eder","date":"viernes, 21 Abr, 2006","format":false,"excerpt":"Con Lacan. \u00bfSab\u00eda usted que lo navarristas que tan acerbamente tiran contra los catalanistas, est\u00e1n hechos de la madera ideol\u00f3gica de Jes\u00fas Aizp\u00fan Tuero, descendiente del hist\u00f3rico pol\u00edtico navarro Rafael Aizp\u00fan Santaf\u00e9, que curs\u00f3 estudios en Barcelona, donde frecuent\u00f3 a ilustres figuras del catalanismo que informar\u00edan el navarrismo del padre,\u2026","rel":"","context":"En \u00abNA\u00bb","block_context":{"text":"NA","link":"https:\/\/www.edder.org\/?cat=3"},"img":{"alt_text":"","src":"","width":0,"height":0},"classes":[]},{"id":11,"url":"https:\/\/www.edder.org\/?p=11","url_meta":{"origin":29,"position":3},"title":"Familia unida","author":"Eder","date":"domingo, 25 Sep, 2005","format":false,"excerpt":"En el d\u00eda de la ofrenda infantil a San Ferm\u00edn, la letrilla que dice, ???A San Ferm\u00edn pedimos, por ser nuestro patr\u00f3n, nos gu\u00ede en el encierro, d\u00e1ndonos su bendici\u00f3n???, este a\u00f1o se convirti\u00f3 en: ???A San Ferm\u00edn pedimos, por ser nuestro patr\u00f3n, nos guarde a la familia, d\u00e1ndole su\u2026","rel":"","context":"En \u00abNA\u00bb","block_context":{"text":"NA","link":"https:\/\/www.edder.org\/?cat=3"},"img":{"alt_text":"","src":"","width":0,"height":0},"classes":[]},{"id":47550,"url":"https:\/\/www.edder.org\/?p=47550","url_meta":{"origin":29,"position":4},"title":"El traductor, por Jorge Luis Borges","author":"Eder","date":"martes, 13 Ene, 2026","format":false,"excerpt":"","rel":"","context":"En \u00abCine\u00bb","block_context":{"text":"Cine","link":"https:\/\/www.edder.org\/?cat=79"},"img":{"alt_text":"","src":"https:\/\/i0.wp.com\/www.edder.org\/upload\/2026\/01\/tigres.jpg?resize=350%2C200&ssl=1","width":350,"height":200,"srcset":"https:\/\/i0.wp.com\/www.edder.org\/upload\/2026\/01\/tigres.jpg?resize=350%2C200&ssl=1 1x, https:\/\/i0.wp.com\/www.edder.org\/upload\/2026\/01\/tigres.jpg?resize=525%2C300&ssl=1 1.5x, https:\/\/i0.wp.com\/www.edder.org\/upload\/2026\/01\/tigres.jpg?resize=700%2C400&ssl=1 2x, https:\/\/i0.wp.com\/www.edder.org\/upload\/2026\/01\/tigres.jpg?resize=1050%2C600&ssl=1 3x"},"classes":[]},{"id":54,"url":"https:\/\/www.edder.org\/?p=54","url_meta":{"origin":29,"position":5},"title":"Erre que erre","author":"Eder","date":"viernes, 28 Abr, 2006","format":false,"excerpt":"","rel":"","context":"En \u00abNA\u00bb","block_context":{"text":"NA","link":"https:\/\/www.edder.org\/?cat=3"},"img":{"alt_text":"","src":"","width":0,"height":0},"classes":[]}],"jetpack_likes_enabled":true,"_links":{"self":[{"href":"https:\/\/www.edder.org\/index.php?rest_route=\/wp\/v2\/posts\/29","targetHints":{"allow":["GET"]}}],"collection":[{"href":"https:\/\/www.edder.org\/index.php?rest_route=\/wp\/v2\/posts"}],"about":[{"href":"https:\/\/www.edder.org\/index.php?rest_route=\/wp\/v2\/types\/post"}],"author":[{"embeddable":true,"href":"https:\/\/www.edder.org\/index.php?rest_route=\/wp\/v2\/users\/82"}],"replies":[{"embeddable":true,"href":"https:\/\/www.edder.org\/index.php?rest_route=%2Fwp%2Fv2%2Fcomments&post=29"}],"version-history":[{"count":0,"href":"https:\/\/www.edder.org\/index.php?rest_route=\/wp\/v2\/posts\/29\/revisions"}],"wp:attachment":[{"href":"https:\/\/www.edder.org\/index.php?rest_route=%2Fwp%2Fv2%2Fmedia&parent=29"}],"wp:term":[{"taxonomy":"category","embeddable":true,"href":"https:\/\/www.edder.org\/index.php?rest_route=%2Fwp%2Fv2%2Fcategories&post=29"},{"taxonomy":"post_tag","embeddable":true,"href":"https:\/\/www.edder.org\/index.php?rest_route=%2Fwp%2Fv2%2Ftags&post=29"}],"curies":[{"name":"wp","href":"https:\/\/api.w.org\/{rel}","templated":true}]}}