{"id":2864,"date":"2013-01-29T00:31:12","date_gmt":"2013-01-28T23:31:12","guid":{"rendered":"https:\/\/www.edder.org\/?p=2864"},"modified":"2013-01-29T00:35:13","modified_gmt":"2013-01-28T23:35:13","slug":"el-aspecto-del-miedo","status":"publish","type":"post","link":"https:\/\/www.edder.org\/?p=2864","title":{"rendered":"El aspecto del miedo"},"content":{"rendered":"<p style=\"text-align: center;\"><div class=\"video-shortcode\"><iframe title=\"El aspecto del miedo\" width=\"1200\" height=\"900\" src=\"https:\/\/www.youtube.com\/embed\/v-efGb-VbVk?feature=oembed\" frameborder=\"0\" allow=\"accelerometer; autoplay; clipboard-write; encrypted-media; gyroscope; picture-in-picture; web-share\" allowfullscreen><\/iframe><\/div><\/p>\n<p style=\"text-align: center;\">&nbsp;<\/p>\n<p style=\"text-align: center;\">&nbsp;<\/p>\n<p style=\"text-align: center;\">Puede verse tambi&eacute;n:<\/p>\n<p style=\"text-align: center;\">Pamplona, 1937 (parte I)<\/p>\n<p style=\"text-align: center;\"><div class=\"video-shortcode\"><iframe title=\"Pamplona, 1937\" width=\"1200\" height=\"900\" src=\"https:\/\/www.youtube.com\/embed\/OIf3w_O6nFI?feature=oembed\" frameborder=\"0\" allow=\"accelerometer; autoplay; clipboard-write; encrypted-media; gyroscope; picture-in-picture; web-share\" allowfullscreen><\/iframe><\/div><\/p>\n<p style=\"text-align: center;\">&nbsp;<\/p>\n<p style=\"text-align: center;\">&nbsp;<\/p>\n<p style=\"text-align: center;\">Pamplona, 1937 (parte II)<\/p>\n<p style=\"text-align: center;\"><div class=\"video-shortcode\"><iframe title=\"Pamplona, 1937\" width=\"1200\" height=\"900\" src=\"https:\/\/www.youtube.com\/embed\/0KlApHegezQ?feature=oembed\" frameborder=\"0\" allow=\"accelerometer; autoplay; clipboard-write; encrypted-media; gyroscope; picture-in-picture; web-share\" allowfullscreen><\/iframe><\/div><\/p>\n<p>&nbsp;<\/p>\n<p>&nbsp;<\/p>\n","protected":false},"excerpt":{"rendered":"<p>&nbsp; &nbsp; Puede verse tambi&eacute;n: Pamplona, 1937 (parte I) &nbsp; &nbsp; Pamplona, 1937 (parte II) &nbsp; &nbsp;<\/p>\n","protected":false},"author":82,"featured_media":0,"comment_status":"open","ping_status":"open","sticky":false,"template":"","format":"standard","meta":{"jetpack_post_was_ever_published":false,"_jetpack_newsletter_access":"","_jetpack_dont_email_post_to_subs":false,"_jetpack_newsletter_tier_id":0,"_jetpack_memberships_contains_paywalled_content":false,"_jetpack_memberships_contains_paid_content":false,"footnotes":"","jetpack_publicize_message":"","jetpack_publicize_feature_enabled":true,"jetpack_social_post_already_shared":false,"jetpack_social_options":{"image_generator_settings":{"template":"highway","default_image_id":0,"font":"","enabled":false},"version":2}},"categories":[3,1],"tags":[],"class_list":["post-2864","post","type-post","status-publish","format-standard","hentry","category-na","category-sin-categorizar"],"jetpack_publicize_connections":[],"jetpack_featured_media_url":"","jetpack_shortlink":"https:\/\/wp.me\/p6kHv-Kc","jetpack_sharing_enabled":true,"jetpack-related-posts":[{"id":2046,"url":"https:\/\/www.edder.org\/?p=2046","url_meta":{"origin":2864,"position":0},"title":"Pamplona hacia 1937","author":"Eder","date":"martes, 16 Ago, 2011","format":false,"excerpt":"","rel":"","context":"En \u00abNA\u00bb","block_context":{"text":"NA","link":"https:\/\/www.edder.org\/?cat=3"},"img":{"alt_text":"","src":"","width":0,"height":0},"classes":[]},{"id":1766,"url":"https:\/\/www.edder.org\/?p=1766","url_meta":{"origin":2864,"position":1},"title":"Pamplona 1937. Tarde de cine","author":"Eder","date":"martes, 26 Abr, 2011","format":false,"excerpt":"Cin\u00e9filos: \u00a0 Cin\u00e9filos, porque sabido es que ni Riefenstahl ni Hitler, al planear El triunfo de la voluntad \u2014la parte m\u00e1s importante del programa cinematogr\u00e1fico pamplon\u00e9s\u2014, quer\u00edan hacer una pel\u00edcula pol\u00edtica: solo les interesaba el arte, como seguramente a los que acudieron a verla ese 31 de marzo de 1937.\u2026","rel":"","context":"En \u00abNA\u00bb","block_context":{"text":"NA","link":"https:\/\/www.edder.org\/?cat=3"},"img":{"alt_text":"","src":"https:\/\/i0.wp.com\/edder.org\/images\/programa.jpg?resize=350%2C200","width":350,"height":200,"srcset":"https:\/\/i0.wp.com\/edder.org\/images\/programa.jpg?resize=350%2C200 1x, https:\/\/i0.wp.com\/edder.org\/images\/programa.jpg?resize=525%2C300 1.5x"},"classes":[]},{"id":2324,"url":"https:\/\/www.edder.org\/?p=2324","url_meta":{"origin":2864,"position":2},"title":"Pamplona, 1963","author":"Eder","date":"lunes, 13 Feb, 2012","format":false,"excerpt":"","rel":"","context":"En \u00abCine\u00bb","block_context":{"text":"Cine","link":"https:\/\/www.edder.org\/?cat=79"},"img":{"alt_text":"","src":"","width":0,"height":0},"classes":[]},{"id":2284,"url":"https:\/\/www.edder.org\/?p=2284","url_meta":{"origin":2864,"position":3},"title":"Pamplona hacia 1944","author":"Eder","date":"domingo, 22 Ene, 2012","format":false,"excerpt":"","rel":"","context":"En \u00abCine\u00bb","block_context":{"text":"Cine","link":"https:\/\/www.edder.org\/?cat=79"},"img":{"alt_text":"","src":"","width":0,"height":0},"classes":[]},{"id":3726,"url":"https:\/\/www.edder.org\/?p=3726","url_meta":{"origin":2864,"position":4},"title":"YouTube is fantastic","author":"Eder","date":"domingo, 27 Jul, 2014","format":false,"excerpt":"I love YouTube:","rel":"","context":"En \u00abCine\u00bb","block_context":{"text":"Cine","link":"https:\/\/www.edder.org\/?cat=79"},"img":{"alt_text":"","src":"https:\/\/i0.wp.com\/www.edder.org\/upload\/2014\/07\/vlcsnap-2015-08-16-11h14m52s47.png?resize=350%2C200&ssl=1","width":350,"height":200},"classes":[]},{"id":2228,"url":"https:\/\/www.edder.org\/?p=2228","url_meta":{"origin":2864,"position":5},"title":"Pamplona, hacia 1967","author":"Eder","date":"s\u00e1bado, 17 Dic, 2011","format":false,"excerpt":"Americana, te recibimos con alegr\u00eda\u2026","rel":"","context":"En \u00abCine\u00bb","block_context":{"text":"Cine","link":"https:\/\/www.edder.org\/?cat=79"},"img":{"alt_text":"","src":"","width":0,"height":0},"classes":[]}],"jetpack_likes_enabled":true,"_links":{"self":[{"href":"https:\/\/www.edder.org\/index.php?rest_route=\/wp\/v2\/posts\/2864","targetHints":{"allow":["GET"]}}],"collection":[{"href":"https:\/\/www.edder.org\/index.php?rest_route=\/wp\/v2\/posts"}],"about":[{"href":"https:\/\/www.edder.org\/index.php?rest_route=\/wp\/v2\/types\/post"}],"author":[{"embeddable":true,"href":"https:\/\/www.edder.org\/index.php?rest_route=\/wp\/v2\/users\/82"}],"replies":[{"embeddable":true,"href":"https:\/\/www.edder.org\/index.php?rest_route=%2Fwp%2Fv2%2Fcomments&post=2864"}],"version-history":[{"count":0,"href":"https:\/\/www.edder.org\/index.php?rest_route=\/wp\/v2\/posts\/2864\/revisions"}],"wp:attachment":[{"href":"https:\/\/www.edder.org\/index.php?rest_route=%2Fwp%2Fv2%2Fmedia&parent=2864"}],"wp:term":[{"taxonomy":"category","embeddable":true,"href":"https:\/\/www.edder.org\/index.php?rest_route=%2Fwp%2Fv2%2Fcategories&post=2864"},{"taxonomy":"post_tag","embeddable":true,"href":"https:\/\/www.edder.org\/index.php?rest_route=%2Fwp%2Fv2%2Ftags&post=2864"}],"curies":[{"name":"wp","href":"https:\/\/api.w.org\/{rel}","templated":true}]}}