{"id":2856,"date":"2013-01-16T01:12:00","date_gmt":"2013-01-16T00:12:00","guid":{"rendered":"https:\/\/www.edder.org\/?p=2856"},"modified":"2013-01-16T01:12:00","modified_gmt":"2013-01-16T00:12:00","slug":"fin-del-verano-de-1914","status":"publish","type":"post","link":"https:\/\/www.edder.org\/?p=2856","title":{"rendered":"Fin del verano de 1914"},"content":{"rendered":"<p style=\"text-align: center;\"><div class=\"video-shortcode\"><iframe title=\"Marne, 1914\" width=\"1200\" height=\"900\" src=\"https:\/\/www.youtube.com\/embed\/hwZIRFig_1Y?feature=oembed\" frameborder=\"0\" allow=\"accelerometer; autoplay; clipboard-write; encrypted-media; gyroscope; picture-in-picture; web-share\" allowfullscreen><\/iframe><\/div><\/p>\n<p>Now is the winter of our discontent&hellip;<\/p>\n","protected":false},"excerpt":{"rendered":"<p>Now is the winter of our discontent&hellip;<\/p>\n","protected":false},"author":82,"featured_media":0,"comment_status":"open","ping_status":"open","sticky":false,"template":"","format":"standard","meta":{"jetpack_post_was_ever_published":false,"_jetpack_newsletter_access":"","_jetpack_dont_email_post_to_subs":false,"_jetpack_newsletter_tier_id":0,"_jetpack_memberships_contains_paywalled_content":false,"_jetpack_memberships_contains_paid_content":false,"footnotes":"","jetpack_publicize_message":"","jetpack_publicize_feature_enabled":true,"jetpack_social_post_already_shared":false,"jetpack_social_options":{"image_generator_settings":{"template":"highway","default_image_id":0,"font":"","enabled":false},"version":2}},"categories":[79,1],"tags":[],"class_list":["post-2856","post","type-post","status-publish","format-standard","hentry","category-cine","category-sin-categorizar"],"jetpack_publicize_connections":[],"jetpack_featured_media_url":"","jetpack_shortlink":"https:\/\/wp.me\/p6kHv-K4","jetpack_sharing_enabled":true,"jetpack-related-posts":[{"id":3726,"url":"https:\/\/www.edder.org\/?p=3726","url_meta":{"origin":2856,"position":0},"title":"YouTube is fantastic","author":"Eder","date":"domingo, 27 Jul, 2014","format":false,"excerpt":"I love YouTube:","rel":"","context":"En \u00abCine\u00bb","block_context":{"text":"Cine","link":"https:\/\/www.edder.org\/?cat=79"},"img":{"alt_text":"","src":"https:\/\/i0.wp.com\/www.edder.org\/upload\/2014\/07\/vlcsnap-2015-08-16-11h14m52s47.png?resize=350%2C200&ssl=1","width":350,"height":200},"classes":[]},{"id":2241,"url":"https:\/\/www.edder.org\/?p=2241","url_meta":{"origin":2856,"position":1},"title":"Aquella noche de Navidad","author":"Eder","date":"domingo, 25 Dic, 2011","format":false,"excerpt":"","rel":"","context":"En \u00abCine\u00bb","block_context":{"text":"Cine","link":"https:\/\/www.edder.org\/?cat=79"},"img":{"alt_text":"","src":"","width":0,"height":0},"classes":[]},{"id":1766,"url":"https:\/\/www.edder.org\/?p=1766","url_meta":{"origin":2856,"position":2},"title":"Pamplona 1937. Tarde de cine","author":"Eder","date":"martes, 26 Abr, 2011","format":false,"excerpt":"Cin\u00e9filos: \u00a0 Cin\u00e9filos, porque sabido es que ni Riefenstahl ni Hitler, al planear El triunfo de la voluntad \u2014la parte m\u00e1s importante del programa cinematogr\u00e1fico pamplon\u00e9s\u2014, quer\u00edan hacer una pel\u00edcula pol\u00edtica: solo les interesaba el arte, como seguramente a los que acudieron a verla ese 31 de marzo de 1937.\u2026","rel":"","context":"En \u00abNA\u00bb","block_context":{"text":"NA","link":"https:\/\/www.edder.org\/?cat=3"},"img":{"alt_text":"","src":"https:\/\/i0.wp.com\/edder.org\/images\/programa.jpg?resize=350%2C200","width":350,"height":200,"srcset":"https:\/\/i0.wp.com\/edder.org\/images\/programa.jpg?resize=350%2C200 1x, https:\/\/i0.wp.com\/edder.org\/images\/programa.jpg?resize=525%2C300 1.5x"},"classes":[]},{"id":1541,"url":"https:\/\/www.edder.org\/?p=1541","url_meta":{"origin":2856,"position":3},"title":"Antes y despu\u00e9s de Le chagrin et la piti\u00e9","author":"Eder","date":"martes, 8 Mar, 2011","format":false,"excerpt":"","rel":"","context":"En \u00abCine\u00bb","block_context":{"text":"Cine","link":"https:\/\/www.edder.org\/?cat=79"},"img":{"alt_text":"","src":"","width":0,"height":0},"classes":[]},{"id":3284,"url":"https:\/\/www.edder.org\/?p=3284","url_meta":{"origin":2856,"position":4},"title":"El silencio \u2013que no la ausencia\u2013 de Pasolini","author":"Eder","date":"lunes, 18 Nov, 2013","format":false,"excerpt":"Pasolini silencioso: \u00a0","rel":"","context":"En \u00abArtes\u00bb","block_context":{"text":"Artes","link":"https:\/\/www.edder.org\/?cat=85"},"img":{"alt_text":"","src":"","width":0,"height":0},"classes":[]},{"id":1846,"url":"https:\/\/www.edder.org\/?p=1846","url_meta":{"origin":2856,"position":5},"title":"Despedido","author":"Eder","date":"s\u00e1bado, 14 May, 2011","format":false,"excerpt":"","rel":"","context":"En \u00abCine\u00bb","block_context":{"text":"Cine","link":"https:\/\/www.edder.org\/?cat=79"},"img":{"alt_text":"","src":"","width":0,"height":0},"classes":[]}],"jetpack_likes_enabled":true,"_links":{"self":[{"href":"https:\/\/www.edder.org\/index.php?rest_route=\/wp\/v2\/posts\/2856","targetHints":{"allow":["GET"]}}],"collection":[{"href":"https:\/\/www.edder.org\/index.php?rest_route=\/wp\/v2\/posts"}],"about":[{"href":"https:\/\/www.edder.org\/index.php?rest_route=\/wp\/v2\/types\/post"}],"author":[{"embeddable":true,"href":"https:\/\/www.edder.org\/index.php?rest_route=\/wp\/v2\/users\/82"}],"replies":[{"embeddable":true,"href":"https:\/\/www.edder.org\/index.php?rest_route=%2Fwp%2Fv2%2Fcomments&post=2856"}],"version-history":[{"count":0,"href":"https:\/\/www.edder.org\/index.php?rest_route=\/wp\/v2\/posts\/2856\/revisions"}],"wp:attachment":[{"href":"https:\/\/www.edder.org\/index.php?rest_route=%2Fwp%2Fv2%2Fmedia&parent=2856"}],"wp:term":[{"taxonomy":"category","embeddable":true,"href":"https:\/\/www.edder.org\/index.php?rest_route=%2Fwp%2Fv2%2Fcategories&post=2856"},{"taxonomy":"post_tag","embeddable":true,"href":"https:\/\/www.edder.org\/index.php?rest_route=%2Fwp%2Fv2%2Ftags&post=2856"}],"curies":[{"name":"wp","href":"https:\/\/api.w.org\/{rel}","templated":true}]}}