{"id":28,"date":"2005-11-25T16:58:03","date_gmt":"2005-11-25T14:58:03","guid":{"rendered":"https:\/\/www.edder.org\/?p=28"},"modified":"2018-07-27T16:38:45","modified_gmt":"2018-07-27T14:38:45","slug":"centenario-terry","status":"publish","type":"post","link":"https:\/\/www.edder.org\/?p=28","title":{"rendered":"\u00bfCentenario? \u00a1Terry!"},"content":{"rendered":"<p><img decoding=\"async\" class=\"lazyload izquierda\" alt=\"dn\" src=\"data:image\/gif;base64,R0lGODlhAQABAAAAACH5BAEKAAEALAAAAAABAAEAAAICTAEAOw==\" data-orig-src=\"https:\/\/www.edder.org\/images\/dn.gif\" \/>Y la directora del Instituto Navarro de la Mujer, \u00bfqu\u00e9 dice de ese anuncio de los tintos del <em>Reyno<\/em>, en el que de la trasera de un sof\u00e1 emergen las piernas de una mujer desvestida, sobre la que yace un ejecutivo descorbatado? \u00bfNada que declarar? <img decoding=\"async\" align=\"right\" class=\"lazyload derecha\" alt=\"dn\" title=\"dn\" src=\"data:image\/gif;base64,R0lGODlhAQABAAAAACH5BAEKAAEALAAAAAABAAEAAAICTAEAOw==\" data-orig-src=\"https:\/\/www.edder.org\/images\/tintos.gif\" \/><br \/>\nPues va a ser que con lo de la y griega del <em>Reyno<\/em> volvemos a tiempos m\u00e1s gloriosos \u2013voy por rutas imperiales\u2013 y con la publicidad a donde sol\u00edamos: a las piernas desnudas de Nico, al galope, all\u00e1 por los 60, promocionando un brandy hist\u00f3rico: el Centenario de Terry. Cuando Andy Warhol ficho a Nico para oficiar de vestal en la Velvet, los de Terry subieron al caballo a una sueca. Corr\u00edan a\u00f1os triunfales y una sueca era lo que los c\u00e1nones del landismo impon\u00edan como objeto del deseo en la imaginaci\u00f3n del macho ib\u00e9rico. \u00a1Qu\u00e9 de homenajes le ha rendido el <em>Reyno<\/em> a Landa! Y ahora los tintos forales se lo rinden al landismo. Buenos tiempos, los del <em>Reyno<\/em>, para el cl\u00e1sico energ\u00fameno hisp\u00e1nico en calzoncillos; buenos para las rutas imperiales \u2013hoy en forma de autov\u00edas\u2013 y nada malos para la l\u00edrica zarzuelera de los chulapos. Conque en el Baluarte \u2013\u00aben Baluarte\u00bb, que dicen los castizos: lo que no s\u00e9 es por qu\u00e9 no dicen \u00aben Gayarre\u00bb\u2013 tenemos <em>La chulapona<\/em> y en la foto de la semana al Gobierno foral con el \u00abtumbao\u00bb que llevan los guapos al inaugurar. As\u00ed de zarzueleros los tiempos, es natural que el supuesto escultor Carlos Ciriza, favorito del <em>Reyno<\/em>, haya colocado al pie del tramo inaugurado de autov\u00eda otra aparatosa pieza de su prol\u00edfica y chirriante cacharrer\u00eda. As\u00ed de estragado el criterio est\u00e9tico, el muy sanferminero concejal de Cultura de Pamplona \u2013\u00bfuno de esos tipos capaces de vibrar con la publicidad de los tintos forales\u2013, por aquello del V Centenario, ten\u00eda que encargar una escultura gigantesca del santo patr\u00f3n. El Javier que le han presentado, tanto le ha complacido y tanto le va a costar, est\u00e1 a la altura est\u00e9tica de la botella de T\u00edo Pepe \u2013la de la chaquetilla y el sombrero cordob\u00e9s\u2013. \u00bfCentenario? S\u00ed, pero Terry.<\/p>\n<p>Publicado en <a target=\"blank\" href=\"http:\/\/www.diariodenoticias.com\/ediciones\/2005\/11\/25\/opinion\/contra.php\">Diario de Noticias<\/a>.<\/p>\n","protected":false},"excerpt":{"rendered":"<p>Y la directora del Instituto Navarro de la Mujer, \u00bfqu\u00e9 dice de ese anuncio de los tintos del Reyno, en el que de la trasera de un sof\u00e1 emergen las piernas de una mujer desvestida, sobre la que yace un ejecutivo descorbatado? \u00bfNada que declarar? Pues va a ser que con lo de la y griega del Reyno volvemos a tiempos m\u00e1s gloriosos \u2013voy por rutas imperiales\u2013 y con la publicidad a donde sol\u00edamos: a las piernas desnudas de Nico, al galope, all\u00e1 por los 60, promocionando un brandy hist\u00f3rico: el Centenario de Terry. Cuando Andy Warhol ficho a Nico para oficiar de vestal en la Velvet, los de Terry subieron al caballo a una sueca. Corr\u00edan a\u00f1os triunfales y una sueca era lo que los c\u00e1nones  [&#8230;]<\/p>\n","protected":false},"author":82,"featured_media":0,"comment_status":"open","ping_status":"open","sticky":false,"template":"","format":"standard","meta":{"jetpack_post_was_ever_published":false,"_jetpack_newsletter_access":"","_jetpack_dont_email_post_to_subs":false,"_jetpack_newsletter_tier_id":0,"_jetpack_memberships_contains_paywalled_content":false,"_jetpack_memberships_contains_paid_content":false,"footnotes":"","jetpack_publicize_message":"","jetpack_publicize_feature_enabled":true,"jetpack_social_post_already_shared":false,"jetpack_social_options":{"image_generator_settings":{"template":"highway","default_image_id":0,"font":"","enabled":false},"version":2}},"categories":[3],"tags":[],"class_list":["post-28","post","type-post","status-publish","format-standard","hentry","category-na"],"jetpack_publicize_connections":[],"jetpack_featured_media_url":"","jetpack_shortlink":"https:\/\/wp.me\/p6kHv-s","jetpack_sharing_enabled":true,"jetpack-related-posts":[{"id":145,"url":"https:\/\/www.edder.org\/?p=145","url_meta":{"origin":28,"position":0},"title":"Cuando \u00e9ramos \u201creyno\u201d","author":"Eder","date":"viernes, 11 Abr, 2008","format":false,"excerpt":"","rel":"","context":"En \u00abNA\u00bb","block_context":{"text":"NA","link":"https:\/\/www.edder.org\/?cat=3"},"img":{"alt_text":"","src":"","width":0,"height":0},"classes":[]},{"id":519,"url":"https:\/\/www.edder.org\/?p=519","url_meta":{"origin":28,"position":1},"title":"Yolanda y \u00abyo, Landa\u00bb","author":"Eder","date":"viernes, 20 Nov, 2009","format":false,"excerpt":"Yolanda, todo junto, y \u201cyo, Landa\u201d, por separado, no como Melinda y Melinda. Por un lado, Yolanda: esa se\u00f1ora que conjuga tradici\u00f3n y modernidad al vindicar la reacci\u00f3n integrista de los Rodezno y al ejecutar las m\u00e1s modernas obras de arquitectura, como el inminente Museo de los Sanfermines. Por otro\u2026","rel":"","context":"En \u00abNA\u00bb","block_context":{"text":"NA","link":"https:\/\/www.edder.org\/?cat=3"},"img":{"alt_text":"","src":"","width":0,"height":0},"classes":[]},{"id":327,"url":"https:\/\/www.edder.org\/?p=327","url_meta":{"origin":28,"position":2},"title":"Alcanfor","author":"Eder","date":"viernes, 20 Mar, 2009","format":false,"excerpt":"Trepidante actividad cultural en la arena \u2013pron\u00fanciese \u2018harina\u2019\u2013 del Reyno. Trepidante actividad cultural ante la inminencia de la Semana Santa y con el 2016 a la vuelta de la esquina. Javieradas aparte, trepidante actividad cultural en el reyno viejo; reino que, como dijera Pem\u00e1n \u2013el poeta del R\u00e9gimen que por\u2026","rel":"","context":"En \u00abNA\u00bb","block_context":{"text":"NA","link":"https:\/\/www.edder.org\/?cat=3"},"img":{"alt_text":"","src":"","width":0,"height":0},"classes":[]},{"id":5,"url":"https:\/\/www.edder.org\/?p=5","url_meta":{"origin":28,"position":3},"title":"Embajadores del Reyno","author":"Eder","date":"domingo, 25 Sep, 2005","format":false,"excerpt":"En la ma\u00f1ana del pasado martes 5 de julio se verific\u00f3 la primera mala cornada de los corrientes sanfermines. En efecto, esa ma\u00f1ana los peri\u00f3dicos informaban sucinta, escuetamente, de que el delegado del Gobierno de Navarra en Madrid, m\u00e1s popularmente conocido como el Se\u00f1or Embajador Plenipotenciario del Reyno","rel":"","context":"En \u00abNA\u00bb","block_context":{"text":"NA","link":"https:\/\/www.edder.org\/?cat=3"},"img":{"alt_text":"","src":"","width":0,"height":0},"classes":[]},{"id":119,"url":"https:\/\/www.edder.org\/?p=119","url_meta":{"origin":28,"position":4},"title":"Con p\u00f3lvora del Reyno","author":"Eder","date":"viernes, 23 Nov, 2007","format":false,"excerpt":"Con p\u00f3lvora del Rey, \u00a1Dios qu\u00e9 buenos ca\u00f1onazos se tiran! Y con p\u00f3lvora del Reyno, qu\u00e9 bonitos saraos se organizan. Encantadora velada, seg\u00fan rezaban ayer las cr\u00f3nicas, la celebrada en Madrid \u2013con el ameno prop\u00f3sito de confraternizar\u2013 a instancia de nuestra delegaci\u00f3n diplom\u00e1tica en la Villa y Corte. S\u00ed, la\u2026","rel":"","context":"En \u00abNA\u00bb","block_context":{"text":"NA","link":"https:\/\/www.edder.org\/?cat=3"},"img":{"alt_text":"","src":"","width":0,"height":0},"classes":[]},{"id":700,"url":"https:\/\/www.edder.org\/?p=700","url_meta":{"origin":28,"position":5},"title":"En el \u201cReyno\u201d al rev\u00e9s","author":"Eder","date":"viernes, 30 Abr, 2010","format":false,"excerpt":"A los fariseos \u2013d\u00edcese de los hip\u00f3critas que fingen un alto rigor religioso y, lo que es m\u00e1s temible e inadmisible, tratan de imponer sus rigores a los dem\u00e1s\u2013, a los Sanz, Kutz, Sayas y Barcina que en materia de interrupci\u00f3n voluntaria del embarazo han hecho de este su Reyno\u2026","rel":"","context":"En \u00abNA\u00bb","block_context":{"text":"NA","link":"https:\/\/www.edder.org\/?cat=3"},"img":{"alt_text":"","src":"","width":0,"height":0},"classes":[]}],"jetpack_likes_enabled":true,"_links":{"self":[{"href":"https:\/\/www.edder.org\/index.php?rest_route=\/wp\/v2\/posts\/28","targetHints":{"allow":["GET"]}}],"collection":[{"href":"https:\/\/www.edder.org\/index.php?rest_route=\/wp\/v2\/posts"}],"about":[{"href":"https:\/\/www.edder.org\/index.php?rest_route=\/wp\/v2\/types\/post"}],"author":[{"embeddable":true,"href":"https:\/\/www.edder.org\/index.php?rest_route=\/wp\/v2\/users\/82"}],"replies":[{"embeddable":true,"href":"https:\/\/www.edder.org\/index.php?rest_route=%2Fwp%2Fv2%2Fcomments&post=28"}],"version-history":[{"count":0,"href":"https:\/\/www.edder.org\/index.php?rest_route=\/wp\/v2\/posts\/28\/revisions"}],"wp:attachment":[{"href":"https:\/\/www.edder.org\/index.php?rest_route=%2Fwp%2Fv2%2Fmedia&parent=28"}],"wp:term":[{"taxonomy":"category","embeddable":true,"href":"https:\/\/www.edder.org\/index.php?rest_route=%2Fwp%2Fv2%2Fcategories&post=28"},{"taxonomy":"post_tag","embeddable":true,"href":"https:\/\/www.edder.org\/index.php?rest_route=%2Fwp%2Fv2%2Ftags&post=28"}],"curies":[{"name":"wp","href":"https:\/\/api.w.org\/{rel}","templated":true}]}}