{"id":27,"date":"2005-11-18T22:05:49","date_gmt":"2005-11-18T20:05:49","guid":{"rendered":"https:\/\/www.edder.org\/?p=27"},"modified":"2018-07-27T16:38:45","modified_gmt":"2018-07-27T14:38:45","slug":"cuentas-claras-cristianos-viejos","status":"publish","type":"post","link":"https:\/\/www.edder.org\/?p=27","title":{"rendered":"Cuentas claras, cristianos viejos"},"content":{"rendered":"<p><img decoding=\"async\" src=\"data:image\/gif;base64,R0lGODlhAQABAAAAACH5BAEKAAEALAAAAAABAAEAAAICTAEAOw==\" data-orig-src=\"https:\/\/www.edder.org\/images\/dn.gif\" alt=\"dn\" class=\"lazyload izquierda\" \/>O sea que la Iglesia cat\u00f3lica es incapaz de financiarse, un cuarto de siglo despu\u00e9s de comprometerse a ello. Pero eso ser\u00e1 ???pertenencia de la feligres\u00eda a la cofrad\u00eda del pu\u00f1o prieto aparte??? porque de los beneficios obtenidos en operaciones financiero-inmobiliarias de tanta envergadura como la de Agustinos, los pobres obispos no ven un clavel, y as\u00ed no hay quien que se autofinancie. Eso ser\u00e1 porque de los r\u00e9ditos de las treinta congregaciones cat\u00f3licas ???am\u00e9n de diversas oeneg\u00e9s de la misma confesi\u00f3n y hasta alguna parroquia que otra??? que hac\u00edan su ingenier\u00eda financiera en Gescartera, la sufrida jerarqu\u00eda eclesial tampoco ha visto un maraved\u00ed, y as\u00ed c\u00f3mo vamos a llegar a fin de mes. La jerarqu\u00eda eclesial se las ve y se las desea para llegar a fin de mes con un presupuesto de la Hacienda p\u00fablica tan s\u00f3lo cinco veces superior a la del Estado europeo m\u00e1s desprendido con esta confesi\u00f3n religiosa. Confesi\u00f3n en la que, por otra parte, en los \u00faltimos a\u00f1os, cientos de congregaciones, \u00f3rdenes y fundaciones han pasado a convertirse en oeneg\u00e9s. Oeneg\u00e9s como Adoratrices Esclavas del Sant\u00edsimo Sacramento o Peque\u00f1a Obra de la Divina Providencia ???la Gran Obra, el Opus, tiene la oeneg\u00e9  Codespa, que en estos a\u00f1os ha recibido subvenciones por cientos de millones???. Oeneg\u00e9s que, por otros conceptos contables distintos a los oficialmente acordados con el Estado, absorben buena parte de las subvenciones p\u00fablicas dedicadas a fines sociales. Fines que ciertamente llevan a t\u00e9rmino, de paso que hacen sus privadas labores apost\u00f3licas. Oeneg\u00e9s ???laico-cat\u00f3licas???, si hemos de remitirnos a la actualidad ???a la perenne actualidad de don Ricardo de Le\u00f3n: ya falta menos para su gloriosa jubilaci\u00f3n???, como Mensajeros de la Paz. La cuenta final, pues, no puede ser m\u00e1s enmara\u00f1ada. Y el favor de la amistad estatal ???a cuyas arcas contribuyen creyentes diversos e increyentes de toda laya??? que el bronco cristianismo viejo pretende renovar airadamente, no puede estar menos y peor justificado.<br \/>\nPublicado en <a href=\"http:\/\/www.diariodenoticias.com\/ediciones\/2005\/11\/18\/opinion\/contra.php\" target=\"blank\">Diario de Noticias<\/a>.<\/p>\n","protected":false},"excerpt":{"rendered":"<p>O sea que la Iglesia cat\u00f3lica es incapaz de financiarse, un cuarto de siglo despu\u00e9s de comprometerse a ello. Pero eso ser\u00e1 ???pertenencia de la feligres\u00eda a la cofrad\u00eda del pu\u00f1o prieto aparte??? porque de los beneficios obtenidos en operaciones financiero-inmobiliarias de tanta envergadura como la de Agustinos, los pobres obispos no ven un clavel, y as\u00ed no hay quien que se autofinancie. Eso ser\u00e1 porque de los r\u00e9ditos de las treinta congregaciones cat\u00f3licas ???am\u00e9n de diversas oeneg\u00e9s de la misma confesi\u00f3n y hasta alguna parroquia que otra??? que hac\u00edan su ingenier\u00eda financiera en Gescartera, la sufrida jerarqu\u00eda eclesial tampoco ha visto un maraved\u00ed, y as\u00ed c\u00f3mo vamos a llegar a fin de mes. La jerarqu\u00eda eclesial se las ve y se las desea para llegar a  [&#8230;]<\/p>\n","protected":false},"author":82,"featured_media":0,"comment_status":"open","ping_status":"open","sticky":false,"template":"","format":"standard","meta":{"jetpack_post_was_ever_published":false,"_jetpack_newsletter_access":"","_jetpack_dont_email_post_to_subs":false,"_jetpack_newsletter_tier_id":0,"_jetpack_memberships_contains_paywalled_content":false,"_jetpack_memberships_contains_paid_content":false,"footnotes":"","jetpack_publicize_message":"","jetpack_publicize_feature_enabled":true,"jetpack_social_post_already_shared":false,"jetpack_social_options":{"image_generator_settings":{"template":"highway","default_image_id":0,"font":"","enabled":false},"version":2}},"categories":[3,1],"tags":[],"class_list":["post-27","post","type-post","status-publish","format-standard","hentry","category-na","category-sin-categorizar"],"jetpack_publicize_connections":[],"jetpack_featured_media_url":"","jetpack_shortlink":"https:\/\/wp.me\/p6kHv-r","jetpack_sharing_enabled":true,"jetpack-related-posts":[{"id":135,"url":"https:\/\/www.edder.org\/?p=135","url_meta":{"origin":27,"position":0},"title":"Razones para descreer","author":"Eder","date":"viernes, 8 Feb, 2008","format":false,"excerpt":"En principio no habr\u00eda por qu\u00e9 descartar la hip\u00f3tesis de que la Conferencia Episcopal Espa\u00f1ola \u2013esa caricatura de una jerarqu\u00eda eclesial campeando por los que no son sus dominios\u2013 fuese otro invento del Gobierno para perpetuarse entre los elegidos. A falta de una rotunda cuenta de resultados pol\u00edticos, nada mejor\u2026","rel":"","context":"En \u00abNA\u00bb","block_context":{"text":"NA","link":"https:\/\/www.edder.org\/?cat=3"},"img":{"alt_text":"","src":"","width":0,"height":0},"classes":[]},{"id":137,"url":"https:\/\/www.edder.org\/?p=137","url_meta":{"origin":27,"position":1},"title":"Covadonga reinsurgente","author":"Eder","date":"viernes, 22 Feb, 2008","format":false,"excerpt":"De la protesta de la se\u00f1ora Barcina por la sentencia que insta a cambiar el nombre de algunas calles de la \u00e9poca franquista me llaman la atenci\u00f3n dos cosas. La primera es la bendita y santa ignorancia de que hace gala quien protesta. A intelectuales como Barcina no se les\u2026","rel":"","context":"En \u00abNA\u00bb","block_context":{"text":"NA","link":"https:\/\/www.edder.org\/?cat=3"},"img":{"alt_text":"","src":"","width":0,"height":0},"classes":[]},{"id":12626,"url":"https:\/\/www.edder.org\/?p=12626","url_meta":{"origin":27,"position":2},"title":"\u00a1Tomad quina Santa Cope\u00edna!","author":"Eder","date":"viernes, 4 Dic, 2015","format":false,"excerpt":"\u00bfQuer\u00edamos laicismo? \u00a1Pues tomemos del frasco y por partida doble! El Gobierno navarro bandeando y en la procesi\u00f3n en el d\u00eda del santo patr\u00f3n. En la misa de Javier \u2013all\u00e1 fueron raudos los consejeros de Cultura y Derechos Sociales\u2013, como es sacrosanta tradici\u00f3n desde lo menos la transici\u00f3n, y en\u2026","rel":"","context":"En \u00abNA\u00bb","block_context":{"text":"NA","link":"https:\/\/www.edder.org\/?cat=3"},"img":{"alt_text":"","src":"https:\/\/i0.wp.com\/www.edder.org\/upload\/2015\/12\/ima1.jpg?resize=350%2C200&ssl=1","width":350,"height":200},"classes":[]},{"id":14066,"url":"https:\/\/www.edder.org\/?p=14066","url_meta":{"origin":27,"position":3},"title":"El Gobierno (este y el otro) en procesi\u00f3n","author":"Eder","date":"mi\u00e9rcoles, 11 Abr, 2018","format":false,"excerpt":"Por lo que se ve en la foto facilitada este mediod\u00eda por el Gobierno de Navarra, este a\u00f1o (2018), como el pasado y el anterior, el Ejecutivo foral no solo ha recibido\u00a0en la puerta de la sede\u00a0 gubernamental al clero que todos los a\u00f1os por estas tradicionales fecha le visita\u2026","rel":"","context":"En \u00abNA\u00bb","block_context":{"text":"NA","link":"https:\/\/www.edder.org\/?cat=3"},"img":{"alt_text":"","src":"https:\/\/i0.wp.com\/www.edder.org\/upload\/2018\/04\/totem2.jpg?resize=350%2C200&ssl=1","width":350,"height":200},"classes":[]},{"id":40,"url":"https:\/\/www.edder.org\/?p=40","url_meta":{"origin":27,"position":4},"title":"San(z)cho el Continuador","author":"Eder","date":"viernes, 27 Ene, 2006","format":false,"excerpt":"Por falta de devoci\u00f3n hacia las monarqu\u00edas en general ???Karl Marx: el principio sobre el que se asienta la monarqu\u00eda es el hombre despreciado, deshumanizado, reducido a \u00abpopulacho\u00bb??? y a las sagas reales navarras en particular, no puedo decir si el consejero navarro del ramo tur\u00edstico-cultural incurre en una solemne\u2026","rel":"","context":"En \u00abNA\u00bb","block_context":{"text":"NA","link":"https:\/\/www.edder.org\/?cat=3"},"img":{"alt_text":"","src":"","width":0,"height":0},"classes":[]},{"id":577,"url":"https:\/\/www.edder.org\/?p=577","url_meta":{"origin":27,"position":5},"title":"El se\u00f1or Ferrari","author":"Eder","date":"domingo, 28 Feb, 2010","format":false,"excerpt":"Cuando el otro d\u00eda supe casualmente que uno de mis vecinos ya no era mi vecino \u2013se hab\u00eda vuelto al pa\u00eds del que vino hace no tanto, probablemente para siempre\u2013, me acord\u00e9 del se\u00f1or Ferrari. No me refiero a Enzo Ferrari, patr\u00f3n de la escuder\u00eda de coches de carreras a\u2026","rel":"","context":"En \u00abSin categorizar\u00bb","block_context":{"text":"Sin categorizar","link":"https:\/\/www.edder.org\/?cat=1"},"img":{"alt_text":"","src":"","width":0,"height":0},"classes":[]}],"jetpack_likes_enabled":true,"_links":{"self":[{"href":"https:\/\/www.edder.org\/index.php?rest_route=\/wp\/v2\/posts\/27","targetHints":{"allow":["GET"]}}],"collection":[{"href":"https:\/\/www.edder.org\/index.php?rest_route=\/wp\/v2\/posts"}],"about":[{"href":"https:\/\/www.edder.org\/index.php?rest_route=\/wp\/v2\/types\/post"}],"author":[{"embeddable":true,"href":"https:\/\/www.edder.org\/index.php?rest_route=\/wp\/v2\/users\/82"}],"replies":[{"embeddable":true,"href":"https:\/\/www.edder.org\/index.php?rest_route=%2Fwp%2Fv2%2Fcomments&post=27"}],"version-history":[{"count":0,"href":"https:\/\/www.edder.org\/index.php?rest_route=\/wp\/v2\/posts\/27\/revisions"}],"wp:attachment":[{"href":"https:\/\/www.edder.org\/index.php?rest_route=%2Fwp%2Fv2%2Fmedia&parent=27"}],"wp:term":[{"taxonomy":"category","embeddable":true,"href":"https:\/\/www.edder.org\/index.php?rest_route=%2Fwp%2Fv2%2Fcategories&post=27"},{"taxonomy":"post_tag","embeddable":true,"href":"https:\/\/www.edder.org\/index.php?rest_route=%2Fwp%2Fv2%2Ftags&post=27"}],"curies":[{"name":"wp","href":"https:\/\/api.w.org\/{rel}","templated":true}]}}