{"id":26,"date":"2005-11-11T19:41:24","date_gmt":"2005-11-11T17:41:24","guid":{"rendered":"https:\/\/www.edder.org\/?p=26"},"modified":"2018-07-27T16:38:45","modified_gmt":"2018-07-27T14:38:45","slug":"senor-o-truhan","status":"publish","type":"post","link":"https:\/\/www.edder.org\/?p=26","title":{"rendered":"\u00bfSe\u00f1or o Truh\u00e1n?"},"content":{"rendered":"<p><img decoding=\"async\" src=\"data:image\/gif;base64,R0lGODlhAQABAAAAACH5BAEKAAEALAAAAAABAAEAAAICTAEAOw==\" data-orig-src=\"https:\/\/www.edder.org\/images\/dn.gif\" alt=\"dn\" class=\"lazyload izquierda\" \/>Ricardo de Le\u00f3n: el ex <em>embajador<\/em> plenipotenciario del <em>Reyno<\/em> en la Villa y Corte. Si es verdad, como se informaba ayer, de que en su calidad de gerente de Humanismo y Democracia ???con un sueldo de 44.619 euros anuales, entre otras remuneraciones??? se contrat\u00f3 a s\u00ed mismo en oficios de cooperante en la Rep\u00fablica Dominicana ???con una n\u00f3mina mensual de 3.197 euros, entre otros diversos sueldos sufragados total o parcialmente por los caudales p\u00fablicos???; si es verdad que estamp\u00f3 dos veces su firma en un documento contractual, primero como parte contratada y despu\u00e9s como parte contratante, es que el se\u00f1or ex <em>embajador<\/em> del <em>Reyno<\/em> no va a ser un se\u00f1or, como con tanto ardor sostuvo el incombustible del Burgo ???quien no ha vuelto a decir ni esta boca es m\u00eda en lo que se refiere al caso de don Ricardo???. M\u00e1s que un se\u00f1or, ser\u00eda un truh\u00e1n. Si es verdad, como todo parece indicar, que este ???dig\u00e1moslo as\u00ed??? extra\u00f1o cooperante, hoy del todo desocupado ???en una expectativa de destino sin destino posible, dado el car\u00e1cter de sus operaciones???, nunca cooper\u00f3 en la Rep\u00fablica Dominicana ???donde, sin embargo, ciertamente hay indicios abundantes de que oper\u00f3 ampliamente???, tiene m\u00e1s delito del que a primera vista parece que, a d\u00eda de hoy, los administradores de los caudales p\u00fablicos sigan cotizando generosamente por \u00e9l, sin m\u00e1s justificaci\u00f3n que la de granjearle una pensi\u00f3n de oro en su pr\u00f3xima y a buen seguro regalada jubilaci\u00f3n. Tiene delito, cuando menos delito pol\u00edtico, que as\u00ed sea y que as\u00ed el consorcio electoral PP-UPN-CDN se la bendiga ???que le bendiga, digo, la pensi\u00f3n de oro y la regalada jubilaci\u00f3n???. Roma ???dicen??? no pagaba a traidores; el <em>Reyno<\/em> ???se conoce??? paga religiosamente a quien, al firmar contratos como parte contradada y parte contratante ???entre otras operaciones???, no s\u00f3lo oper\u00f3 como oper\u00f3, sino que minti\u00f3 a las <em>Cortes del Reyno<\/em> ???dig\u00e1moslo de tan arcaica manera, visto lo rancio de los tiempos, para que mejor nos entiendan??? sobre su <em>modus operandi<\/em>: el de un truh\u00e1n, no el de un se\u00f1or.<br \/>\nPublicado en <a href=\"http:\/\/www.noticiasdenavarra.com\/ediciones\/2005\/11\/11\/opinion\/contra.php\" target=\"blank\">Diario de Noticias<\/a>.<\/p>\n","protected":false},"excerpt":{"rendered":"<p>Ricardo de Le\u00f3n: el ex embajador plenipotenciario del Reyno en la Villa y Corte. Si es verdad, como se informaba ayer, de que en su calidad de gerente de Humanismo y Democracia ???con un sueldo de 44.619 euros anuales, entre otras remuneraciones??? se contrat\u00f3 a s\u00ed mismo en oficios de cooperante en la Rep\u00fablica Dominicana ???con una n\u00f3mina mensual de 3.197 euros, entre otros diversos sueldos sufragados total o parcialmente por los caudales p\u00fablicos???; si es verdad que estamp\u00f3 dos veces su firma en un documento contractual, primero como parte contratada y despu\u00e9s como parte contratante, es que el se\u00f1or ex embajador del Reyno no va a ser un se\u00f1or, como con tanto ardor sostuvo el incombustible del Burgo ???quien no ha vuelto a decir ni esta  [&#8230;]<\/p>\n","protected":false},"author":82,"featured_media":0,"comment_status":"open","ping_status":"open","sticky":false,"template":"","format":"standard","meta":{"jetpack_post_was_ever_published":false,"_jetpack_newsletter_access":"","_jetpack_dont_email_post_to_subs":false,"_jetpack_newsletter_tier_id":0,"_jetpack_memberships_contains_paywalled_content":false,"_jetpack_memberships_contains_paid_content":false,"footnotes":"","jetpack_publicize_message":"","jetpack_publicize_feature_enabled":true,"jetpack_social_post_already_shared":false,"jetpack_social_options":{"image_generator_settings":{"template":"highway","default_image_id":0,"font":"","enabled":false},"version":2}},"categories":[3],"tags":[],"class_list":["post-26","post","type-post","status-publish","format-standard","hentry","category-na"],"jetpack_publicize_connections":[],"jetpack_featured_media_url":"","jetpack_shortlink":"https:\/\/wp.me\/p6kHv-q","jetpack_sharing_enabled":true,"jetpack-related-posts":[{"id":5,"url":"https:\/\/www.edder.org\/?p=5","url_meta":{"origin":26,"position":0},"title":"Embajadores del Reyno","author":"Eder","date":"domingo, 25 Sep, 2005","format":false,"excerpt":"En la ma\u00f1ana del pasado martes 5 de julio se verific\u00f3 la primera mala cornada de los corrientes sanfermines. En efecto, esa ma\u00f1ana los peri\u00f3dicos informaban sucinta, escuetamente, de que el delegado del Gobierno de Navarra en Madrid, m\u00e1s popularmente conocido como el Se\u00f1or Embajador Plenipotenciario del Reyno","rel":"","context":"En \u00abNA\u00bb","block_context":{"text":"NA","link":"https:\/\/www.edder.org\/?cat=3"},"img":{"alt_text":"","src":"","width":0,"height":0},"classes":[]},{"id":119,"url":"https:\/\/www.edder.org\/?p=119","url_meta":{"origin":26,"position":1},"title":"Con p\u00f3lvora del Reyno","author":"Eder","date":"viernes, 23 Nov, 2007","format":false,"excerpt":"Con p\u00f3lvora del Rey, \u00a1Dios qu\u00e9 buenos ca\u00f1onazos se tiran! Y con p\u00f3lvora del Reyno, qu\u00e9 bonitos saraos se organizan. Encantadora velada, seg\u00fan rezaban ayer las cr\u00f3nicas, la celebrada en Madrid \u2013con el ameno prop\u00f3sito de confraternizar\u2013 a instancia de nuestra delegaci\u00f3n diplom\u00e1tica en la Villa y Corte. S\u00ed, la\u2026","rel":"","context":"En \u00abNA\u00bb","block_context":{"text":"NA","link":"https:\/\/www.edder.org\/?cat=3"},"img":{"alt_text":"","src":"","width":0,"height":0},"classes":[]},{"id":145,"url":"https:\/\/www.edder.org\/?p=145","url_meta":{"origin":26,"position":2},"title":"Cuando \u00e9ramos \u201creyno\u201d","author":"Eder","date":"viernes, 11 Abr, 2008","format":false,"excerpt":"","rel":"","context":"En \u00abNA\u00bb","block_context":{"text":"NA","link":"https:\/\/www.edder.org\/?cat=3"},"img":{"alt_text":"","src":"","width":0,"height":0},"classes":[]},{"id":66,"url":"https:\/\/www.edder.org\/?p=66","url_meta":{"origin":26,"position":3},"title":"La mili de los chusqueros","author":"Eder","date":"viernes, 13 Oct, 2006","format":false,"excerpt":"\u00abYo es que tengo mucho mili en pol\u00edtica.\u00bb Eso dec\u00eda el siempre ameno Miguel Sanz, sincer\u00e1ndose en su \u00faltima entrevista. No es nada la mili que usted tiene para la que le queda hasta llegar a esa jubilaci\u00f3n hacia la que marcha Del Burgo y a la que no s\u00e9\u2026","rel":"","context":"En \u00abNA\u00bb","block_context":{"text":"NA","link":"https:\/\/www.edder.org\/?cat=3"},"img":{"alt_text":"","src":"","width":0,"height":0},"classes":[]},{"id":56,"url":"https:\/\/www.edder.org\/?p=56","url_meta":{"origin":26,"position":4},"title":"De vuelta en los EE UU","author":"Eder","date":"viernes, 12 May, 2006","format":false,"excerpt":"","rel":"","context":"En \u00abNA\u00bb","block_context":{"text":"NA","link":"https:\/\/www.edder.org\/?cat=3"},"img":{"alt_text":"","src":"","width":0,"height":0},"classes":[]},{"id":31,"url":"https:\/\/www.edder.org\/?p=31","url_meta":{"origin":26,"position":5},"title":"Feliz navidad, don Ricardo","author":"Eder","date":"viernes, 16 Dic, 2005","format":false,"excerpt":"Feliz navidad, don Ricardo, por descontado que de Le\u00f3n. Feliz navidad, sin m\u00e1s. Lo de una muy pr\u00f3spera jubilaci\u00f3n en el a\u00f1o nuevo, a don Ricardo ya se lo resolvi\u00f3 UPN este verano. Eso qued\u00f3 resuelto tras su relevo en la \u00ednsula navarra de Madrid, con un retiro a la\u2026","rel":"","context":"En \u00abNA\u00bb","block_context":{"text":"NA","link":"https:\/\/www.edder.org\/?cat=3"},"img":{"alt_text":"","src":"","width":0,"height":0},"classes":[]}],"jetpack_likes_enabled":true,"_links":{"self":[{"href":"https:\/\/www.edder.org\/index.php?rest_route=\/wp\/v2\/posts\/26","targetHints":{"allow":["GET"]}}],"collection":[{"href":"https:\/\/www.edder.org\/index.php?rest_route=\/wp\/v2\/posts"}],"about":[{"href":"https:\/\/www.edder.org\/index.php?rest_route=\/wp\/v2\/types\/post"}],"author":[{"embeddable":true,"href":"https:\/\/www.edder.org\/index.php?rest_route=\/wp\/v2\/users\/82"}],"replies":[{"embeddable":true,"href":"https:\/\/www.edder.org\/index.php?rest_route=%2Fwp%2Fv2%2Fcomments&post=26"}],"version-history":[{"count":0,"href":"https:\/\/www.edder.org\/index.php?rest_route=\/wp\/v2\/posts\/26\/revisions"}],"wp:attachment":[{"href":"https:\/\/www.edder.org\/index.php?rest_route=%2Fwp%2Fv2%2Fmedia&parent=26"}],"wp:term":[{"taxonomy":"category","embeddable":true,"href":"https:\/\/www.edder.org\/index.php?rest_route=%2Fwp%2Fv2%2Fcategories&post=26"},{"taxonomy":"post_tag","embeddable":true,"href":"https:\/\/www.edder.org\/index.php?rest_route=%2Fwp%2Fv2%2Ftags&post=26"}],"curies":[{"name":"wp","href":"https:\/\/api.w.org\/{rel}","templated":true}]}}