{"id":2575,"date":"2012-08-19T22:58:06","date_gmt":"2012-08-19T21:58:06","guid":{"rendered":"https:\/\/www.edder.org\/?p=2575"},"modified":"2012-08-19T22:58:06","modified_gmt":"2012-08-19T21:58:06","slug":"lluvia-pertinaz-al-sur-de-californa","status":"publish","type":"post","link":"https:\/\/www.edder.org\/?p=2575","title":{"rendered":"Lluvia pertinaz al sur de Californa"},"content":{"rendered":"<p style=\"text-align: center;\"><div class=\"video-shortcode\"><iframe title=\"Lluvia pertinaz\" width=\"1200\" height=\"900\" src=\"https:\/\/www.youtube.com\/embed\/8pDzEVVaBtA?feature=oembed\" frameborder=\"0\" allow=\"accelerometer; autoplay; clipboard-write; encrypted-media; gyroscope; picture-in-picture; web-share\" allowfullscreen><\/iframe><\/div><\/p>\n","protected":false},"excerpt":{"rendered":"","protected":false},"author":82,"featured_media":0,"comment_status":"open","ping_status":"open","sticky":false,"template":"","format":"standard","meta":{"jetpack_post_was_ever_published":false,"_jetpack_newsletter_access":"","_jetpack_dont_email_post_to_subs":false,"_jetpack_newsletter_tier_id":0,"_jetpack_memberships_contains_paywalled_content":false,"_jetpack_memberships_contains_paid_content":false,"footnotes":"","jetpack_publicize_message":"","jetpack_publicize_feature_enabled":true,"jetpack_social_post_already_shared":false,"jetpack_social_options":{"image_generator_settings":{"template":"highway","default_image_id":0,"font":"","enabled":false},"version":2}},"categories":[3],"tags":[210],"class_list":["post-2575","post","type-post","status-publish","format-standard","hentry","category-na","tag-benning"],"jetpack_publicize_connections":[],"jetpack_featured_media_url":"","jetpack_shortlink":"https:\/\/wp.me\/p6kHv-Fx","jetpack_sharing_enabled":true,"jetpack-related-posts":[{"id":3188,"url":"https:\/\/www.edder.org\/?p=3188","url_meta":{"origin":2575,"position":0},"title":"Ballarat (California)","author":"Eder","date":"domingo, 8 Sep, 2013","format":false,"excerpt":"Toma 1: m\u00fasica: Steppenwolf imagen: L\u00e1szl\u00f3 Kov\u00e1cs & Denis Hopper","rel":"","context":"En \u00abCine\u00bb","block_context":{"text":"Cine","link":"https:\/\/www.edder.org\/?cat=79"},"img":{"alt_text":"","src":"","width":0,"height":0},"classes":[]},{"id":4185,"url":"https:\/\/www.edder.org\/?p=4185","url_meta":{"origin":2575,"position":1},"title":"Donde acaba el asfalto, empieza el Oeste","author":"Eder","date":"jueves, 12 Feb, 2015","format":false,"excerpt":"Tras los pasos de J. Benning:","rel":"","context":"En \u00abCine\u00bb","block_context":{"text":"Cine","link":"https:\/\/www.edder.org\/?cat=79"},"img":{"alt_text":"","src":"https:\/\/i0.wp.com\/edder.org\/images\/pavement.jpg?resize=350%2C200","width":350,"height":200},"classes":[]},{"id":2837,"url":"https:\/\/www.edder.org\/?p=2837","url_meta":{"origin":2575,"position":2},"title":"Patty Shepard (Greenville, 1945 &#8211; Madrid, 2013)","author":"Eder","date":"mi\u00e9rcoles, 9 Ene, 2013","format":false,"excerpt":"","rel":"","context":"En \u00abCine\u00bb","block_context":{"text":"Cine","link":"https:\/\/www.edder.org\/?cat=79"},"img":{"alt_text":"","src":"","width":0,"height":0},"classes":[]},{"id":2154,"url":"https:\/\/www.edder.org\/?p=2154","url_meta":{"origin":2575,"position":3},"title":"La lluvia al caer","author":"Eder","date":"s\u00e1bado, 22 Oct, 2011","format":false,"excerpt":"","rel":"","context":"En \u00abM\u00fasica\u00bb","block_context":{"text":"M\u00fasica","link":"https:\/\/www.edder.org\/?cat=87"},"img":{"alt_text":"","src":"","width":0,"height":0},"classes":[]},{"id":2564,"url":"https:\/\/www.edder.org\/?p=2564","url_meta":{"origin":2575,"position":4},"title":"El vals de Tennessee","author":"Eder","date":"viernes, 10 Ago, 2012","format":false,"excerpt":"\u00a0 \u00a0 I was dancin' with my darlin' To the Tennessee Waltz When an old friend I happened to see I introduced her to my loved one And while they were dancin' My friend stole my sweetheart from me I remember the night and the Tennessee Waltz Now I know\u2026","rel":"","context":"En \u00abCine\u00bb","block_context":{"text":"Cine","link":"https:\/\/www.edder.org\/?cat=79"},"img":{"alt_text":"","src":"","width":0,"height":0},"classes":[]},{"id":3726,"url":"https:\/\/www.edder.org\/?p=3726","url_meta":{"origin":2575,"position":5},"title":"YouTube is fantastic","author":"Eder","date":"domingo, 27 Jul, 2014","format":false,"excerpt":"I love YouTube:","rel":"","context":"En \u00abCine\u00bb","block_context":{"text":"Cine","link":"https:\/\/www.edder.org\/?cat=79"},"img":{"alt_text":"","src":"https:\/\/i0.wp.com\/www.edder.org\/upload\/2014\/07\/vlcsnap-2015-08-16-11h14m52s47.png?resize=350%2C200&ssl=1","width":350,"height":200},"classes":[]}],"jetpack_likes_enabled":true,"_links":{"self":[{"href":"https:\/\/www.edder.org\/index.php?rest_route=\/wp\/v2\/posts\/2575","targetHints":{"allow":["GET"]}}],"collection":[{"href":"https:\/\/www.edder.org\/index.php?rest_route=\/wp\/v2\/posts"}],"about":[{"href":"https:\/\/www.edder.org\/index.php?rest_route=\/wp\/v2\/types\/post"}],"author":[{"embeddable":true,"href":"https:\/\/www.edder.org\/index.php?rest_route=\/wp\/v2\/users\/82"}],"replies":[{"embeddable":true,"href":"https:\/\/www.edder.org\/index.php?rest_route=%2Fwp%2Fv2%2Fcomments&post=2575"}],"version-history":[{"count":0,"href":"https:\/\/www.edder.org\/index.php?rest_route=\/wp\/v2\/posts\/2575\/revisions"}],"wp:attachment":[{"href":"https:\/\/www.edder.org\/index.php?rest_route=%2Fwp%2Fv2%2Fmedia&parent=2575"}],"wp:term":[{"taxonomy":"category","embeddable":true,"href":"https:\/\/www.edder.org\/index.php?rest_route=%2Fwp%2Fv2%2Fcategories&post=2575"},{"taxonomy":"post_tag","embeddable":true,"href":"https:\/\/www.edder.org\/index.php?rest_route=%2Fwp%2Fv2%2Ftags&post=2575"}],"curies":[{"name":"wp","href":"https:\/\/api.w.org\/{rel}","templated":true}]}}