{"id":2543,"date":"2012-07-31T16:13:36","date_gmt":"2012-07-31T15:13:36","guid":{"rendered":"https:\/\/www.edder.org\/?p=2543"},"modified":"2018-07-27T16:37:17","modified_gmt":"2018-07-27T14:37:17","slug":"rip-chris-marker-english","status":"publish","type":"post","link":"https:\/\/www.edder.org\/?p=2543","title":{"rendered":"RIP, Chris Marker (English)"},"content":{"rendered":"<p><img decoding=\"async\" alt=\"\" class=\"lazyload aligncenter\" height=\"352\" src=\"data:image\/svg+xml,%3Csvg%20xmlns%3D%27http%3A%2F%2Fwww.w3.org%2F2000%2Fsvg%27%20width%3D%27627%27%20height%3D%27352%27%20viewBox%3D%270%200%20627%20352%27%3E%3Crect%20width%3D%27627%27%20height%3D%27352%27%20fill-opacity%3D%220%22%2F%3E%3C%2Fsvg%3E\" data-orig-src=\"http:\/\/media.avclub.com\/images\/410\/410509\/16x9\/627.jpg\" width=\"627\" \/><\/p>\n<p>&nbsp;<\/p>\n<p>http:\/\/www.avclub.com\/articles\/rip-chris-marker-french-new-waver-and-groundbreaki,83107\/<\/p>\n","protected":false},"excerpt":{"rendered":"<p>&nbsp; http:\/\/www.avclub.com\/articles\/rip-chris-marker-french-new-waver-and-groundbreaki,83107\/<\/p>\n","protected":false},"author":82,"featured_media":0,"comment_status":"open","ping_status":"open","sticky":false,"template":"","format":"standard","meta":{"jetpack_post_was_ever_published":false,"_jetpack_newsletter_access":"","_jetpack_dont_email_post_to_subs":false,"_jetpack_newsletter_tier_id":0,"_jetpack_memberships_contains_paywalled_content":false,"_jetpack_memberships_contains_paid_content":false,"footnotes":"","jetpack_publicize_message":"","jetpack_publicize_feature_enabled":true,"jetpack_social_post_already_shared":false,"jetpack_social_options":{"image_generator_settings":{"template":"highway","default_image_id":0,"font":"","enabled":false},"version":2}},"categories":[3],"tags":[14],"class_list":["post-2543","post","type-post","status-publish","format-standard","hentry","category-na","tag-chris-marker"],"jetpack_publicize_connections":[],"jetpack_featured_media_url":"","jetpack_shortlink":"https:\/\/wp.me\/p6kHv-F1","jetpack_sharing_enabled":true,"jetpack-related-posts":[{"id":4442,"url":"https:\/\/www.edder.org\/?p=4442","url_meta":{"origin":2543,"position":0},"title":"Chris Marker: collages virtuales","author":"Eder","date":"s\u00e1bado, 11 Abr, 2015","format":false,"excerpt":"","rel":"","context":"En \u00abArtes\u00bb","block_context":{"text":"Artes","link":"https:\/\/www.edder.org\/?cat=85"},"img":{"alt_text":"","src":"https:\/\/i0.wp.com\/www.edder.org\/upload\/2015\/04\/Guillaume-big.jpg?resize=350%2C200&ssl=1","width":350,"height":200},"classes":[]},{"id":2554,"url":"https:\/\/www.edder.org\/?p=2554","url_meta":{"origin":2543,"position":1},"title":"Esa noche, Chris Marker\u2026","author":"Eder","date":"lunes, 6 Ago, 2012","format":false,"excerpt":"\u00a0 \u00a0","rel":"","context":"En \u00abCine\u00bb","block_context":{"text":"Cine","link":"https:\/\/www.edder.org\/?cat=79"},"img":{"alt_text":"","src":"","width":0,"height":0},"classes":[]},{"id":1759,"url":"https:\/\/www.edder.org\/?p=1759","url_meta":{"origin":2543,"position":2},"title":"Pasajero Chris Marker","author":"Eder","date":"lunes, 25 Abr, 2011","format":false,"excerpt":"\u00a0","rel":"","context":"En \u00abArtes\u00bb","block_context":{"text":"Artes","link":"https:\/\/www.edder.org\/?cat=85"},"img":{"alt_text":"","src":"https:\/\/i0.wp.com\/edder.org\/images\/cm\/cm_metro.jpg?resize=350%2C200","width":350,"height":200},"classes":[]},{"id":11609,"url":"https:\/\/www.edder.org\/?p=11609","url_meta":{"origin":2543,"position":3},"title":"Fran\u00e7ois Maspero, editor (1932-2015)","author":"Eder","date":"domingo, 26 Abr, 2015","format":false,"excerpt":"aguroruga tiene hoy un recuerdo para Maspero (haga clic sobre la imagen): \u00a0 Chris Marker nos habla de Maspero (haga clic sobre el v\u00eddeo):","rel":"","context":"En \u00abLetras\u00bb","block_context":{"text":"Letras","link":"https:\/\/www.edder.org\/?cat=93"},"img":{"alt_text":"","src":"","width":0,"height":0},"classes":[]},{"id":3593,"url":"https:\/\/www.edder.org\/?p=3593","url_meta":{"origin":2543,"position":4},"title":"Chris Marker en Siberia (por Andr\u00e9 Bazin)","author":"Eder","date":"jueves, 27 Feb, 2014","format":false,"excerpt":"","rel":"","context":"En \u00abCine\u00bb","block_context":{"text":"Cine","link":"https:\/\/www.edder.org\/?cat=79"},"img":{"alt_text":"","src":"","width":0,"height":0},"classes":[]},{"id":2531,"url":"https:\/\/www.edder.org\/?p=2531","url_meta":{"origin":2543,"position":5},"title":"Le fond de l&#8217;air est triste","author":"Eder","date":"martes, 31 Jul, 2012","format":false,"excerpt":"Paris, le 30 juillet 2012 Le r\u00e9alisateur de Sans soleil est mort ce matin \u00e0 Paris \u00e0 tout juste 91 ans, a indiqu\u00e9 FranceTV, citant les sources de Gilles Jacob, pr\u00e9sident du Festival de Cannes, et Jean-Michel Frodon, \u00e9minent critique de cin\u00e9ma.\u00a0 Chris Marker est l'auteur de La Jet\u00e9e (1962),\u2026","rel":"","context":"En \u00abArtes\u00bb","block_context":{"text":"Artes","link":"https:\/\/www.edder.org\/?cat=85"},"img":{"alt_text":"","src":"https:\/\/i0.wp.com\/edder.org\/images\/marker.jpg?resize=350%2C200","width":350,"height":200},"classes":[]}],"jetpack_likes_enabled":true,"_links":{"self":[{"href":"https:\/\/www.edder.org\/index.php?rest_route=\/wp\/v2\/posts\/2543","targetHints":{"allow":["GET"]}}],"collection":[{"href":"https:\/\/www.edder.org\/index.php?rest_route=\/wp\/v2\/posts"}],"about":[{"href":"https:\/\/www.edder.org\/index.php?rest_route=\/wp\/v2\/types\/post"}],"author":[{"embeddable":true,"href":"https:\/\/www.edder.org\/index.php?rest_route=\/wp\/v2\/users\/82"}],"replies":[{"embeddable":true,"href":"https:\/\/www.edder.org\/index.php?rest_route=%2Fwp%2Fv2%2Fcomments&post=2543"}],"version-history":[{"count":0,"href":"https:\/\/www.edder.org\/index.php?rest_route=\/wp\/v2\/posts\/2543\/revisions"}],"wp:attachment":[{"href":"https:\/\/www.edder.org\/index.php?rest_route=%2Fwp%2Fv2%2Fmedia&parent=2543"}],"wp:term":[{"taxonomy":"category","embeddable":true,"href":"https:\/\/www.edder.org\/index.php?rest_route=%2Fwp%2Fv2%2Fcategories&post=2543"},{"taxonomy":"post_tag","embeddable":true,"href":"https:\/\/www.edder.org\/index.php?rest_route=%2Fwp%2Fv2%2Ftags&post=2543"}],"curies":[{"name":"wp","href":"https:\/\/api.w.org\/{rel}","templated":true}]}}