{"id":24,"date":"2005-11-04T19:18:18","date_gmt":"2005-11-04T17:18:18","guid":{"rendered":"https:\/\/www.edder.org\/?p=24"},"modified":"2018-07-27T16:38:45","modified_gmt":"2018-07-27T14:38:45","slug":"que-no-le-llamen-ciudad","status":"publish","type":"post","link":"https:\/\/www.edder.org\/?p=24","title":{"rendered":"Que no le llamen ciudad"},"content":{"rendered":"<p><img decoding=\"async\" src=\"data:image\/gif;base64,R0lGODlhAQABAAAAACH5BAEKAAEALAAAAAABAAEAAAICTAEAOw==\" data-orig-src=\"https:\/\/www.edder.org\/images\/dn.gif\" alt=\"dn\" class=\"lazyload izquierda\" \/>Que no llamen ciudad al proyecto de una urbanizaci\u00f3n para gente mayor en Elorz. Eso no ser\u00eda una ciudad. Ser\u00eda una Celebration. Hace unos a\u00f1os, la multinacional Disney levant\u00f3 en Florida una \u00abciudad\u00bb llamada Celebration. El lema de Disney es: \u00abVendemos felicidad\u00bb. Felicidad para los ni\u00f1os en parques como Disney World, felicidad para los mayores en sitios como Celebration. Tambi\u00e9n hay cementerios privados donde se promete un descanso eterno feliz. Hace a\u00f1os se plane\u00f3 hacer un cementerio as\u00ed en la cuenca de Pamplona. La idea no prosper\u00f3, felizmente. A ver si tampoco prospera la idea de una ciudad de los muchachos ya mayores. Millones de norteamericanos y europeos viven en lo que hace unos decenios fue bautizado como \u00aburbanizaciones de inter\u00e9s com\u00fan\u00bb. Lo notorio en esas urbanizaciones es la desaparici\u00f3n de lo p\u00fablico ???el espacio, la escuela, el mercado, la biblioteca, el autob\u00fas??? y la primac\u00eda del inter\u00e9s privado: sea el inter\u00e9s de distinguirse socialmente ???marcar la clase social???, o el inter\u00e9s de reconocerse en una diferencia ???por la edad, las aficiones o las creencias???. Son las comunidades ut\u00f3picas del siglo XVIII puestas del rev\u00e9s por la l\u00f3gica del neoliberalismo tard\u00edo: utop\u00edas hechas distop\u00edas, ciudades ficticias, pl\u00e1sticas. En ellas suena <em>It???s a Celebration<\/em> como hilo musical y se disfruta de la paz de los cementerios. Es la dispersi\u00f3n de la ciudad ???de lo ciudadano??? en su irradiaci\u00f3n hacia las afueras. Hay quien trabaja para eso proyectando la biblioteca p\u00fablica de una ciudad en el extrarradio. Hay quien lo hace con m\u00e1s ah\u00ednco entregando el solar c\u00e9ntrico ???y calles adyacentes??? donde podr\u00eda haber ido la biblioteca p\u00fablica a una marca comercial que har\u00e1 del centro urbano una continua celebraci\u00f3n del consumo y del coche particular. En Navidad ser\u00e1 una t\u00f3mbola de luz y de color. Pero que no le llamen ciudad. Ni a ciertas urbanizaciones de las afueras, ni a lo que se perpetra intramuros contra lo p\u00fablico, para mayor gloria del inter\u00e9s privado y sus celebraciones.<br \/>\nPublicado en <a href=\"http:\/\/www.noticiasdenavarra.com\/ediciones\/2005\/11\/04\/opinion\/contra.php\" target=\"blank\">Diario de Noticias<\/a>.<\/p>\n","protected":false},"excerpt":{"rendered":"<p>Que no llamen ciudad al proyecto de una urbanizaci\u00f3n para gente mayor en Elorz. Eso no ser\u00eda una ciudad. Ser\u00eda una Celebration. Hace unos a\u00f1os, la multinacional Disney levant\u00f3 en Florida una \u00abciudad\u00bb llamada Celebration. El lema de Disney es: \u00abVendemos felicidad\u00bb. Felicidad para los ni\u00f1os en parques como Disney World, felicidad para los mayores en sitios como Celebration. Tambi\u00e9n hay cementerios privados donde se promete un descanso eterno feliz. Hace a\u00f1os se plane\u00f3 hacer un cementerio as\u00ed en la cuenca de Pamplona. La idea no prosper\u00f3, felizmente. A ver si tampoco prospera la idea de una ciudad de los muchachos ya mayores. Millones de norteamericanos y europeos viven en lo que hace unos decenios fue bautizado como \u00aburbanizaciones de inter\u00e9s com\u00fan\u00bb. Lo notorio en esas urbanizaciones  [&#8230;]<\/p>\n","protected":false},"author":82,"featured_media":0,"comment_status":"open","ping_status":"open","sticky":false,"template":"","format":"standard","meta":{"jetpack_post_was_ever_published":false,"_jetpack_newsletter_access":"","_jetpack_dont_email_post_to_subs":false,"_jetpack_newsletter_tier_id":0,"_jetpack_memberships_contains_paywalled_content":false,"_jetpack_memberships_contains_paid_content":false,"footnotes":"","jetpack_publicize_message":"","jetpack_publicize_feature_enabled":true,"jetpack_social_post_already_shared":false,"jetpack_social_options":{"image_generator_settings":{"template":"highway","default_image_id":0,"font":"","enabled":false},"version":2}},"categories":[3,1],"tags":[],"class_list":["post-24","post","type-post","status-publish","format-standard","hentry","category-na","category-sin-categorizar"],"jetpack_publicize_connections":[],"jetpack_featured_media_url":"","jetpack_shortlink":"https:\/\/wp.me\/p6kHv-o","jetpack_sharing_enabled":true,"jetpack-related-posts":[{"id":12,"url":"https:\/\/www.edder.org\/?p=12","url_meta":{"origin":24,"position":0},"title":"Im\u00e1genes de la felicidad","author":"Eder","date":"domingo, 25 Sep, 2005","format":false,"excerpt":"Dos orientales de ambos sexos, con la apariencia de formar un matrimonio natural, y lo que es mejor, feliz, corrieron el \u00faltimo tramo del antepen\u00faltimo encierro literalmente pegados al grueso de la manada. Corrieron sin parar de sonreir, embelesados por la emoci\u00f3n del irrepetible momento de triunfo. En el callej\u00f3n\u2026","rel":"","context":"En \u00abNA\u00bb","block_context":{"text":"NA","link":"https:\/\/www.edder.org\/?cat=3"},"img":{"alt_text":"","src":"","width":0,"height":0},"classes":[]},{"id":3857,"url":"https:\/\/www.edder.org\/?p=3857","url_meta":{"origin":24,"position":1},"title":"Al asalto del cielo (por A. Camus)","author":"Eder","date":"s\u00e1bado, 22 Nov, 2014","format":false,"excerpt":"","rel":"","context":"En \u00abLetras\u00bb","block_context":{"text":"Letras","link":"https:\/\/www.edder.org\/?cat=93"},"img":{"alt_text":"","src":"https:\/\/i0.wp.com\/www.edder.org\/upload\/2014\/11\/Camus_barca.jpg?resize=350%2C200&ssl=1","width":350,"height":200},"classes":[]},{"id":60,"url":"https:\/\/www.edder.org\/?p=60","url_meta":{"origin":24,"position":2},"title":"Retrato de alcaldesa con ayuntamiento al fondo","author":"Eder","date":"viernes, 9 Jun, 2006","format":false,"excerpt":"De cosa local, leo al arabista Ambrosio Huici, nacido en Huarte y muerto en Valencia, ciudad que honra su memoria con la calle Arabista Ambrosio Huici Miranda. Un sabio, dijo de \u00e9l el consejo de sabios navarros que juzgo uno de sus primeros trabajos en 1912. Un sabio, aunque algo\u2026","rel":"","context":"En \u00abNA\u00bb","block_context":{"text":"NA","link":"https:\/\/www.edder.org\/?cat=3"},"img":{"alt_text":"","src":"https:\/\/i0.wp.com\/edder.org\/images\/barcina_salaberri.gif?resize=350%2C200","width":350,"height":200},"classes":[]},{"id":3847,"url":"https:\/\/www.edder.org\/?p=3847","url_meta":{"origin":24,"position":3},"title":"I&#8217;m a charlat\u00e1n","author":"Eder","date":"viernes, 14 Nov, 2014","format":false,"excerpt":"","rel":"","context":"En \u00abArtes\u00bb","block_context":{"text":"Artes","link":"https:\/\/www.edder.org\/?cat=85"},"img":{"alt_text":"","src":"https:\/\/i0.wp.com\/www.edder.org\/upload\/2014\/11\/Screen-Shot-2015-08-02-at-12.58.24.png?resize=350%2C200&ssl=1","width":350,"height":200},"classes":[]},{"id":12369,"url":"https:\/\/www.edder.org\/?p=12369","url_meta":{"origin":24,"position":4},"title":"Peligro: \u00a1sonrisa!","author":"Eder","date":"viernes, 27 May, 2005","format":false,"excerpt":"Peligro: la sonrisa liofilizada de la alcaldesa de Pamplona en lo alto del Monte San Crist\u00f3bal \u2013foto de prensa del pasado s\u00e1bado\u2013. Liofilizada, s\u00ed; como la Walt Disney, la de san Josemar\u00eda Escriv\u00e1 o la de los anuncios de Colgate Total. Liofilizaci\u00f3n: proceso por el que, tras extraer el agua\u2026","rel":"","context":"En \u00abSin categorizar\u00bb","block_context":{"text":"Sin categorizar","link":"https:\/\/www.edder.org\/?cat=1"},"img":{"alt_text":"","src":"","width":0,"height":0},"classes":[]},{"id":462,"url":"https:\/\/www.edder.org\/?p=462","url_meta":{"origin":24,"position":5},"title":"Jefferson (Mississippi). Hablemos de Faulkner","author":"Eder","date":"viernes, 4 Sep, 2009","format":false,"excerpt":"","rel":"","context":"En \u00abLetras\u00bb","block_context":{"text":"Letras","link":"https:\/\/www.edder.org\/?cat=93"},"img":{"alt_text":"","src":"","width":0,"height":0},"classes":[]}],"jetpack_likes_enabled":true,"_links":{"self":[{"href":"https:\/\/www.edder.org\/index.php?rest_route=\/wp\/v2\/posts\/24","targetHints":{"allow":["GET"]}}],"collection":[{"href":"https:\/\/www.edder.org\/index.php?rest_route=\/wp\/v2\/posts"}],"about":[{"href":"https:\/\/www.edder.org\/index.php?rest_route=\/wp\/v2\/types\/post"}],"author":[{"embeddable":true,"href":"https:\/\/www.edder.org\/index.php?rest_route=\/wp\/v2\/users\/82"}],"replies":[{"embeddable":true,"href":"https:\/\/www.edder.org\/index.php?rest_route=%2Fwp%2Fv2%2Fcomments&post=24"}],"version-history":[{"count":0,"href":"https:\/\/www.edder.org\/index.php?rest_route=\/wp\/v2\/posts\/24\/revisions"}],"wp:attachment":[{"href":"https:\/\/www.edder.org\/index.php?rest_route=%2Fwp%2Fv2%2Fmedia&parent=24"}],"wp:term":[{"taxonomy":"category","embeddable":true,"href":"https:\/\/www.edder.org\/index.php?rest_route=%2Fwp%2Fv2%2Fcategories&post=24"},{"taxonomy":"post_tag","embeddable":true,"href":"https:\/\/www.edder.org\/index.php?rest_route=%2Fwp%2Fv2%2Ftags&post=24"}],"curies":[{"name":"wp","href":"https:\/\/api.w.org\/{rel}","templated":true}]}}