{"id":2310,"date":"2012-02-07T23:44:31","date_gmt":"2012-02-07T22:44:31","guid":{"rendered":"https:\/\/www.edder.org\/?p=2310"},"modified":"2018-07-27T16:37:19","modified_gmt":"2018-07-27T14:37:19","slug":"contra-el-olvido-y-la-impunidad","status":"publish","type":"post","link":"https:\/\/www.edder.org\/?p=2310","title":{"rendered":"Contra el olvido y la impunidad"},"content":{"rendered":"<p><img decoding=\"async\" alt=\"\" class=\"lazyload aligncenter\" height=\"622\" src=\"data:image\/svg+xml,%3Csvg%20xmlns%3D%27http%3A%2F%2Fwww.w3.org%2F2000%2Fsvg%27%20width%3D%27469%27%20height%3D%27622%27%20viewBox%3D%270%200%20469%20622%27%3E%3Crect%20width%3D%27469%27%20height%3D%27622%27%20fill-opacity%3D%220%22%2F%3E%3C%2Fsvg%3E\" data-orig-src=\"http:\/\/edder.org\/images\/olvido.jpg\" title=\"Garz\u00f3n\" width=\"469\" \/><\/p>\n<p>&nbsp;<\/p>\n<p>Firma contra el olvido y la impunidad <a href=\"http:\/\/www.avaaz.org\/es\/spain_truth_on_trial\/?tta\" target=\"blank\">aqu\u00ed.<\/a><\/p>\n<p><img decoding=\"async\" alt=\"\" class=\"lazyload aligncenter\" height=\"992\" src=\"data:image\/svg+xml,%3Csvg%20xmlns%3D%27http%3A%2F%2Fwww.w3.org%2F2000%2Fsvg%27%20width%3D%27618%27%20height%3D%27992%27%20viewBox%3D%270%200%20618%20992%27%3E%3Crect%20width%3D%27618%27%20height%3D%27992%27%20fill-opacity%3D%220%22%2F%3E%3C%2Fsvg%3E\" data-orig-src=\"http:\/\/edder.org\/images\/garzon_nyt.jpg\" width=\"618\" \/><\/p>\n","protected":false},"excerpt":{"rendered":"<p>&nbsp; Firma contra el olvido y la impunidad aqu\u00ed.<\/p>\n","protected":false},"author":82,"featured_media":0,"comment_status":"open","ping_status":"open","sticky":false,"template":"","format":"standard","meta":{"jetpack_post_was_ever_published":false,"_jetpack_newsletter_access":"","_jetpack_dont_email_post_to_subs":false,"_jetpack_newsletter_tier_id":0,"_jetpack_memberships_contains_paywalled_content":false,"_jetpack_memberships_contains_paid_content":false,"footnotes":"","jetpack_publicize_message":"","jetpack_publicize_feature_enabled":true,"jetpack_social_post_already_shared":false,"jetpack_social_options":{"image_generator_settings":{"template":"highway","default_image_id":0,"font":"","enabled":false},"version":2}},"categories":[3,1],"tags":[],"class_list":["post-2310","post","type-post","status-publish","format-standard","hentry","category-na","category-sin-categorizar"],"jetpack_publicize_connections":[],"jetpack_featured_media_url":"","jetpack_shortlink":"https:\/\/wp.me\/p6kHv-Bg","jetpack_sharing_enabled":true,"jetpack-related-posts":[{"id":672,"url":"https:\/\/www.edder.org\/?p=672","url_meta":{"origin":2310,"position":0},"title":"Garz\u00f3n o su porquero","author":"Eder","date":"viernes, 16 Abr, 2010","format":false,"excerpt":"Se puede decir m\u00e1s despacio de lo que lo dec\u00eda el otro d\u00eda el editorialista de The New York Times, pero no m\u00e1s claro: \u201cLos aut\u00e9nticos cr\u00edmenes en este caso son las desapariciones, no la investigaci\u00f3n del se\u00f1or Garz\u00f3n. Si, como parece probable, \u00e9stos fueran cr\u00edmenes contra la humanidad sometidos\u2026","rel":"","context":"En \u00abNA\u00bb","block_context":{"text":"NA","link":"https:\/\/www.edder.org\/?cat=3"},"img":{"alt_text":"","src":"","width":0,"height":0},"classes":[]},{"id":55,"url":"https:\/\/www.edder.org\/?p=55","url_meta":{"origin":2310,"position":1},"title":"Monumentos","author":"Eder","date":"viernes, 5 May, 2006","format":false,"excerpt":"Cinco de mayo: habemus cartel de Sanferm\u00edn. Pero no quer\u00eda hablar del cartel. Los carteles van adonde habita el olvido. No quiero hablar del olvido sino de la memoria. La memoria es el espejo de los ausentes. Monumento no significa m\u00e1s que lugar de la memoria. Los monumentos son espejos,\u2026","rel":"","context":"En \u00abNA\u00bb","block_context":{"text":"NA","link":"https:\/\/www.edder.org\/?cat=3"},"img":{"alt_text":"","src":"","width":0,"height":0},"classes":[]},{"id":11793,"url":"https:\/\/www.edder.org\/?p=11793","url_meta":{"origin":2310,"position":2},"title":"El Siglo de Oro del rev\u00e9s o Espa\u00f1a por donde sol\u00eda","author":"Eder","date":"s\u00e1bado, 20 Jun, 2015","format":false,"excerpt":"El siglo de oro \u2013de momento con min\u00fasculas\u2013 dur\u00f3 dos o tres siglos \u2013siglo arriba, siglo abajo\u2013 y fue para nuestras castas de mandarines el siglo de hacerse de oro. Como el siglo actual, a nada que los apuntes contables de B\u00e1rcenas sean ciertos, o a nada que la impunidad\u2026","rel":"","context":"En \u00abSin categorizar\u00bb","block_context":{"text":"Sin categorizar","link":"https:\/\/www.edder.org\/?cat=1"},"img":{"alt_text":"","src":"https:\/\/i0.wp.com\/www.edder.org\/upload\/2015\/06\/siglo.png?resize=350%2C200&ssl=1","width":350,"height":200,"srcset":"https:\/\/i0.wp.com\/www.edder.org\/upload\/2015\/06\/siglo.png?resize=350%2C200&ssl=1 1x, https:\/\/i0.wp.com\/www.edder.org\/upload\/2015\/06\/siglo.png?resize=525%2C300&ssl=1 1.5x"},"classes":[]},{"id":76,"url":"https:\/\/www.edder.org\/?p=76","url_meta":{"origin":2310,"position":3},"title":"Dos cruces","author":"Eder","date":"jueves, 21 Dic, 2006","format":false,"excerpt":"En las \u00abCartas al Director\u00bb del pasado lunes, la se\u00f1ora Nuria S\u00e1nchez D\u00edaz de Isla firma una misiva titulada \u00bbLaicismo, laicidad y cat\u00f3licos en la vida p\u00fablica\u00bb. En ella, ante lo que juzga como renovados y sa\u00f1udos embates del PSOE \u2013e incluso de UPN\u2013 contra la Iglesia cat\u00f3lica, cita un\u2026","rel":"","context":"En \u00abNA\u00bb","block_context":{"text":"NA","link":"https:\/\/www.edder.org\/?cat=3"},"img":{"alt_text":"","src":"","width":0,"height":0},"classes":[]},{"id":114,"url":"https:\/\/www.edder.org\/?p=114","url_meta":{"origin":2310,"position":4},"title":"Memoria y olvido","author":"Eder","date":"viernes, 19 Oct, 2007","format":false,"excerpt":"La desalentadoras declaraciones a las agencias de prensa en materia c\u00edvica del nuevo arzobispo de Pamplona y obispo de Tudela, se\u00f1or P\u00e9rez \u2013el se\u00f1or que al hilo de la llamada Ley de Memoria ha hablado de la irreversibilidad de los pantanos franquistas: ese mismo se\u00f1or que nos invita al saludable\u2026","rel":"","context":"En \u00abNA\u00bb","block_context":{"text":"NA","link":"https:\/\/www.edder.org\/?cat=3"},"img":{"alt_text":"","src":"","width":0,"height":0},"classes":[]},{"id":11656,"url":"https:\/\/www.edder.org\/?p=11656","url_meta":{"origin":2310,"position":5},"title":"Diferencias entre la polic\u00eda espa\u00f1ola y la brit\u00e1nica","author":"Eder","date":"martes, 12 May, 2015","format":false,"excerpt":"Paseo del Prado (Madrid): la polic\u00eda espa\u00f1ola esposa a un peligroso anciano que exhib\u00eda una pancarta en contra de la subida de precios en el trasporte p\u00fablico: Foto: Olga Rodr\u00edguez. \u00a0 Trafalgar Square: agentes de la Polic\u00eda Metropolitana de Londres facilita la protesta de un grupo de ecologistas que asaltan\u2026","rel":"","context":"En \u00abSin categorizar\u00bb","block_context":{"text":"Sin categorizar","link":"https:\/\/www.edder.org\/?cat=1"},"img":{"alt_text":"","src":"https:\/\/i0.wp.com\/www.edder.org\/upload\/2015\/05\/mini.jpg?resize=350%2C200&ssl=1","width":350,"height":200,"srcset":"https:\/\/i0.wp.com\/www.edder.org\/upload\/2015\/05\/mini.jpg?resize=350%2C200&ssl=1 1x, https:\/\/i0.wp.com\/www.edder.org\/upload\/2015\/05\/mini.jpg?resize=525%2C300&ssl=1 1.5x"},"classes":[]}],"jetpack_likes_enabled":true,"_links":{"self":[{"href":"https:\/\/www.edder.org\/index.php?rest_route=\/wp\/v2\/posts\/2310","targetHints":{"allow":["GET"]}}],"collection":[{"href":"https:\/\/www.edder.org\/index.php?rest_route=\/wp\/v2\/posts"}],"about":[{"href":"https:\/\/www.edder.org\/index.php?rest_route=\/wp\/v2\/types\/post"}],"author":[{"embeddable":true,"href":"https:\/\/www.edder.org\/index.php?rest_route=\/wp\/v2\/users\/82"}],"replies":[{"embeddable":true,"href":"https:\/\/www.edder.org\/index.php?rest_route=%2Fwp%2Fv2%2Fcomments&post=2310"}],"version-history":[{"count":0,"href":"https:\/\/www.edder.org\/index.php?rest_route=\/wp\/v2\/posts\/2310\/revisions"}],"wp:attachment":[{"href":"https:\/\/www.edder.org\/index.php?rest_route=%2Fwp%2Fv2%2Fmedia&parent=2310"}],"wp:term":[{"taxonomy":"category","embeddable":true,"href":"https:\/\/www.edder.org\/index.php?rest_route=%2Fwp%2Fv2%2Fcategories&post=2310"},{"taxonomy":"post_tag","embeddable":true,"href":"https:\/\/www.edder.org\/index.php?rest_route=%2Fwp%2Fv2%2Ftags&post=2310"}],"curies":[{"name":"wp","href":"https:\/\/api.w.org\/{rel}","templated":true}]}}