{"id":2265,"date":"2012-01-10T01:27:14","date_gmt":"2012-01-10T00:27:14","guid":{"rendered":"https:\/\/www.edder.org\/?p=2265"},"modified":"2012-01-10T01:27:14","modified_gmt":"2012-01-10T00:27:14","slug":"passare-il-rubicone","status":"publish","type":"post","link":"https:\/\/www.edder.org\/?p=2265","title":{"rendered":"Passare il Rubicone"},"content":{"rendered":"<p style=\"text-align: center;\"><div class=\"video-shortcode\"><iframe title=\"\u00a1A Roma!\" width=\"1200\" height=\"900\" src=\"https:\/\/www.youtube.com\/embed\/_Zng54Uh9m0?feature=oembed\" frameborder=\"0\" allow=\"accelerometer; autoplay; clipboard-write; encrypted-media; gyroscope; picture-in-picture; web-share\" allowfullscreen><\/iframe><\/div><\/p>\n","protected":false},"excerpt":{"rendered":"","protected":false},"author":82,"featured_media":0,"comment_status":"open","ping_status":"open","sticky":false,"template":"","format":"standard","meta":{"jetpack_post_was_ever_published":false,"_jetpack_newsletter_access":"","_jetpack_dont_email_post_to_subs":false,"_jetpack_newsletter_tier_id":0,"_jetpack_memberships_contains_paywalled_content":false,"_jetpack_memberships_contains_paid_content":false,"footnotes":"","jetpack_publicize_message":"","jetpack_publicize_feature_enabled":true,"jetpack_social_post_already_shared":false,"jetpack_social_options":{"image_generator_settings":{"template":"highway","default_image_id":0,"font":"","enabled":false},"version":2}},"categories":[1],"tags":[],"class_list":["post-2265","post","type-post","status-publish","format-standard","hentry","category-sin-categorizar"],"jetpack_publicize_connections":[],"jetpack_featured_media_url":"","jetpack_shortlink":"https:\/\/wp.me\/p6kHv-Ax","jetpack_sharing_enabled":true,"jetpack-related-posts":[{"id":3726,"url":"https:\/\/www.edder.org\/?p=3726","url_meta":{"origin":2265,"position":0},"title":"YouTube is fantastic","author":"Eder","date":"domingo, 27 Jul, 2014","format":false,"excerpt":"I love YouTube:","rel":"","context":"En \u00abCine\u00bb","block_context":{"text":"Cine","link":"https:\/\/www.edder.org\/?cat=79"},"img":{"alt_text":"","src":"https:\/\/i0.wp.com\/www.edder.org\/upload\/2014\/07\/vlcsnap-2015-08-16-11h14m52s47.png?resize=350%2C200&ssl=1","width":350,"height":200},"classes":[]},{"id":2722,"url":"https:\/\/www.edder.org\/?p=2722","url_meta":{"origin":2265,"position":1},"title":"Las aguas del m\u00edsero Jord\u00e1n","author":"Eder","date":"jueves, 13 Dic, 2012","format":false,"excerpt":"\u00a0 V\u00e9anse tambi\u00e9n las m\u00edseras aguas del Rubic\u00f3n: \u00a0","rel":"","context":"En \u00abArtes\u00bb","block_context":{"text":"Artes","link":"https:\/\/www.edder.org\/?cat=85"},"img":{"alt_text":"","src":"","width":0,"height":0},"classes":[]},{"id":3535,"url":"https:\/\/www.edder.org\/?p=3535","url_meta":{"origin":2265,"position":2},"title":"Il profilo della citt\u00e0","author":"Eder","date":"martes, 28 Ene, 2014","format":false,"excerpt":"La forma della citt\u00e0, secondo P.P. Pasolini.","rel":"","context":"En \u00abArtes\u00bb","block_context":{"text":"Artes","link":"https:\/\/www.edder.org\/?cat=85"},"img":{"alt_text":"","src":"","width":0,"height":0},"classes":[]},{"id":2864,"url":"https:\/\/www.edder.org\/?p=2864","url_meta":{"origin":2265,"position":3},"title":"El aspecto del miedo","author":"Eder","date":"martes, 29 Ene, 2013","format":false,"excerpt":"\u00a0 \u00a0 Puede verse tambi\u00e9n: Pamplona, 1937 (parte I) \u00a0 \u00a0 Pamplona, 1937 (parte II) \u00a0 \u00a0","rel":"","context":"En \u00abNA\u00bb","block_context":{"text":"NA","link":"https:\/\/www.edder.org\/?cat=3"},"img":{"alt_text":"","src":"","width":0,"height":0},"classes":[]},{"id":2901,"url":"https:\/\/www.edder.org\/?p=2901","url_meta":{"origin":2265,"position":4},"title":"Castuera, campo de concentraci\u00f3n","author":"Eder","date":"s\u00e1bado, 16 Feb, 2013","format":false,"excerpt":"\u00a0 Para m\u00e1s informaci\u00f3n, v\u00e9ase \u00abLa pesadilla de Castuera\u00bb:","rel":"","context":"En \u00abSin categorizar\u00bb","block_context":{"text":"Sin categorizar","link":"https:\/\/www.edder.org\/?cat=1"},"img":{"alt_text":"","src":"","width":0,"height":0},"classes":[]},{"id":2022,"url":"https:\/\/www.edder.org\/?p=2022","url_meta":{"origin":2265,"position":5},"title":"Elecciones a la vista","author":"Eder","date":"mi\u00e9rcoles, 3 Ago, 2011","format":false,"excerpt":"","rel":"","context":"En \u00abSin categorizar\u00bb","block_context":{"text":"Sin categorizar","link":"https:\/\/www.edder.org\/?cat=1"},"img":{"alt_text":"","src":"","width":0,"height":0},"classes":[]}],"jetpack_likes_enabled":true,"_links":{"self":[{"href":"https:\/\/www.edder.org\/index.php?rest_route=\/wp\/v2\/posts\/2265","targetHints":{"allow":["GET"]}}],"collection":[{"href":"https:\/\/www.edder.org\/index.php?rest_route=\/wp\/v2\/posts"}],"about":[{"href":"https:\/\/www.edder.org\/index.php?rest_route=\/wp\/v2\/types\/post"}],"author":[{"embeddable":true,"href":"https:\/\/www.edder.org\/index.php?rest_route=\/wp\/v2\/users\/82"}],"replies":[{"embeddable":true,"href":"https:\/\/www.edder.org\/index.php?rest_route=%2Fwp%2Fv2%2Fcomments&post=2265"}],"version-history":[{"count":0,"href":"https:\/\/www.edder.org\/index.php?rest_route=\/wp\/v2\/posts\/2265\/revisions"}],"wp:attachment":[{"href":"https:\/\/www.edder.org\/index.php?rest_route=%2Fwp%2Fv2%2Fmedia&parent=2265"}],"wp:term":[{"taxonomy":"category","embeddable":true,"href":"https:\/\/www.edder.org\/index.php?rest_route=%2Fwp%2Fv2%2Fcategories&post=2265"},{"taxonomy":"post_tag","embeddable":true,"href":"https:\/\/www.edder.org\/index.php?rest_route=%2Fwp%2Fv2%2Ftags&post=2265"}],"curies":[{"name":"wp","href":"https:\/\/api.w.org\/{rel}","templated":true}]}}