{"id":2241,"date":"2011-12-25T14:04:30","date_gmt":"2011-12-25T13:04:30","guid":{"rendered":"https:\/\/www.edder.org\/?p=2241"},"modified":"2011-12-25T14:04:30","modified_gmt":"2011-12-25T13:04:30","slug":"aquella-noche-de-navidad","status":"publish","type":"post","link":"https:\/\/www.edder.org\/?p=2241","title":{"rendered":"Aquella noche de Navidad"},"content":{"rendered":"<p style=\"text-align: center;\"><a href=\"http:\/\/www.youtube.com\/watch?v=GhZi-vmkxSg\">http:\/\/www.youtube.com\/watch?v=GhZi-vmkxSg<\/a><\/p>\n","protected":false},"excerpt":{"rendered":"","protected":false},"author":82,"featured_media":0,"comment_status":"open","ping_status":"open","sticky":false,"template":"","format":"standard","meta":{"jetpack_post_was_ever_published":false,"_jetpack_newsletter_access":"","_jetpack_dont_email_post_to_subs":false,"_jetpack_newsletter_tier_id":0,"_jetpack_memberships_contains_paywalled_content":false,"_jetpack_memberships_contains_paid_content":false,"footnotes":"","jetpack_publicize_message":"","jetpack_publicize_feature_enabled":true,"jetpack_social_post_already_shared":false,"jetpack_social_options":{"image_generator_settings":{"template":"highway","default_image_id":0,"font":"","enabled":false},"version":2}},"categories":[79,1],"tags":[174],"class_list":["post-2241","post","type-post","status-publish","format-standard","hentry","category-cine","category-sin-categorizar","tag-germi"],"jetpack_publicize_connections":[],"jetpack_featured_media_url":"","jetpack_shortlink":"https:\/\/wp.me\/p6kHv-A9","jetpack_sharing_enabled":true,"jetpack-related-posts":[{"id":11797,"url":"https:\/\/www.edder.org\/?p=11797","url_meta":{"origin":2241,"position":0},"title":"Cotill\u00f3n hacia 1960 (cuando Olmi invent\u00f3 a Kaurism\u00e4ki)","author":"Eder","date":"domingo, 21 Jun, 2015","format":false,"excerpt":"Cotill\u00f3n hacia 1960, o de cuando Ermanno Olmi invent\u00f3 el cine de Aki Kaurism\u00e4ki: \u00a0 \u00a0 + Christmas movies @t edder.org: Navidad en Cherburgo: \u00a0 Cuidado con ese Papa No\u00ebl: \u00a0 Feliz 1977: \u00a0 Feliz 1950: \u00a0 Sei bellissima: \u00a0 Grandes almacenes: \u00a0 El final de un d\u00eda perfecto: \u00a0\u2026","rel":"","context":"En \u00abCine\u00bb","block_context":{"text":"Cine","link":"https:\/\/www.edder.org\/?cat=79"},"img":{"alt_text":"","src":"https:\/\/i0.wp.com\/www.edder.org\/upload\/2015\/06\/cotillon.png?resize=350%2C200&ssl=1","width":350,"height":200},"classes":[]},{"id":3399,"url":"https:\/\/www.edder.org\/?p=3399","url_meta":{"origin":2241,"position":1},"title":"Navidades ferroviarias (por Pietro Germi)","author":"Eder","date":"jueves, 26 Dic, 2013","format":false,"excerpt":"Navidades ferroviarias:","rel":"","context":"En \u00abCine\u00bb","block_context":{"text":"Cine","link":"https:\/\/www.edder.org\/?cat=79"},"img":{"alt_text":"","src":"","width":0,"height":0},"classes":[]},{"id":3726,"url":"https:\/\/www.edder.org\/?p=3726","url_meta":{"origin":2241,"position":2},"title":"YouTube is fantastic","author":"Eder","date":"domingo, 27 Jul, 2014","format":false,"excerpt":"I love YouTube:","rel":"","context":"En \u00abCine\u00bb","block_context":{"text":"Cine","link":"https:\/\/www.edder.org\/?cat=79"},"img":{"alt_text":"","src":"https:\/\/i0.wp.com\/www.edder.org\/upload\/2014\/07\/vlcsnap-2015-08-16-11h14m52s47.png?resize=350%2C200&ssl=1","width":350,"height":200},"classes":[]},{"id":2856,"url":"https:\/\/www.edder.org\/?p=2856","url_meta":{"origin":2241,"position":3},"title":"Fin del verano de 1914","author":"Eder","date":"mi\u00e9rcoles, 16 Ene, 2013","format":false,"excerpt":"Now is the winter of our discontent\u2026","rel":"","context":"En \u00abCine\u00bb","block_context":{"text":"Cine","link":"https:\/\/www.edder.org\/?cat=79"},"img":{"alt_text":"","src":"","width":0,"height":0},"classes":[]},{"id":1541,"url":"https:\/\/www.edder.org\/?p=1541","url_meta":{"origin":2241,"position":4},"title":"Antes y despu\u00e9s de Le chagrin et la piti\u00e9","author":"Eder","date":"martes, 8 Mar, 2011","format":false,"excerpt":"","rel":"","context":"En \u00abCine\u00bb","block_context":{"text":"Cine","link":"https:\/\/www.edder.org\/?cat=79"},"img":{"alt_text":"","src":"","width":0,"height":0},"classes":[]},{"id":3284,"url":"https:\/\/www.edder.org\/?p=3284","url_meta":{"origin":2241,"position":5},"title":"El silencio \u2013que no la ausencia\u2013 de Pasolini","author":"Eder","date":"lunes, 18 Nov, 2013","format":false,"excerpt":"Pasolini silencioso: \u00a0","rel":"","context":"En \u00abArtes\u00bb","block_context":{"text":"Artes","link":"https:\/\/www.edder.org\/?cat=85"},"img":{"alt_text":"","src":"","width":0,"height":0},"classes":[]}],"jetpack_likes_enabled":true,"_links":{"self":[{"href":"https:\/\/www.edder.org\/index.php?rest_route=\/wp\/v2\/posts\/2241","targetHints":{"allow":["GET"]}}],"collection":[{"href":"https:\/\/www.edder.org\/index.php?rest_route=\/wp\/v2\/posts"}],"about":[{"href":"https:\/\/www.edder.org\/index.php?rest_route=\/wp\/v2\/types\/post"}],"author":[{"embeddable":true,"href":"https:\/\/www.edder.org\/index.php?rest_route=\/wp\/v2\/users\/82"}],"replies":[{"embeddable":true,"href":"https:\/\/www.edder.org\/index.php?rest_route=%2Fwp%2Fv2%2Fcomments&post=2241"}],"version-history":[{"count":0,"href":"https:\/\/www.edder.org\/index.php?rest_route=\/wp\/v2\/posts\/2241\/revisions"}],"wp:attachment":[{"href":"https:\/\/www.edder.org\/index.php?rest_route=%2Fwp%2Fv2%2Fmedia&parent=2241"}],"wp:term":[{"taxonomy":"category","embeddable":true,"href":"https:\/\/www.edder.org\/index.php?rest_route=%2Fwp%2Fv2%2Fcategories&post=2241"},{"taxonomy":"post_tag","embeddable":true,"href":"https:\/\/www.edder.org\/index.php?rest_route=%2Fwp%2Fv2%2Ftags&post=2241"}],"curies":[{"name":"wp","href":"https:\/\/api.w.org\/{rel}","templated":true}]}}