{"id":2228,"date":"2011-12-17T13:25:12","date_gmt":"2011-12-17T12:25:12","guid":{"rendered":"https:\/\/www.edder.org\/?p=2228"},"modified":"2011-12-17T13:29:48","modified_gmt":"2011-12-17T12:29:48","slug":"americana-te-recibimos-con-alegria","status":"publish","type":"post","link":"https:\/\/www.edder.org\/?p=2228","title":{"rendered":"Pamplona, hacia 1967"},"content":{"rendered":"<p style=\"text-align: center;\"><div class=\"video-shortcode\"><iframe title=\"Patty Shepard estudia a Hemingway en Pamplona\" width=\"1200\" height=\"900\" src=\"https:\/\/www.youtube.com\/embed\/gqTcAKu0FoM?feature=oembed\" frameborder=\"0\" allow=\"accelerometer; autoplay; clipboard-write; encrypted-media; gyroscope; picture-in-picture; web-share\" allowfullscreen><\/iframe><\/div><\/p>\n<p>Americana, te recibimos con alegr&iacute;a&hellip;<\/p>\n","protected":false},"excerpt":{"rendered":"<p>Americana, te recibimos con alegr&iacute;a&hellip;<\/p>\n","protected":false},"author":82,"featured_media":0,"comment_status":"open","ping_status":"open","sticky":false,"template":"","format":"standard","meta":{"jetpack_post_was_ever_published":false,"_jetpack_newsletter_access":"","_jetpack_dont_email_post_to_subs":false,"_jetpack_newsletter_tier_id":0,"_jetpack_memberships_contains_paywalled_content":false,"_jetpack_memberships_contains_paid_content":false,"footnotes":"","jetpack_publicize_message":"","jetpack_publicize_feature_enabled":true,"jetpack_social_post_already_shared":false,"jetpack_social_options":{"image_generator_settings":{"template":"highway","default_image_id":0,"font":"","enabled":false},"version":2}},"categories":[79,3],"tags":[172],"class_list":["post-2228","post","type-post","status-publish","format-standard","hentry","category-cine","category-na","tag-patty-shepard"],"jetpack_publicize_connections":[],"jetpack_featured_media_url":"","jetpack_shortlink":"https:\/\/wp.me\/p6kHv-zW","jetpack_sharing_enabled":true,"jetpack-related-posts":[{"id":2837,"url":"https:\/\/www.edder.org\/?p=2837","url_meta":{"origin":2228,"position":0},"title":"Patty Shepard (Greenville, 1945 &#8211; Madrid, 2013)","author":"Eder","date":"mi\u00e9rcoles, 9 Ene, 2013","format":false,"excerpt":"","rel":"","context":"En \u00abCine\u00bb","block_context":{"text":"Cine","link":"https:\/\/www.edder.org\/?cat=79"},"img":{"alt_text":"","src":"","width":0,"height":0},"classes":[]},{"id":2284,"url":"https:\/\/www.edder.org\/?p=2284","url_meta":{"origin":2228,"position":1},"title":"Pamplona hacia 1944","author":"Eder","date":"domingo, 22 Ene, 2012","format":false,"excerpt":"","rel":"","context":"En \u00abCine\u00bb","block_context":{"text":"Cine","link":"https:\/\/www.edder.org\/?cat=79"},"img":{"alt_text":"","src":"","width":0,"height":0},"classes":[]},{"id":2046,"url":"https:\/\/www.edder.org\/?p=2046","url_meta":{"origin":2228,"position":2},"title":"Pamplona hacia 1937","author":"Eder","date":"martes, 16 Ago, 2011","format":false,"excerpt":"","rel":"","context":"En \u00abNA\u00bb","block_context":{"text":"NA","link":"https:\/\/www.edder.org\/?cat=3"},"img":{"alt_text":"","src":"","width":0,"height":0},"classes":[]},{"id":11797,"url":"https:\/\/www.edder.org\/?p=11797","url_meta":{"origin":2228,"position":3},"title":"Cotill\u00f3n hacia 1960 (cuando Olmi invent\u00f3 a Kaurism\u00e4ki)","author":"Eder","date":"domingo, 21 Jun, 2015","format":false,"excerpt":"Cotill\u00f3n hacia 1960, o de cuando Ermanno Olmi invent\u00f3 el cine de Aki Kaurism\u00e4ki: \u00a0 \u00a0 + Christmas movies @t edder.org: Navidad en Cherburgo: \u00a0 Cuidado con ese Papa No\u00ebl: \u00a0 Feliz 1977: \u00a0 Feliz 1950: \u00a0 Sei bellissima: \u00a0 Grandes almacenes: \u00a0 El final de un d\u00eda perfecto: \u00a0\u2026","rel":"","context":"En \u00abCine\u00bb","block_context":{"text":"Cine","link":"https:\/\/www.edder.org\/?cat=79"},"img":{"alt_text":"","src":"https:\/\/i0.wp.com\/www.edder.org\/upload\/2015\/06\/cotillon.png?resize=350%2C200&ssl=1","width":350,"height":200},"classes":[]},{"id":2864,"url":"https:\/\/www.edder.org\/?p=2864","url_meta":{"origin":2228,"position":4},"title":"El aspecto del miedo","author":"Eder","date":"martes, 29 Ene, 2013","format":false,"excerpt":"\u00a0 \u00a0 Puede verse tambi\u00e9n: Pamplona, 1937 (parte I) \u00a0 \u00a0 Pamplona, 1937 (parte II) \u00a0 \u00a0","rel":"","context":"En \u00abNA\u00bb","block_context":{"text":"NA","link":"https:\/\/www.edder.org\/?cat=3"},"img":{"alt_text":"","src":"","width":0,"height":0},"classes":[]},{"id":2324,"url":"https:\/\/www.edder.org\/?p=2324","url_meta":{"origin":2228,"position":5},"title":"Pamplona, 1963","author":"Eder","date":"lunes, 13 Feb, 2012","format":false,"excerpt":"","rel":"","context":"En \u00abCine\u00bb","block_context":{"text":"Cine","link":"https:\/\/www.edder.org\/?cat=79"},"img":{"alt_text":"","src":"","width":0,"height":0},"classes":[]}],"jetpack_likes_enabled":true,"_links":{"self":[{"href":"https:\/\/www.edder.org\/index.php?rest_route=\/wp\/v2\/posts\/2228","targetHints":{"allow":["GET"]}}],"collection":[{"href":"https:\/\/www.edder.org\/index.php?rest_route=\/wp\/v2\/posts"}],"about":[{"href":"https:\/\/www.edder.org\/index.php?rest_route=\/wp\/v2\/types\/post"}],"author":[{"embeddable":true,"href":"https:\/\/www.edder.org\/index.php?rest_route=\/wp\/v2\/users\/82"}],"replies":[{"embeddable":true,"href":"https:\/\/www.edder.org\/index.php?rest_route=%2Fwp%2Fv2%2Fcomments&post=2228"}],"version-history":[{"count":0,"href":"https:\/\/www.edder.org\/index.php?rest_route=\/wp\/v2\/posts\/2228\/revisions"}],"wp:attachment":[{"href":"https:\/\/www.edder.org\/index.php?rest_route=%2Fwp%2Fv2%2Fmedia&parent=2228"}],"wp:term":[{"taxonomy":"category","embeddable":true,"href":"https:\/\/www.edder.org\/index.php?rest_route=%2Fwp%2Fv2%2Fcategories&post=2228"},{"taxonomy":"post_tag","embeddable":true,"href":"https:\/\/www.edder.org\/index.php?rest_route=%2Fwp%2Fv2%2Ftags&post=2228"}],"curies":[{"name":"wp","href":"https:\/\/api.w.org\/{rel}","templated":true}]}}