{"id":2220,"date":"2011-12-12T20:53:03","date_gmt":"2011-12-12T19:53:03","guid":{"rendered":"https:\/\/www.edder.org\/?p=2220"},"modified":"2011-12-13T16:26:05","modified_gmt":"2011-12-13T15:26:05","slug":"washington-junio-de-2010","status":"publish","type":"post","link":"https:\/\/www.edder.org\/?p=2220","title":{"rendered":"Washington, junio de 2010"},"content":{"rendered":"<p style=\"text-align: center;\"><div class=\"video-shortcode\"><iframe title=\"Banca C\u00edvica en Washington\" width=\"1200\" height=\"900\" src=\"https:\/\/www.youtube.com\/embed\/GNaJHGqr6IU?feature=oembed\" frameborder=\"0\" allow=\"accelerometer; autoplay; clipboard-write; encrypted-media; gyroscope; picture-in-picture; web-share\" allowfullscreen><\/iframe><\/div><\/p>\n<p style=\"text-align: center;\">&nbsp;<\/p>\n<div id=\"watch-description-text\">\n<p id=\"eow-description\">Washington D.C., 11 de junio de 2010. Inauguraci&oacute;n de la &laquo;sede central en EE. UU.&raquo; [sic] de Banca C&iacute;vica, nunca abierta al p&uacute;blico por la previsible y no prevista falta de permisos para operar en los Estados Unidos de Am&eacute;rica.<br \/>\n\t\tEntre los protagonistas de excepci&oacute;n de la jornada, los duques de Palma y el por entonces presidente del Gobierno de Navarra, Miguel Sanz Sesma.<\/p>\n<\/div>\n<p>&nbsp;<\/p>\n","protected":false},"excerpt":{"rendered":"<p>&nbsp; Washington D.C., 11 de junio de 2010. Inauguraci&oacute;n de la &laquo;sede central en EE. UU.&raquo; [sic] de Banca C&iacute;vica, nunca abierta al p&uacute;blico por la previsible y no prevista falta de permisos para operar en los Estados Unidos de Am&eacute;rica. Entre los protagonistas de excepci&oacute;n de la jornada, los duques de Palma y el por entonces presidente del Gobierno de Navarra, Miguel Sanz Sesma. &nbsp;<\/p>\n","protected":false},"author":82,"featured_media":0,"comment_status":"open","ping_status":"open","sticky":false,"template":"","format":"standard","meta":{"jetpack_post_was_ever_published":false,"_jetpack_newsletter_access":"","_jetpack_dont_email_post_to_subs":false,"_jetpack_newsletter_tier_id":0,"_jetpack_memberships_contains_paywalled_content":false,"_jetpack_memberships_contains_paid_content":false,"footnotes":"","jetpack_publicize_message":"","jetpack_publicize_feature_enabled":true,"jetpack_social_post_already_shared":false,"jetpack_social_options":{"image_generator_settings":{"template":"highway","default_image_id":0,"font":"","enabled":false},"version":2}},"categories":[3,1],"tags":[],"class_list":["post-2220","post","type-post","status-publish","format-standard","hentry","category-na","category-sin-categorizar"],"jetpack_publicize_connections":[],"jetpack_featured_media_url":"","jetpack_shortlink":"https:\/\/wp.me\/p6kHv-zO","jetpack_sharing_enabled":true,"jetpack-related-posts":[{"id":47303,"url":"https:\/\/www.edder.org\/?p=47303","url_meta":{"origin":2220,"position":0},"title":"Bengaray encontrado. Ya faltan menos","author":"Eder","date":"s\u00e1bado, 13 Dic, 2025","format":false,"excerpt":"","rel":"","context":"En \u00abCine\u00bb","block_context":{"text":"Cine","link":"https:\/\/www.edder.org\/?cat=79"},"img":{"alt_text":"","src":"https:\/\/i0.wp.com\/www.edder.org\/upload\/2025\/12\/bengaray2.png?resize=350%2C200&ssl=1","width":350,"height":200,"srcset":"https:\/\/i0.wp.com\/www.edder.org\/upload\/2025\/12\/bengaray2.png?resize=350%2C200&ssl=1 1x, https:\/\/i0.wp.com\/www.edder.org\/upload\/2025\/12\/bengaray2.png?resize=525%2C300&ssl=1 1.5x"},"classes":[]},{"id":3840,"url":"https:\/\/www.edder.org\/?p=3840","url_meta":{"origin":2220,"position":1},"title":"Asaltar el cielo \u2013storming heaven\u2013 (por K. Marx)","author":"Eder","date":"lunes, 17 Nov, 2014","format":false,"excerpt":"","rel":"","context":"En \u00abSin categorizar\u00bb","block_context":{"text":"Sin categorizar","link":"https:\/\/www.edder.org\/?cat=1"},"img":{"alt_text":"","src":"","width":0,"height":0},"classes":[]},{"id":2953,"url":"https:\/\/www.edder.org\/?p=2953","url_meta":{"origin":2220,"position":2},"title":"I Just Called to Say I Love You","author":"Eder","date":"viernes, 1 Mar, 2013","format":false,"excerpt":"\u00a0 \u00a0 No hay d\u00eda de A\u00f1o Nuevo que celebrar Ni corazones de dulce cubiertos de chocolate que regalar No es el comienzo de la primavera ni hay canci\u00f3n que cantar De hecho, este es otro d\u00eda cualquiera No hay lluvia de abril, ni plantas que florezcan Tampoco es un\u2026","rel":"","context":"En \u00abCine\u00bb","block_context":{"text":"Cine","link":"https:\/\/www.edder.org\/?cat=79"},"img":{"alt_text":"","src":"","width":0,"height":0},"classes":[]},{"id":3726,"url":"https:\/\/www.edder.org\/?p=3726","url_meta":{"origin":2220,"position":3},"title":"YouTube is fantastic","author":"Eder","date":"domingo, 27 Jul, 2014","format":false,"excerpt":"I love YouTube:","rel":"","context":"En \u00abCine\u00bb","block_context":{"text":"Cine","link":"https:\/\/www.edder.org\/?cat=79"},"img":{"alt_text":"","src":"https:\/\/i0.wp.com\/www.edder.org\/upload\/2014\/07\/vlcsnap-2015-08-16-11h14m52s47.png?resize=350%2C200&ssl=1","width":350,"height":200},"classes":[]},{"id":13251,"url":"https:\/\/www.edder.org\/?p=13251","url_meta":{"origin":2220,"position":4},"title":"Los Ca\u00eddos: \u00ab\u00a1Presente!\u00bb","author":"Eder","date":"viernes, 2 Sep, 2016","format":false,"excerpt":"","rel":"","context":"En \u00abSin categorizar\u00bb","block_context":{"text":"Sin categorizar","link":"https:\/\/www.edder.org\/?cat=1"},"img":{"alt_text":"","src":"https:\/\/i0.wp.com\/www.edder.org\/upload\/2016\/09\/caidos.jpg?resize=350%2C200&ssl=1","width":350,"height":200},"classes":[]},{"id":569,"url":"https:\/\/www.edder.org\/?p=569","url_meta":{"origin":2220,"position":5},"title":"Nuestra FAES","author":"Eder","date":"viernes, 5 Feb, 2010","format":false,"excerpt":"Casi me caigo de la silla al leer que el gran Francisco Mangado, ante la \u201cdebacle en valores\u201d que padecemos, reivindica ahora una arquitectura que, am\u00e9n de estar inspirada en la utilidad, el servicio y la vocaci\u00f3n social, piense en el interior de las viviendas m\u00e1s que en las fachadas.\u2026","rel":"","context":"En \u00abNA\u00bb","block_context":{"text":"NA","link":"https:\/\/www.edder.org\/?cat=3"},"img":{"alt_text":"","src":"","width":0,"height":0},"classes":[]}],"jetpack_likes_enabled":true,"_links":{"self":[{"href":"https:\/\/www.edder.org\/index.php?rest_route=\/wp\/v2\/posts\/2220","targetHints":{"allow":["GET"]}}],"collection":[{"href":"https:\/\/www.edder.org\/index.php?rest_route=\/wp\/v2\/posts"}],"about":[{"href":"https:\/\/www.edder.org\/index.php?rest_route=\/wp\/v2\/types\/post"}],"author":[{"embeddable":true,"href":"https:\/\/www.edder.org\/index.php?rest_route=\/wp\/v2\/users\/82"}],"replies":[{"embeddable":true,"href":"https:\/\/www.edder.org\/index.php?rest_route=%2Fwp%2Fv2%2Fcomments&post=2220"}],"version-history":[{"count":0,"href":"https:\/\/www.edder.org\/index.php?rest_route=\/wp\/v2\/posts\/2220\/revisions"}],"wp:attachment":[{"href":"https:\/\/www.edder.org\/index.php?rest_route=%2Fwp%2Fv2%2Fmedia&parent=2220"}],"wp:term":[{"taxonomy":"category","embeddable":true,"href":"https:\/\/www.edder.org\/index.php?rest_route=%2Fwp%2Fv2%2Fcategories&post=2220"},{"taxonomy":"post_tag","embeddable":true,"href":"https:\/\/www.edder.org\/index.php?rest_route=%2Fwp%2Fv2%2Ftags&post=2220"}],"curies":[{"name":"wp","href":"https:\/\/api.w.org\/{rel}","templated":true}]}}