{"id":2217,"date":"2011-12-12T17:54:37","date_gmt":"2011-12-12T16:54:37","guid":{"rendered":"https:\/\/www.edder.org\/?p=2217"},"modified":"2020-12-11T08:15:32","modified_gmt":"2020-12-11T07:15:32","slug":"vigo-hacia-1985","status":"publish","type":"post","link":"https:\/\/www.edder.org\/?p=2217","title":{"rendered":"Vigo hacia 1985"},"content":{"rendered":"<p><img decoding=\"async\" class=\"lazyload aligncenter\" src=\"data:image\/svg+xml,%3Csvg%20xmlns%3D%27http%3A%2F%2Fwww.w3.org%2F2000%2Fsvg%27%20width%3D%27713%27%20height%3D%27906%27%20viewBox%3D%270%200%20713%20906%27%3E%3Crect%20width%3D%27713%27%20height%3D%27906%27%20fill-opacity%3D%220%22%2F%3E%3C%2Fsvg%3E\" data-orig-src=\"http:\/\/edder.org\/images\/sandokan.jpg\" alt=\"\" width=\"713\" height=\"906\" \/><\/p>\n<p style=\"text-align: center;\">Antonio Sangabriel, <em>Sandokan<\/em>, l\u00edder sindical asturiano, a\u00f1os 80.<br \/>\n(<span style=\"font-size: 9px;\">Foto: V\u00edctor de las Heras<\/span>.)<\/p>\n","protected":false},"excerpt":{"rendered":"<p>Antonio Sangabriel, Sandokan, l\u00edder sindical asturiano, a\u00f1os 80. (Foto: V\u00edctor de las Heras.)<\/p>\n","protected":false},"author":82,"featured_media":12617,"comment_status":"open","ping_status":"open","sticky":false,"template":"","format":"standard","meta":{"jetpack_post_was_ever_published":false,"_jetpack_newsletter_access":"","_jetpack_dont_email_post_to_subs":false,"_jetpack_newsletter_tier_id":0,"_jetpack_memberships_contains_paywalled_content":false,"_jetpack_memberships_contains_paid_content":false,"footnotes":"","jetpack_publicize_message":"","jetpack_publicize_feature_enabled":true,"jetpack_social_post_already_shared":false,"jetpack_social_options":{"image_generator_settings":{"template":"highway","default_image_id":0,"font":"","enabled":false},"version":2}},"categories":[1],"tags":[],"class_list":["post-2217","post","type-post","status-publish","format-standard","has-post-thumbnail","hentry","category-sin-categorizar"],"jetpack_publicize_connections":[],"jetpack_featured_media_url":"https:\/\/www.edder.org\/upload\/2011\/12\/sandokan.jpg","jetpack_shortlink":"https:\/\/wp.me\/p6kHv-zL","jetpack_sharing_enabled":true,"jetpack-related-posts":[{"id":1812,"url":"https:\/\/www.edder.org\/?p=1812","url_meta":{"origin":2217,"position":0},"title":"Goya hacia 1918","author":"Eder","date":"martes, 3 May, 2011","format":false,"excerpt":"En alg\u00fan lugar de Francia hacia 1918: \u00a0 Goya, \u00abPor una navaja\u00bb, Los desastres de la guerra (hacia 1810-15):","rel":"","context":"En \u00abArtes\u00bb","block_context":{"text":"Artes","link":"https:\/\/www.edder.org\/?cat=85"},"img":{"alt_text":"","src":"https:\/\/i0.wp.com\/edder.org\/images\/traidor.jpg?resize=350%2C200","width":350,"height":200,"srcset":"https:\/\/i0.wp.com\/edder.org\/images\/traidor.jpg?resize=350%2C200 1x, https:\/\/i0.wp.com\/edder.org\/images\/traidor.jpg?resize=525%2C300 1.5x"},"classes":[]},{"id":577,"url":"https:\/\/www.edder.org\/?p=577","url_meta":{"origin":2217,"position":1},"title":"El se\u00f1or Ferrari","author":"Eder","date":"domingo, 28 Feb, 2010","format":false,"excerpt":"Cuando el otro d\u00eda supe casualmente que uno de mis vecinos ya no era mi vecino \u2013se hab\u00eda vuelto al pa\u00eds del que vino hace no tanto, probablemente para siempre\u2013, me acord\u00e9 del se\u00f1or Ferrari. No me refiero a Enzo Ferrari, patr\u00f3n de la escuder\u00eda de coches de carreras a\u2026","rel":"","context":"En \u00abSin categorizar\u00bb","block_context":{"text":"Sin categorizar","link":"https:\/\/www.edder.org\/?cat=1"},"img":{"alt_text":"","src":"","width":0,"height":0},"classes":[]},{"id":159,"url":"https:\/\/www.edder.org\/?p=159","url_meta":{"origin":2217,"position":2},"title":"En las afueras","author":"Eder","date":"viernes, 5 Sep, 2008","format":false,"excerpt":"Al sur, la que llamaremos la Ciudad Innombrable se precipita por pendientes de hormig\u00f3n hacia la futura avenida Juan Pablo II. Es curioso que, en ingl\u00e9s, hormig\u00f3n se diga concrete. Nada ha habido \u00faltimamente m\u00e1s concreto en la Ciudad Innombrable que sus r\u00edos de hormig\u00f3n. Juan Pablo II fue el\u2026","rel":"","context":"En \u00abNA\u00bb","block_context":{"text":"NA","link":"https:\/\/www.edder.org\/?cat=3"},"img":{"alt_text":"","src":"","width":0,"height":0},"classes":[]},{"id":12100,"url":"https:\/\/www.edder.org\/?p=12100","url_meta":{"origin":2217,"position":3},"title":"Barbero de Louisiana hacia 1972 (We, the american people)","author":"Eder","date":"viernes, 7 Ago, 2015","format":false,"excerpt":"Barbero de Lafayette (Louisiana) filmado hacia 1972 por Les Blank: \u00a0 + barberos en edder.org","rel":"","context":"En \u00abCine\u00bb","block_context":{"text":"Cine","link":"https:\/\/www.edder.org\/?cat=79"},"img":{"alt_text":"","src":"https:\/\/i0.wp.com\/www.edder.org\/upload\/2015\/08\/vlcsnap-2015-08-07-19h35m15s76.png?resize=350%2C200&ssl=1","width":350,"height":200,"srcset":"https:\/\/i0.wp.com\/www.edder.org\/upload\/2015\/08\/vlcsnap-2015-08-07-19h35m15s76.png?resize=350%2C200&ssl=1 1x, https:\/\/i0.wp.com\/www.edder.org\/upload\/2015\/08\/vlcsnap-2015-08-07-19h35m15s76.png?resize=525%2C300&ssl=1 1.5x, https:\/\/i0.wp.com\/www.edder.org\/upload\/2015\/08\/vlcsnap-2015-08-07-19h35m15s76.png?resize=700%2C400&ssl=1 2x"},"classes":[]},{"id":11963,"url":"https:\/\/www.edder.org\/?p=11963","url_meta":{"origin":2217,"position":4},"title":"De A. Arteta a J. Vigo, pasando por G. Bataille","author":"Eder","date":"martes, 28 Jul, 2015","format":false,"excerpt":"Aurelio Arteta, Los descargadores y El puente de Burce\u00f1a (\u00f3leos sobre lienzo, a\u00f1os 20). \u00a0 Chimenea de f\u00e1brica, por George Bataille (1929) Si tengo en cuenta mis recuerdos personales, pareciera que desde la aparici\u00f3n de las diversas cosas del mundo, en el curso de la primera infancia, las formas arquitect\u00f3nicas\u2026","rel":"","context":"En \u00abArtes\u00bb","block_context":{"text":"Artes","link":"https:\/\/www.edder.org\/?cat=85"},"img":{"alt_text":"","src":"https:\/\/i0.wp.com\/www.edder.org\/upload\/2015\/07\/chimeneas.jpg?resize=350%2C200&ssl=1","width":350,"height":200},"classes":[]},{"id":1685,"url":"https:\/\/www.edder.org\/?p=1685","url_meta":{"origin":2217,"position":5},"title":"Goya hacia 1941 (nuevos desastres)","author":"Eder","date":"mi\u00e9rcoles, 13 Abr, 2011","format":false,"excerpt":"21 de noviembre de 1941. Prisionero sovi\u00e9tico intenta reanimar a un compa\u00f1ero quiz\u00e1 ya muerto ante la mirada de sus captores. \u00a0 Goya, \u00abAqu\u00ed tampoco\u00bb, Los desastres de la guerra (hacia 1810-15):","rel":"","context":"En \u00abSin categorizar\u00bb","block_context":{"text":"Sin categorizar","link":"https:\/\/www.edder.org\/?cat=1"},"img":{"alt_text":"","src":"https:\/\/i0.wp.com\/edder.org\/images\/goya1941.jpg?resize=350%2C200","width":350,"height":200,"srcset":"https:\/\/i0.wp.com\/edder.org\/images\/goya1941.jpg?resize=350%2C200 1x, https:\/\/i0.wp.com\/edder.org\/images\/goya1941.jpg?resize=525%2C300 1.5x"},"classes":[]}],"jetpack_likes_enabled":true,"_links":{"self":[{"href":"https:\/\/www.edder.org\/index.php?rest_route=\/wp\/v2\/posts\/2217","targetHints":{"allow":["GET"]}}],"collection":[{"href":"https:\/\/www.edder.org\/index.php?rest_route=\/wp\/v2\/posts"}],"about":[{"href":"https:\/\/www.edder.org\/index.php?rest_route=\/wp\/v2\/types\/post"}],"author":[{"embeddable":true,"href":"https:\/\/www.edder.org\/index.php?rest_route=\/wp\/v2\/users\/82"}],"replies":[{"embeddable":true,"href":"https:\/\/www.edder.org\/index.php?rest_route=%2Fwp%2Fv2%2Fcomments&post=2217"}],"version-history":[{"count":0,"href":"https:\/\/www.edder.org\/index.php?rest_route=\/wp\/v2\/posts\/2217\/revisions"}],"wp:featuredmedia":[{"embeddable":true,"href":"https:\/\/www.edder.org\/index.php?rest_route=\/wp\/v2\/media\/12617"}],"wp:attachment":[{"href":"https:\/\/www.edder.org\/index.php?rest_route=%2Fwp%2Fv2%2Fmedia&parent=2217"}],"wp:term":[{"taxonomy":"category","embeddable":true,"href":"https:\/\/www.edder.org\/index.php?rest_route=%2Fwp%2Fv2%2Fcategories&post=2217"},{"taxonomy":"post_tag","embeddable":true,"href":"https:\/\/www.edder.org\/index.php?rest_route=%2Fwp%2Fv2%2Ftags&post=2217"}],"curies":[{"name":"wp","href":"https:\/\/api.w.org\/{rel}","templated":true}]}}