{"id":21,"date":"2005-10-28T17:38:59","date_gmt":"2005-10-28T15:38:59","guid":{"rendered":"https:\/\/www.edder.org\/?p=21"},"modified":"2018-07-27T16:38:46","modified_gmt":"2018-07-27T14:38:46","slug":"baluarte-una-verguenza","status":"publish","type":"post","link":"https:\/\/www.edder.org\/?p=21","title":{"rendered":"Baluarte: una verg\u00fcenza"},"content":{"rendered":"<p><img decoding=\"async\" alt=\"dn\" class=\"lazyload centrada\" src=\"data:image\/gif;base64,R0lGODlhAQABAAAAACH5BAEKAAEALAAAAAABAAEAAAICTAEAOw==\" data-orig-src=\"https:\/\/www.edder.org\/images\/lorca.gif\" \/><br \/>\n\t<img decoding=\"async\" alt=\"dn\" class=\"lazyload izquierda\" src=\"data:image\/gif;base64,R0lGODlhAQABAAAAACH5BAEKAAEALAAAAAABAAEAAAICTAEAOw==\" data-orig-src=\"https:\/\/www.edder.org\/images\/dn.gif\" \/>Si la autoridad no lo impide &ndash;que no lo impedir&aacute;&ndash;, hasta el 20 de noviembre podr&aacute; verse en el Baluarte la exposici&oacute;n <em>Pamplona metr&oacute;poli. 1930\ufffd?\ufffd modernidad &amp; futuro<\/em>. Es una sucesi&oacute;n de paneles donde se despliega una cronolog&iacute;a de los &uacute;ltimos 75 a&ntilde;os. Al entrar, en los hitos del 36, leemos: &laquo;Los republicanos fusilan a Jos&eacute; Antonio Primo de Rivera&raquo;. Y al lado: &laquo;Muere Federico Garc&iacute;a Lorca&raquo;. Pese a que en la exposici&oacute;n colaboran las dos universidades, nadie repar&oacute; en que la muerte de Lorca &ndash;un hecho universalmente conocido del que las enciclopedias sigue diciendo: &laquo;Fue ejecutado por un batall&oacute;n de fusilamiento nacionalista&raquo;&ndash; no se produjo de modo distinto a la del fundador de Falange. Falange: en un panel contiguo al del la muerte de Lorca se nos informa lac&oacute;nicamente de esto: &laquo;Aparece el peri&oacute;dico <em>&iexcl;Arriba Espa&ntilde;a!<\/em>, desaparece <em>La Voz de Navarra<\/em>&raquo;. Fue al rev&eacute;s, creo. Desapareci&oacute; <em>La Voz<\/em> al ser asaltada su sede por los falangistas &ndash;hay una foto, que no est&aacute; en la exposici&oacute;n, claro&ndash; y naci&oacute; en ella el <em>&iexcl;Arriba!<\/em>. Le&iacute;do esto, ya no nos sorprende leer que, en 1938, la Junta Superior de Educaci&oacute;n de Navarra &laquo;reprende a 274 maestros&raquo;. Por esa &eacute;poca, Stalin tambi&eacute;n &laquo;reprend&iacute;a&raquo; a los disidentes. Con menos laconismo, se nos da m&aacute;s tarde informaci&oacute;n detallada de que en Navarra no se cumple la Ley del Aborto y no pasa nada. Me sal&iacute; de esa exposici&oacute;n, en la que se habla de la &laquo;implicaci&oacute;n&raquo; de EE UU en Vietnam, de la muerte de &laquo;el cantante Billie Holiday&raquo; &ndash;pobrecilla&ndash;, de &laquo;la inauguraci&oacute;n del existencialismo&raquo; o de la &laquo;del punk en 1978 por los Sex Pistols&raquo; &ndash;como si Sartre o los Sex Pistols (que grabaron lo &uacute;ltimo en 1977) hubiesen ido por la vida como otras: sin parar de inaugurar&ndash;; me sal&iacute;, digo, con verg&uuml;enza. A la salida venden un libro. Las primeras p&aacute;ginas est&aacute;n en chino. Quiere decir, que en ellas hay enormes retratos &ndash;muy maoistas&ndash; de las autoridades locales que gozar&aacute;n con esa exposici&oacute;n y que seguir&aacute;n hablando del &laquo;revisionismo y revanchismo hist&oacute;rico&raquo; de la izquierda.<br \/>\n\tPublicado en <a href=\"http:\/\/www.noticiasdenavarra.com\/ediciones\/2005\/10\/28\/opinion\/contra.php\" target=\"blank\">Diario de Noticias<\/a>.<\/p>\n","protected":false},"excerpt":{"rendered":"<p>Si la autoridad no lo impide &ndash;que no lo impedir&aacute;&ndash;, hasta el 20 de noviembre podr&aacute; verse en el Baluarte la exposici&oacute;n Pamplona metr&oacute;poli. 1930\ufffd?\ufffd modernidad &amp; futuro. Es una sucesi&oacute;n de paneles donde se despliega una cronolog&iacute;a de los &uacute;ltimos 75 a&ntilde;os. Al entrar, en los hitos del 36, leemos: &laquo;Los republicanos fusilan a Jos&eacute; Antonio Primo de Rivera&raquo;. Y al lado: &laquo;Muere Federico Garc&iacute;a Lorca&raquo;. Pese a que en la exposici&oacute;n colaboran las dos universidades, nadie repar&oacute; en que la muerte de Lorca &ndash;un hecho universalmente conocido del que las enciclopedias sigue diciendo: &laquo;Fue ejecutado por un batall&oacute;n de fusilamiento nacionalista&raquo;&ndash; no se produjo de modo distinto a la del fundador de Falange. Falange: en un panel contiguo al del la muerte de Lorca se  [&#8230;]<\/p>\n","protected":false},"author":82,"featured_media":0,"comment_status":"open","ping_status":"open","sticky":false,"template":"","format":"standard","meta":{"jetpack_post_was_ever_published":false,"_jetpack_newsletter_access":"","_jetpack_dont_email_post_to_subs":false,"_jetpack_newsletter_tier_id":0,"_jetpack_memberships_contains_paywalled_content":false,"_jetpack_memberships_contains_paid_content":false,"footnotes":"","jetpack_publicize_message":"","jetpack_publicize_feature_enabled":true,"jetpack_social_post_already_shared":false,"jetpack_social_options":{"image_generator_settings":{"template":"highway","default_image_id":0,"font":"","enabled":false},"version":2}},"categories":[3],"tags":[],"class_list":["post-21","post","type-post","status-publish","format-standard","hentry","category-na"],"jetpack_publicize_connections":[],"jetpack_featured_media_url":"","jetpack_shortlink":"https:\/\/wp.me\/p6kHv-l","jetpack_sharing_enabled":true,"jetpack-related-posts":[{"id":39079,"url":"https:\/\/www.edder.org\/?p=39079","url_meta":{"origin":21,"position":0},"title":"Un burro (o dos) sobre el piano","author":"Eder","date":"mi\u00e9rcoles, 11 Nov, 2020","format":false,"excerpt":"","rel":"","context":"En \u00abArtes\u00bb","block_context":{"text":"Artes","link":"https:\/\/www.edder.org\/?cat=85"},"img":{"alt_text":"","src":"https:\/\/i0.wp.com\/www.edder.org\/upload\/2020\/11\/vlcsnap-2020-11-11-18h37m39s487.png?resize=350%2C200&ssl=1","width":350,"height":200,"srcset":"https:\/\/i0.wp.com\/www.edder.org\/upload\/2020\/11\/vlcsnap-2020-11-11-18h37m39s487.png?resize=350%2C200&ssl=1 1x, https:\/\/i0.wp.com\/www.edder.org\/upload\/2020\/11\/vlcsnap-2020-11-11-18h37m39s487.png?resize=525%2C300&ssl=1 1.5x"},"classes":[]},{"id":479,"url":"https:\/\/www.edder.org\/?p=479","url_meta":{"origin":21,"position":1},"title":"Un burro sobre el piano","author":"Eder","date":"lunes, 28 Nov, 2011","format":false,"excerpt":"","rel":"","context":"En \u00abArtes\u00bb","block_context":{"text":"Artes","link":"https:\/\/www.edder.org\/?cat=85"},"img":{"alt_text":"","src":"","width":0,"height":0},"classes":[]},{"id":15280,"url":"https:\/\/www.edder.org\/?p=15280","url_meta":{"origin":21,"position":2},"title":"Viento de la guerra de Espa\u00f1a","author":"Eder","date":"jueves, 1 Ago, 2019","format":false,"excerpt":"El viento en los olivos. Viento de la guerra de Espa\u00f1a. Vent de \u00ab l'Espagne \u00e9ternelle \u00bb. \u00a0 \u00a0","rel":"","context":"En \u00abCine\u00bb","block_context":{"text":"Cine","link":"https:\/\/www.edder.org\/?cat=79"},"img":{"alt_text":"","src":"https:\/\/i0.wp.com\/www.edder.org\/upload\/2019\/08\/nicole.jpg?resize=350%2C200&ssl=1","width":350,"height":200},"classes":[]},{"id":715,"url":"https:\/\/www.edder.org\/?p=715","url_meta":{"origin":21,"position":3},"title":"Estilo internacional","author":"Eder","date":"viernes, 11 Jun, 2010","format":false,"excerpt":"Puse la radio en un atasco y me sali\u00f3 Lola Eguren, la directora general de nunca se sabe bien qu\u00e9 \u2013siempre de algo indefinido, como Relaciones Institucionales o Internacionales\u2013\u00a0diciendo que los premios Pr\u00edncipe de Viana se han internacionalizado, si bien siguen siendo navarr\u00edsimos. Ah, pues como Arletty. Cuando juzgaron a\u2026","rel":"","context":"En \u00abNA\u00bb","block_context":{"text":"NA","link":"https:\/\/www.edder.org\/?cat=3"},"img":{"alt_text":"","src":"","width":0,"height":0},"classes":[]},{"id":101,"url":"https:\/\/www.edder.org\/?p=101","url_meta":{"origin":21,"position":4},"title":"La foto del mill\u00f3n","author":"Eder","date":"viernes, 25 May, 2007","format":false,"excerpt":"A esta hora \u2013ya tard\u00eda\u2013 en que escribo no veo a Miguel Sanz en el debate de los candidatos a la presidencia del Gobierno que discurre en el televisor. No habr\u00e1 querido rebajarse a contrastar sus ideas con las de cualquiera. A esta hora en que escribo, se masca la\u2026","rel":"","context":"En \u00abNA\u00bb","block_context":{"text":"NA","link":"https:\/\/www.edder.org\/?cat=3"},"img":{"alt_text":"","src":"","width":0,"height":0},"classes":[]},{"id":70,"url":"https:\/\/www.edder.org\/?p=70","url_meta":{"origin":21,"position":5},"title":"En \u00c1frica y m\u00e1s all\u00e1","author":"Eder","date":"viernes, 10 Nov, 2006","format":false,"excerpt":"En la Sala de Armas de la Ciudadela, s\u00f3lo hasta el pr\u00f3ximo domingo, puede verse la exposici\u00f3n \u2013fotogr\u00e1fica y videogr\u00e1fica\u2013 de Dorris Haron Kasco (Daloa, Costa de Marfil, 1966) titulada Asfalto. De paso por las inextinguibles obras del Baluarte, presidido por el gran pend\u00f3n de la magna \u00abexposici\u00f3n de los\u2026","rel":"","context":"En \u00abSin categorizar\u00bb","block_context":{"text":"Sin categorizar","link":"https:\/\/www.edder.org\/?cat=1"},"img":{"alt_text":"","src":"","width":0,"height":0},"classes":[]}],"jetpack_likes_enabled":true,"_links":{"self":[{"href":"https:\/\/www.edder.org\/index.php?rest_route=\/wp\/v2\/posts\/21","targetHints":{"allow":["GET"]}}],"collection":[{"href":"https:\/\/www.edder.org\/index.php?rest_route=\/wp\/v2\/posts"}],"about":[{"href":"https:\/\/www.edder.org\/index.php?rest_route=\/wp\/v2\/types\/post"}],"author":[{"embeddable":true,"href":"https:\/\/www.edder.org\/index.php?rest_route=\/wp\/v2\/users\/82"}],"replies":[{"embeddable":true,"href":"https:\/\/www.edder.org\/index.php?rest_route=%2Fwp%2Fv2%2Fcomments&post=21"}],"version-history":[{"count":0,"href":"https:\/\/www.edder.org\/index.php?rest_route=\/wp\/v2\/posts\/21\/revisions"}],"wp:attachment":[{"href":"https:\/\/www.edder.org\/index.php?rest_route=%2Fwp%2Fv2%2Fmedia&parent=21"}],"wp:term":[{"taxonomy":"category","embeddable":true,"href":"https:\/\/www.edder.org\/index.php?rest_route=%2Fwp%2Fv2%2Fcategories&post=21"},{"taxonomy":"post_tag","embeddable":true,"href":"https:\/\/www.edder.org\/index.php?rest_route=%2Fwp%2Fv2%2Ftags&post=21"}],"curies":[{"name":"wp","href":"https:\/\/api.w.org\/{rel}","templated":true}]}}