{"id":2027,"date":"2011-08-05T22:15:16","date_gmt":"2011-08-05T21:15:16","guid":{"rendered":"https:\/\/www.edder.org\/?p=2027"},"modified":"2014-12-21T18:22:26","modified_gmt":"2014-12-21T17:22:26","slug":"la-pelota-vasca-3","status":"publish","type":"post","link":"https:\/\/www.edder.org\/?p=2027","title":{"rendered":"La pelota vasca"},"content":{"rendered":"<p style=\"text-align: center;\"><div class=\"video-shortcode\"><iframe title=\"Pelota vasca\" width=\"1200\" height=\"900\" src=\"https:\/\/www.youtube.com\/embed\/C295_6n0yH8?feature=oembed\" frameborder=\"0\" allow=\"accelerometer; autoplay; clipboard-write; encrypted-media; gyroscope; picture-in-picture; web-share\" allowfullscreen><\/iframe><\/div><br \/>\n\t<div class=\"video-shortcode\"><iframe title=\"Pelota vasca\" width=\"1200\" height=\"900\" src=\"https:\/\/www.youtube.com\/embed\/5D_yPSyhfKc?feature=oembed\" frameborder=\"0\" allow=\"accelerometer; autoplay; clipboard-write; encrypted-media; gyroscope; picture-in-picture; web-share\" allowfullscreen><\/iframe><\/div><\/p>\n<p style=\"text-align: center;\"><div class=\"video-shortcode\"><iframe title=\"La pelota vasca\" width=\"1200\" height=\"900\" src=\"https:\/\/www.youtube.com\/embed\/smVwXtgC3lk?feature=oembed\" frameborder=\"0\" allow=\"accelerometer; autoplay; clipboard-write; encrypted-media; gyroscope; picture-in-picture; web-share\" allowfullscreen><\/iframe><\/div><\/p>\n","protected":false},"excerpt":{"rendered":"","protected":false},"author":82,"featured_media":0,"comment_status":"open","ping_status":"open","sticky":false,"template":"","format":"standard","meta":{"jetpack_post_was_ever_published":false,"_jetpack_newsletter_access":"","_jetpack_dont_email_post_to_subs":false,"_jetpack_newsletter_tier_id":0,"_jetpack_memberships_contains_paywalled_content":false,"_jetpack_memberships_contains_paid_content":false,"footnotes":"","jetpack_publicize_message":"","jetpack_publicize_feature_enabled":true,"jetpack_social_post_already_shared":false,"jetpack_social_options":{"image_generator_settings":{"template":"highway","default_image_id":0,"font":"","enabled":false},"version":2}},"categories":[3],"tags":[205,377,137],"class_list":["post-2027","post","type-post","status-publish","format-standard","hentry","category-na","tag-leth","tag-pelotari","tag-orson-welles"],"jetpack_publicize_connections":[],"jetpack_featured_media_url":"","jetpack_shortlink":"https:\/\/wp.me\/p6kHv-wH","jetpack_sharing_enabled":true,"jetpack-related-posts":[{"id":3726,"url":"https:\/\/www.edder.org\/?p=3726","url_meta":{"origin":2027,"position":0},"title":"YouTube is fantastic","author":"Eder","date":"domingo, 27 Jul, 2014","format":false,"excerpt":"I love YouTube:","rel":"","context":"En \u00abCine\u00bb","block_context":{"text":"Cine","link":"https:\/\/www.edder.org\/?cat=79"},"img":{"alt_text":"","src":"https:\/\/i0.wp.com\/www.edder.org\/upload\/2014\/07\/vlcsnap-2015-08-16-11h14m52s47.png?resize=350%2C200&ssl=1","width":350,"height":200},"classes":[]},{"id":11797,"url":"https:\/\/www.edder.org\/?p=11797","url_meta":{"origin":2027,"position":1},"title":"Cotill\u00f3n hacia 1960 (cuando Olmi invent\u00f3 a Kaurism\u00e4ki)","author":"Eder","date":"domingo, 21 Jun, 2015","format":false,"excerpt":"Cotill\u00f3n hacia 1960, o de cuando Ermanno Olmi invent\u00f3 el cine de Aki Kaurism\u00e4ki: \u00a0 \u00a0 + Christmas movies @t edder.org: Navidad en Cherburgo: \u00a0 Cuidado con ese Papa No\u00ebl: \u00a0 Feliz 1977: \u00a0 Feliz 1950: \u00a0 Sei bellissima: \u00a0 Grandes almacenes: \u00a0 El final de un d\u00eda perfecto: \u00a0\u2026","rel":"","context":"En \u00abCine\u00bb","block_context":{"text":"Cine","link":"https:\/\/www.edder.org\/?cat=79"},"img":{"alt_text":"","src":"https:\/\/i0.wp.com\/www.edder.org\/upload\/2015\/06\/cotillon.png?resize=350%2C200&ssl=1","width":350,"height":200},"classes":[]},{"id":2879,"url":"https:\/\/www.edder.org\/?p=2879","url_meta":{"origin":2027,"position":2},"title":"Nothin&#8217; but the Blues","author":"Eder","date":"lunes, 4 Feb, 2013","format":false,"excerpt":"\u00a0 \u00a0 \u00a0","rel":"","context":"En \u00abM\u00fasica\u00bb","block_context":{"text":"M\u00fasica","link":"https:\/\/www.edder.org\/?cat=87"},"img":{"alt_text":"","src":"","width":0,"height":0},"classes":[]},{"id":2864,"url":"https:\/\/www.edder.org\/?p=2864","url_meta":{"origin":2027,"position":3},"title":"El aspecto del miedo","author":"Eder","date":"martes, 29 Ene, 2013","format":false,"excerpt":"\u00a0 \u00a0 Puede verse tambi\u00e9n: Pamplona, 1937 (parte I) \u00a0 \u00a0 Pamplona, 1937 (parte II) \u00a0 \u00a0","rel":"","context":"En \u00abNA\u00bb","block_context":{"text":"NA","link":"https:\/\/www.edder.org\/?cat=3"},"img":{"alt_text":"","src":"","width":0,"height":0},"classes":[]},{"id":1703,"url":"https:\/\/www.edder.org\/?p=1703","url_meta":{"origin":2027,"position":4},"title":"Rap","author":"Eder","date":"viernes, 22 Abr, 2011","format":false,"excerpt":"","rel":"","context":"En \u00abM\u00fasica\u00bb","block_context":{"text":"M\u00fasica","link":"https:\/\/www.edder.org\/?cat=87"},"img":{"alt_text":"","src":"","width":0,"height":0},"classes":[]},{"id":2767,"url":"https:\/\/www.edder.org\/?p=2767","url_meta":{"origin":2027,"position":5},"title":"El mundo tras el fin del mundo (Londres, 2598)","author":"Eder","date":"domingo, 23 Dic, 2012","format":false,"excerpt":"\u00a0 \u00a0","rel":"","context":"En \u00abCine\u00bb","block_context":{"text":"Cine","link":"https:\/\/www.edder.org\/?cat=79"},"img":{"alt_text":"","src":"","width":0,"height":0},"classes":[]}],"jetpack_likes_enabled":true,"_links":{"self":[{"href":"https:\/\/www.edder.org\/index.php?rest_route=\/wp\/v2\/posts\/2027","targetHints":{"allow":["GET"]}}],"collection":[{"href":"https:\/\/www.edder.org\/index.php?rest_route=\/wp\/v2\/posts"}],"about":[{"href":"https:\/\/www.edder.org\/index.php?rest_route=\/wp\/v2\/types\/post"}],"author":[{"embeddable":true,"href":"https:\/\/www.edder.org\/index.php?rest_route=\/wp\/v2\/users\/82"}],"replies":[{"embeddable":true,"href":"https:\/\/www.edder.org\/index.php?rest_route=%2Fwp%2Fv2%2Fcomments&post=2027"}],"version-history":[{"count":0,"href":"https:\/\/www.edder.org\/index.php?rest_route=\/wp\/v2\/posts\/2027\/revisions"}],"wp:attachment":[{"href":"https:\/\/www.edder.org\/index.php?rest_route=%2Fwp%2Fv2%2Fmedia&parent=2027"}],"wp:term":[{"taxonomy":"category","embeddable":true,"href":"https:\/\/www.edder.org\/index.php?rest_route=%2Fwp%2Fv2%2Fcategories&post=2027"},{"taxonomy":"post_tag","embeddable":true,"href":"https:\/\/www.edder.org\/index.php?rest_route=%2Fwp%2Fv2%2Ftags&post=2027"}],"curies":[{"name":"wp","href":"https:\/\/api.w.org\/{rel}","templated":true}]}}