{"id":2022,"date":"2011-08-03T00:09:27","date_gmt":"2011-08-02T23:09:27","guid":{"rendered":"https:\/\/www.edder.org\/?p=2022"},"modified":"2011-08-03T00:09:27","modified_gmt":"2011-08-02T23:09:27","slug":"elecciones-a-la-vista","status":"publish","type":"post","link":"https:\/\/www.edder.org\/?p=2022","title":{"rendered":"Elecciones a la vista"},"content":{"rendered":"<p style=\"text-align: center;\"><div class=\"video-shortcode\"><iframe title=\"Elecciones a la vista\" width=\"1200\" height=\"900\" src=\"https:\/\/www.youtube.com\/embed\/TRzEevirS7M?feature=oembed\" frameborder=\"0\" allow=\"accelerometer; autoplay; clipboard-write; encrypted-media; gyroscope; picture-in-picture; web-share\" allowfullscreen><\/iframe><\/div><\/p>\n","protected":false},"excerpt":{"rendered":"","protected":false},"author":82,"featured_media":0,"comment_status":"open","ping_status":"open","sticky":false,"template":"","format":"standard","meta":{"jetpack_post_was_ever_published":false,"_jetpack_newsletter_access":"","_jetpack_dont_email_post_to_subs":false,"_jetpack_newsletter_tier_id":0,"_jetpack_memberships_contains_paywalled_content":false,"_jetpack_memberships_contains_paid_content":false,"footnotes":"","jetpack_publicize_message":"","jetpack_publicize_feature_enabled":true,"jetpack_social_post_already_shared":false,"jetpack_social_options":{"image_generator_settings":{"template":"highway","default_image_id":0,"font":"","enabled":false},"version":2}},"categories":[1],"tags":[],"class_list":["post-2022","post","type-post","status-publish","format-standard","hentry","category-sin-categorizar"],"jetpack_publicize_connections":[],"jetpack_featured_media_url":"","jetpack_shortlink":"https:\/\/wp.me\/p6kHv-wC","jetpack_sharing_enabled":true,"jetpack-related-posts":[{"id":3726,"url":"https:\/\/www.edder.org\/?p=3726","url_meta":{"origin":2022,"position":0},"title":"YouTube is fantastic","author":"Eder","date":"domingo, 27 Jul, 2014","format":false,"excerpt":"I love YouTube:","rel":"","context":"En \u00abCine\u00bb","block_context":{"text":"Cine","link":"https:\/\/www.edder.org\/?cat=79"},"img":{"alt_text":"","src":"https:\/\/i0.wp.com\/www.edder.org\/upload\/2014\/07\/vlcsnap-2015-08-16-11h14m52s47.png?resize=350%2C200&ssl=1","width":350,"height":200},"classes":[]},{"id":2901,"url":"https:\/\/www.edder.org\/?p=2901","url_meta":{"origin":2022,"position":1},"title":"Castuera, campo de concentraci\u00f3n","author":"Eder","date":"s\u00e1bado, 16 Feb, 2013","format":false,"excerpt":"\u00a0 Para m\u00e1s informaci\u00f3n, v\u00e9ase \u00abLa pesadilla de Castuera\u00bb:","rel":"","context":"En \u00abSin categorizar\u00bb","block_context":{"text":"Sin categorizar","link":"https:\/\/www.edder.org\/?cat=1"},"img":{"alt_text":"","src":"","width":0,"height":0},"classes":[]},{"id":3005,"url":"https:\/\/www.edder.org\/?p=3005","url_meta":{"origin":2022,"position":2},"title":"Lacan y la abuela","author":"Eder","date":"s\u00e1bado, 30 Mar, 2013","format":false,"excerpt":"","rel":"","context":"En \u00abSin categorizar\u00bb","block_context":{"text":"Sin categorizar","link":"https:\/\/www.edder.org\/?cat=1"},"img":{"alt_text":"","src":"","width":0,"height":0},"classes":[]},{"id":3106,"url":"https:\/\/www.edder.org\/?p=3106","url_meta":{"origin":2022,"position":3},"title":"Las u\u00f1as de la raz\u00f3n dial\u00e9ctica","author":"Eder","date":"domingo, 19 May, 2013","format":false,"excerpt":"","rel":"","context":"En \u00abSin categorizar\u00bb","block_context":{"text":"Sin categorizar","link":"https:\/\/www.edder.org\/?cat=1"},"img":{"alt_text":"","src":"","width":0,"height":0},"classes":[]},{"id":1541,"url":"https:\/\/www.edder.org\/?p=1541","url_meta":{"origin":2022,"position":4},"title":"Antes y despu\u00e9s de Le chagrin et la piti\u00e9","author":"Eder","date":"martes, 8 Mar, 2011","format":false,"excerpt":"","rel":"","context":"En \u00abCine\u00bb","block_context":{"text":"Cine","link":"https:\/\/www.edder.org\/?cat=79"},"img":{"alt_text":"","src":"","width":0,"height":0},"classes":[]},{"id":3284,"url":"https:\/\/www.edder.org\/?p=3284","url_meta":{"origin":2022,"position":5},"title":"El silencio \u2013que no la ausencia\u2013 de Pasolini","author":"Eder","date":"lunes, 18 Nov, 2013","format":false,"excerpt":"Pasolini silencioso: \u00a0","rel":"","context":"En \u00abArtes\u00bb","block_context":{"text":"Artes","link":"https:\/\/www.edder.org\/?cat=85"},"img":{"alt_text":"","src":"","width":0,"height":0},"classes":[]}],"jetpack_likes_enabled":true,"_links":{"self":[{"href":"https:\/\/www.edder.org\/index.php?rest_route=\/wp\/v2\/posts\/2022","targetHints":{"allow":["GET"]}}],"collection":[{"href":"https:\/\/www.edder.org\/index.php?rest_route=\/wp\/v2\/posts"}],"about":[{"href":"https:\/\/www.edder.org\/index.php?rest_route=\/wp\/v2\/types\/post"}],"author":[{"embeddable":true,"href":"https:\/\/www.edder.org\/index.php?rest_route=\/wp\/v2\/users\/82"}],"replies":[{"embeddable":true,"href":"https:\/\/www.edder.org\/index.php?rest_route=%2Fwp%2Fv2%2Fcomments&post=2022"}],"version-history":[{"count":0,"href":"https:\/\/www.edder.org\/index.php?rest_route=\/wp\/v2\/posts\/2022\/revisions"}],"wp:attachment":[{"href":"https:\/\/www.edder.org\/index.php?rest_route=%2Fwp%2Fv2%2Fmedia&parent=2022"}],"wp:term":[{"taxonomy":"category","embeddable":true,"href":"https:\/\/www.edder.org\/index.php?rest_route=%2Fwp%2Fv2%2Fcategories&post=2022"},{"taxonomy":"post_tag","embeddable":true,"href":"https:\/\/www.edder.org\/index.php?rest_route=%2Fwp%2Fv2%2Ftags&post=2022"}],"curies":[{"name":"wp","href":"https:\/\/api.w.org\/{rel}","templated":true}]}}