{"id":2,"date":"2005-09-25T22:43:39","date_gmt":"2005-09-25T20:43:39","guid":{"rendered":"https:\/\/www.edder.org\/?p=2"},"modified":"2018-07-27T16:38:58","modified_gmt":"2018-07-27T14:38:58","slug":"pamplonesas-todas","status":"publish","type":"post","link":"https:\/\/www.edder.org\/?p=2","title":{"rendered":"Pamplonesas todas"},"content":{"rendered":"<p><img decoding=\"async\" alt=\"pa\u00eds\" class=\"lazyload izquierda\" src=\"data:image\/gif;base64,R0lGODlhAQABAAAAACH5BAEKAAEALAAAAAABAAEAAAICTAEAOw==\" data-orig-src=\"https:\/\/www.edder.org\/images\/pais.gif\" \/><br \/>\n\tEn estos momentos de universal alegr&iacute;a y et&iacute;lico desvar&iacute;o &ndash;aqu&iacute; como en Londres&ndash;, perm&iacute;tanme presentarme: Javier Eder, cada ma&ntilde;ana en directo para ustedes &ndash;si el tiempo y el percance et&iacute;lico no lo impiden&ndash;, desde Pamplona-Iru&ntilde;a, capital del continente navarro y epicentro del universo. Que Pamplona es el epicentro del terremoto m&aacute;s universal de cuantos se registran en la escala festiva lo saben en Madrid, Nueva York, Par&iacute;s o Londres, ciudades que ayer desviaron parte de la atenci&oacute;n que ten&iacute;a puesta en Singapur para dirigirla a aqu&iacute;. Que Navarra es todo un continente, no es que lo diga con orgullo el gobierno regional; ya lo insinu&oacute; el eximio vate don Jos&eacute; Mar&iacute;a Pem&aacute;n, hoy tan injustamente postergado como la familia natural: &laquo;Navarra, alcanfor de Espa&ntilde;a y espliego de Occidente&raquo;.<br \/>\n\tDe la pluma del olvidado don Jos&eacute; Mar&iacute;a Pem&aacute;n salieron igualmente estos versos arrebatados que, por su actualidad, debo citar: &laquo;Ya venciste, Voltaire. &iexcl;Maldito seas!&raquo;. De la victoria del maldito Voltaire ha hablado profusamente, en Aranjuez, uno de los pensadores navarros de m&aacute;s predicamento dentro y fuera de nuestras fronteras continentales: el arzobispo de las di&oacute;cesis de Pamplona y Tudela &ndash;para todo un continente no bastaba con un simple obispado: hac&iacute;a una falta una archidi&oacute;cesis bic&eacute;fala&ndash;, don Fernando Sebasti&aacute;n. Don Fernando, con una l&iacute;rica crepuscular, m&aacute;s pr&oacute;xima a Spengler que a Pem&aacute;n, dijo: &laquo;Estamos ya en la segunda generaci&oacute;n de un continente en el que no amanece Dios&raquo;. Dios no amanece. Es de temer que algunas ma&ntilde;anas ni siquiera lo hace en el continente navarro.<br \/>\n\tLa de ayer debi&oacute; de ser una de esas ma&ntilde;anas. El d&iacute;a ven&iacute;a nublado y, en la hora en que el &aacute;ngel del Se&ntilde;or anunci&oacute; a Mar&iacute;a, una concejala del ayuntamiento de Pamplona, dejando de lado el tradicional &laquo;Pamploneses, pamplonesas&raquo;, grito simplemente: &laquo;&iexcl;Pamplonesas, viva san Ferm&iacute;n!&raquo;. Pamplonesas, &iquest;todos? Aunque nos encontremos en el continente desde el que los jesuitas salieron a la conquista del mundo, dejemos para ocasi&oacute;n menos festiva la apasionante disputa, netamente jesu&iacute;tica, sobre si la palabra &laquo;perro&raquo; muerde. El caso es que ayer, a la hora del &aacute;ngelus, ning&uacute;n pamplon&eacute;s de pro se molest&oacute; porque le llamasen &laquo;pamplonesa&raquo;. &laquo;Todas&raquo;, y las primeras de &laquo;todas&raquo;, los valientes de pelo en pecho que a partir de hoy se medir&aacute;n con tanto peligro como esconden los encierros, marcharon al un&iacute;sono, detr&aacute;s de la banda municipal, por los caminos de las fiestas.<br \/>\n\tFue, como de costumbre, una explosi&oacute;n incontenida de alegr&iacute;a intercontinental. Con la marcha de &laquo;todas&raquo; hacia la fiesta, se constat&oacute; de nuevo, incluso dentro del continente que mereciera las loas de Pem&aacute;n, que por un lado van las apocal&iacute;pticas, catastrofistas y crepusculares visiones del mundo presentadas por el Foro de la Familia &laquo;y por los ponentes de los cursos veraniegos de Navacerrada y Aranjuez&raquo;, y por otro muy distinto la fiesta: la fiesta social en la que se admite y entran &laquo;todas&raquo;, sin mayores disquisiciones sem&aacute;nticas. S&oacute;lo nos queda, pues, felicitarnos por ello y felicitar a Londres por lo suyo. En cuanto a Nueva York, Par&iacute;s y Madrid, que sepan all&iacute; que hay en los mapas un continente, hoy desbordado por la alegr&iacute;a, donde no hay lugar para las penas.<\/p>\n","protected":false},"excerpt":{"rendered":"<p>En estos momentos de universal alegr&iacute;a y et&iacute;lico desvar&iacute;o &ndash;aqu&iacute; como en Londres&ndash;, perm&iacute;tanme presentarme: Javier Eder, cada ma&ntilde;ana en directo para ustedes &ndash;si el tiempo y el percance et&iacute;lico no lo impiden&ndash;, desde Pamplona-Iru&ntilde;a, capital del continente navarro y epicentro del universo. Que Pamplona es el epicentro del terremoto m&aacute;s universal de cuantos se registran en la escala festiva lo saben en Madrid, Nueva York, Par&iacute;s o Londres, ciudades que ayer desviaron parte de la atenci&oacute;n que ten&iacute;a puesta en Singapur para dirigirla a aqu&iacute;. Que Navarra es todo un continente, no es que lo diga con orgullo el gobierno regional; ya lo insinu&oacute; el eximio vate don Jos&eacute; Mar&iacute;a Pem&aacute;n, hoy tan injustamente postergado como la familia natural: &laquo;Navarra, alcanfor de Espa&ntilde;a y espliego de  [&#8230;]<\/p>\n","protected":false},"author":82,"featured_media":0,"comment_status":"open","ping_status":"open","sticky":false,"template":"","format":"standard","meta":{"jetpack_post_was_ever_published":false,"_jetpack_newsletter_access":"","_jetpack_dont_email_post_to_subs":false,"_jetpack_newsletter_tier_id":0,"_jetpack_memberships_contains_paywalled_content":false,"_jetpack_memberships_contains_paid_content":false,"footnotes":"","jetpack_publicize_message":"","jetpack_publicize_feature_enabled":true,"jetpack_social_post_already_shared":false,"jetpack_social_options":{"image_generator_settings":{"template":"highway","default_image_id":0,"font":"","enabled":false},"version":2}},"categories":[3],"tags":[],"class_list":["post-2","post","type-post","status-publish","format-standard","hentry","category-na"],"jetpack_publicize_connections":[],"jetpack_featured_media_url":"","jetpack_shortlink":"https:\/\/wp.me\/p6kHv-2","jetpack_sharing_enabled":true,"jetpack-related-posts":[{"id":316,"url":"https:\/\/www.edder.org\/?p=316","url_meta":{"origin":2,"position":0},"title":"Rodezno","author":"Eder","date":"martes, 8 Feb, 2011","format":false,"excerpt":"","rel":"","context":"En \u00abNA\u00bb","block_context":{"text":"NA","link":"https:\/\/www.edder.org\/?cat=3"},"img":{"alt_text":"","src":"","width":0,"height":0},"classes":[]},{"id":1989,"url":"https:\/\/www.edder.org\/?p=1989","url_meta":{"origin":2,"position":1},"title":"Navarra 1936","author":"Eder","date":"martes, 19 Jul, 2011","format":false,"excerpt":"Esquema aut\u00f3grafo del conde de Rodezno sobre la estructura del poder en Navarra tras el golpe faccioso de 1936. \u00a0 \u2022 \u00a0 El conde de Rodezno, en 1939, desfilando por Pamplona con los insurrectos victoriosos.","rel":"","context":"En \u00abNA\u00bb","block_context":{"text":"NA","link":"https:\/\/www.edder.org\/?cat=3"},"img":{"alt_text":"","src":"https:\/\/i0.wp.com\/www.edder.org\/upload\/2011\/07\/rodezno2.jpg?resize=350%2C200&ssl=1","width":350,"height":200,"srcset":"https:\/\/i0.wp.com\/www.edder.org\/upload\/2011\/07\/rodezno2.jpg?resize=350%2C200&ssl=1 1x, https:\/\/i0.wp.com\/www.edder.org\/upload\/2011\/07\/rodezno2.jpg?resize=525%2C300&ssl=1 1.5x, https:\/\/i0.wp.com\/www.edder.org\/upload\/2011\/07\/rodezno2.jpg?resize=700%2C400&ssl=1 2x, https:\/\/i0.wp.com\/www.edder.org\/upload\/2011\/07\/rodezno2.jpg?resize=1050%2C600&ssl=1 3x"},"classes":[]},{"id":565,"url":"https:\/\/www.edder.org\/?p=565","url_meta":{"origin":2,"position":2},"title":"El sue\u00f1o de Kafka o la Pamplona de Zulueta","author":"Eder","date":"jueves, 21 Ene, 2010","format":false,"excerpt":"La tragedia de las estrellas, dice en alguno de sus libros Serge Daney, es ser sustituidas en vida por su imagen. La tragedia de las estrellas y la de los malditos. Me acuerdo como si fuera ayer de la unci\u00f3n con que a mediados de los 80 vimos Arrebato, de\u2026","rel":"","context":"En \u00abNA\u00bb","block_context":{"text":"NA","link":"https:\/\/www.edder.org\/?cat=3"},"img":{"alt_text":"","src":"","width":0,"height":0},"classes":[]},{"id":485,"url":"https:\/\/www.edder.org\/?p=485","url_meta":{"origin":2,"position":3},"title":"Los Rodezno y su esp\u00edritu","author":"Eder","date":"viernes, 9 Oct, 2009","format":false,"excerpt":"Me hab\u00eda prometido no hablar en este curso m\u00e1s que de condados como el de Faulkner. Tambi\u00e9n pensaba hablar \u2013otro a\u00f1o ser\u00e1\u2013 de aquella pel\u00edcula en la que Burt Lancaster va de piscina en piscina: \u201c\u00a1Hoy es el d\u00eda en que Ned Merril atraviesa a nado el condado!\u201d. Pero pese\u2026","rel":"","context":"En \u00abNA\u00bb","block_context":{"text":"NA","link":"https:\/\/www.edder.org\/?cat=3"},"img":{"alt_text":"","src":"","width":0,"height":0},"classes":[]},{"id":139,"url":"https:\/\/www.edder.org\/?p=139","url_meta":{"origin":2,"position":4},"title":"Por preguntar","author":"Eder","date":"viernes, 7 Mar, 2008","format":false,"excerpt":"Hubo carta del Gobierno de Navarra. \u201cEl d\u00eda 19 abrimos las puertas del nuevo centro de urgencias Solchaga\u201d. \u00bfNuevo centro de urgencias Solchaga? \u00bfEs el viejo ambulatorio al que en el sitio web del Ayuntamiento de Pamplona se sigue llamando General Solchaga? \u00bfHay nueva denominaci\u00f3n oficial? Si as\u00ed fuera, \u00bfcu\u00e1ndo\u2026","rel":"","context":"En \u00abNA\u00bb","block_context":{"text":"NA","link":"https:\/\/www.edder.org\/?cat=3"},"img":{"alt_text":"","src":"","width":0,"height":0},"classes":[]},{"id":95,"url":"https:\/\/www.edder.org\/?p=95","url_meta":{"origin":2,"position":5},"title":"Pr\u00f3logo y ep\u00edlogo","author":"Eder","date":"viernes, 13 Abr, 2007","format":false,"excerpt":"Gran ambiente: Mariano Rajoy, el prologuista del pr\u00f3ximo libro de saldo de del Burgo, en Pamplona. Es lo que hay: del Burgo no se rinde en su tenaz y fallido intento de escribir alg\u00fan d\u00eda un best-seller. La realidad, tozuda como ella sola, va enviando las ediciones de sus libros,\u2026","rel":"","context":"En \u00abNA\u00bb","block_context":{"text":"NA","link":"https:\/\/www.edder.org\/?cat=3"},"img":{"alt_text":"","src":"","width":0,"height":0},"classes":[]}],"jetpack_likes_enabled":true,"_links":{"self":[{"href":"https:\/\/www.edder.org\/index.php?rest_route=\/wp\/v2\/posts\/2","targetHints":{"allow":["GET"]}}],"collection":[{"href":"https:\/\/www.edder.org\/index.php?rest_route=\/wp\/v2\/posts"}],"about":[{"href":"https:\/\/www.edder.org\/index.php?rest_route=\/wp\/v2\/types\/post"}],"author":[{"embeddable":true,"href":"https:\/\/www.edder.org\/index.php?rest_route=\/wp\/v2\/users\/82"}],"replies":[{"embeddable":true,"href":"https:\/\/www.edder.org\/index.php?rest_route=%2Fwp%2Fv2%2Fcomments&post=2"}],"version-history":[{"count":0,"href":"https:\/\/www.edder.org\/index.php?rest_route=\/wp\/v2\/posts\/2\/revisions"}],"wp:attachment":[{"href":"https:\/\/www.edder.org\/index.php?rest_route=%2Fwp%2Fv2%2Fmedia&parent=2"}],"wp:term":[{"taxonomy":"category","embeddable":true,"href":"https:\/\/www.edder.org\/index.php?rest_route=%2Fwp%2Fv2%2Fcategories&post=2"},{"taxonomy":"post_tag","embeddable":true,"href":"https:\/\/www.edder.org\/index.php?rest_route=%2Fwp%2Fv2%2Ftags&post=2"}],"curies":[{"name":"wp","href":"https:\/\/api.w.org\/{rel}","templated":true}]}}