{"id":1989,"date":"2011-07-19T15:21:22","date_gmt":"2011-07-19T14:21:22","guid":{"rendered":"https:\/\/www.edder.org\/?p=1989"},"modified":"2022-09-26T19:17:10","modified_gmt":"2022-09-26T17:17:10","slug":"navarra-1936","status":"publish","type":"post","link":"https:\/\/www.edder.org\/?p=1989","title":{"rendered":"Navarra 1936"},"content":{"rendered":"<p>Esquema aut\u00f3grafo del conde de Rodezno sobre la estructura del poder en Navarra tras el golpe faccioso de 1936.<\/p>\n<p style=\"text-align: center;\"><img decoding=\"async\" data-attachment-id=\"41208\" data-permalink=\"https:\/\/www.edder.org\/?attachment_id=41208\" data-orig-file=\"https:\/\/www.edder.org\/upload\/2011\/07\/rodezno2.jpg\" data-orig-size=\"1063,746\" data-comments-opened=\"1\" data-image-meta=\"{&quot;aperture&quot;:&quot;0&quot;,&quot;credit&quot;:&quot;&quot;,&quot;camera&quot;:&quot;&quot;,&quot;caption&quot;:&quot;&quot;,&quot;created_timestamp&quot;:&quot;0&quot;,&quot;copyright&quot;:&quot;&quot;,&quot;focal_length&quot;:&quot;0&quot;,&quot;iso&quot;:&quot;0&quot;,&quot;shutter_speed&quot;:&quot;0&quot;,&quot;title&quot;:&quot;&quot;,&quot;orientation&quot;:&quot;1&quot;}\" data-image-title=\"rodezno2\" data-image-description=\"\" data-image-caption=\"\" data-large-file=\"https:\/\/www.edder.org\/upload\/2011\/07\/rodezno2.jpg\" class=\"lazyload aligncenter size-full wp-image-41208\" src=\"https:\/\/www.edder.org\/upload\/2011\/07\/rodezno2.jpg\" data-orig-src=\"https:\/\/www.edder.org\/upload\/2011\/07\/rodezno2.jpg\" alt=\"\" width=\"1063\" height=\"746\" srcset=\"data:image\/svg+xml,%3Csvg%20xmlns%3D%27http%3A%2F%2Fwww.w3.org%2F2000%2Fsvg%27%20width%3D%271063%27%20height%3D%27746%27%20viewBox%3D%270%200%201063%20746%27%3E%3Crect%20width%3D%271063%27%20height%3D%27746%27%20fill-opacity%3D%220%22%2F%3E%3C%2Fsvg%3E\" data-srcset=\"https:\/\/www.edder.org\/upload\/2011\/07\/rodezno2-200x140.jpg 200w, https:\/\/www.edder.org\/upload\/2011\/07\/rodezno2-300x211.jpg 300w, https:\/\/www.edder.org\/upload\/2011\/07\/rodezno2-400x281.jpg 400w, https:\/\/www.edder.org\/upload\/2011\/07\/rodezno2-600x421.jpg 600w, https:\/\/www.edder.org\/upload\/2011\/07\/rodezno2-768x539.jpg 768w, https:\/\/www.edder.org\/upload\/2011\/07\/rodezno2-800x561.jpg 800w, https:\/\/www.edder.org\/upload\/2011\/07\/rodezno2.jpg 1063w\" data-sizes=\"auto\" data-orig-sizes=\"(max-width: 1063px) 100vw, 1063px\" \/><\/p>\n<p>&nbsp;<\/p>\n<p style=\"text-align: center;\"><span style=\"font-size: 24px;\">\u2022<\/span><\/p>\n<p>&nbsp;<\/p>\n<p>El conde de Rodezno, en 1939, desfilando por Pamplona con los insurrectos victoriosos.<\/p>\n<p style=\"text-align: center;\"><img decoding=\"async\" class=\"lazyload aligncenter\" title=\"desfile\" src=\"data:image\/svg+xml,%3Csvg%20xmlns%3D%27http%3A%2F%2Fwww.w3.org%2F2000%2Fsvg%27%20width%3D%27567%27%20height%3D%27362%27%20viewBox%3D%270%200%20567%20362%27%3E%3Crect%20width%3D%27567%27%20height%3D%27362%27%20fill-opacity%3D%220%22%2F%3E%3C%2Fsvg%3E\" data-orig-src=\"http:\/\/edder.org\/images\/rodezno4.jpg\" alt=\"\" width=\"567\" height=\"362\" \/><\/p>\n","protected":false},"excerpt":{"rendered":"<p>Esquema aut\u00f3grafo del conde de Rodezno sobre la estructura del poder en Navarra tras el golpe faccioso de 1936. &nbsp; \u2022 &nbsp; El conde de Rodezno, en 1939, desfilando por Pamplona con los insurrectos victoriosos.<\/p>\n","protected":false},"author":82,"featured_media":0,"comment_status":"open","ping_status":"open","sticky":false,"template":"","format":"standard","meta":{"jetpack_post_was_ever_published":false,"_jetpack_newsletter_access":"","_jetpack_dont_email_post_to_subs":false,"_jetpack_newsletter_tier_id":0,"_jetpack_memberships_contains_paywalled_content":false,"_jetpack_memberships_contains_paid_content":false,"footnotes":"","jetpack_publicize_message":"","jetpack_publicize_feature_enabled":true,"jetpack_social_post_already_shared":false,"jetpack_social_options":{"image_generator_settings":{"template":"highway","default_image_id":0,"font":"","enabled":false},"version":2}},"categories":[3],"tags":[41],"class_list":["post-1989","post","type-post","status-publish","format-standard","hentry","category-na","tag-rodezno"],"jetpack_publicize_connections":[],"jetpack_featured_media_url":"","jetpack_shortlink":"https:\/\/wp.me\/p6kHv-w5","jetpack_sharing_enabled":true,"jetpack-related-posts":[{"id":485,"url":"https:\/\/www.edder.org\/?p=485","url_meta":{"origin":1989,"position":0},"title":"Los Rodezno y su esp\u00edritu","author":"Eder","date":"viernes, 9 Oct, 2009","format":false,"excerpt":"Me hab\u00eda prometido no hablar en este curso m\u00e1s que de condados como el de Faulkner. Tambi\u00e9n pensaba hablar \u2013otro a\u00f1o ser\u00e1\u2013 de aquella pel\u00edcula en la que Burt Lancaster va de piscina en piscina: \u201c\u00a1Hoy es el d\u00eda en que Ned Merril atraviesa a nado el condado!\u201d. Pero pese\u2026","rel":"","context":"En \u00abNA\u00bb","block_context":{"text":"NA","link":"https:\/\/www.edder.org\/?cat=3"},"img":{"alt_text":"","src":"","width":0,"height":0},"classes":[]},{"id":316,"url":"https:\/\/www.edder.org\/?p=316","url_meta":{"origin":1989,"position":1},"title":"Rodezno","author":"Eder","date":"martes, 8 Feb, 2011","format":false,"excerpt":"","rel":"","context":"En \u00abNA\u00bb","block_context":{"text":"NA","link":"https:\/\/www.edder.org\/?cat=3"},"img":{"alt_text":"","src":"","width":0,"height":0},"classes":[]},{"id":1741,"url":"https:\/\/www.edder.org\/?p=1741","url_meta":{"origin":1989,"position":2},"title":"Burgos hacia 1938","author":"Eder","date":"s\u00e1bado, 23 Abr, 2011","format":false,"excerpt":"","rel":"","context":"En \u00abSin categorizar\u00bb","block_context":{"text":"Sin categorizar","link":"https:\/\/www.edder.org\/?cat=1"},"img":{"alt_text":"","src":"","width":0,"height":0},"classes":[]},{"id":12352,"url":"https:\/\/www.edder.org\/?p=12352","url_meta":{"origin":1989,"position":3},"title":"De Rodezno a Esparza","author":"Eder","date":"martes, 22 Sep, 2015","format":false,"excerpt":"\u00a0 \u00a0 En contra de lo que dice Woody Allen en Wild Man Blues \u2013\u00abLo peor son los alcaldes\u00bb\u2013, los alcaldes son de lo mejor que \u00abel cambio\u00bb ha tra\u00eddo por el momento. Si bien el acalde de Pamplona no anda \u00faltimamente muy atinado. Particularmente desacertado me ha parecido Asiron\u2026","rel":"","context":"En \u00abSin categorizar\u00bb","block_context":{"text":"Sin categorizar","link":"https:\/\/www.edder.org\/?cat=1"},"img":{"alt_text":"","src":"https:\/\/i0.wp.com\/www.edder.org\/upload\/2015\/09\/caidos.gif?resize=350%2C200&ssl=1","width":350,"height":200,"srcset":"https:\/\/i0.wp.com\/www.edder.org\/upload\/2015\/09\/caidos.gif?resize=350%2C200&ssl=1 1x, https:\/\/i0.wp.com\/www.edder.org\/upload\/2015\/09\/caidos.gif?resize=525%2C300&ssl=1 1.5x"},"classes":[]},{"id":1925,"url":"https:\/\/www.edder.org\/?p=1925","url_meta":{"origin":1989,"position":4},"title":"Reggionalismo","author":"Eder","date":"viernes, 3 Jun, 2011","format":false,"excerpt":"","rel":"","context":"En \u00abNA\u00bb","block_context":{"text":"NA","link":"https:\/\/www.edder.org\/?cat=3"},"img":{"alt_text":"","src":"https:\/\/i0.wp.com\/edder.org\/images\/rodezno2.jpg?resize=350%2C200","width":350,"height":200},"classes":[]},{"id":710,"url":"https:\/\/www.edder.org\/?p=710","url_meta":{"origin":1989,"position":5},"title":"Las maletas del arquitecto","author":"Eder","date":"viernes, 7 May, 2010","format":false,"excerpt":"","rel":"","context":"En \u00abNA\u00bb","block_context":{"text":"NA","link":"https:\/\/www.edder.org\/?cat=3"},"img":{"alt_text":"","src":"https:\/\/i0.wp.com\/www.edder.org\/upload\/2010\/05\/huder_yarnoz.jpg?resize=350%2C200&ssl=1","width":350,"height":200,"srcset":"https:\/\/i0.wp.com\/www.edder.org\/upload\/2010\/05\/huder_yarnoz.jpg?resize=350%2C200&ssl=1 1x, https:\/\/i0.wp.com\/www.edder.org\/upload\/2010\/05\/huder_yarnoz.jpg?resize=525%2C300&ssl=1 1.5x"},"classes":[]}],"jetpack_likes_enabled":true,"_links":{"self":[{"href":"https:\/\/www.edder.org\/index.php?rest_route=\/wp\/v2\/posts\/1989","targetHints":{"allow":["GET"]}}],"collection":[{"href":"https:\/\/www.edder.org\/index.php?rest_route=\/wp\/v2\/posts"}],"about":[{"href":"https:\/\/www.edder.org\/index.php?rest_route=\/wp\/v2\/types\/post"}],"author":[{"embeddable":true,"href":"https:\/\/www.edder.org\/index.php?rest_route=\/wp\/v2\/users\/82"}],"replies":[{"embeddable":true,"href":"https:\/\/www.edder.org\/index.php?rest_route=%2Fwp%2Fv2%2Fcomments&post=1989"}],"version-history":[{"count":0,"href":"https:\/\/www.edder.org\/index.php?rest_route=\/wp\/v2\/posts\/1989\/revisions"}],"wp:attachment":[{"href":"https:\/\/www.edder.org\/index.php?rest_route=%2Fwp%2Fv2%2Fmedia&parent=1989"}],"wp:term":[{"taxonomy":"category","embeddable":true,"href":"https:\/\/www.edder.org\/index.php?rest_route=%2Fwp%2Fv2%2Fcategories&post=1989"},{"taxonomy":"post_tag","embeddable":true,"href":"https:\/\/www.edder.org\/index.php?rest_route=%2Fwp%2Fv2%2Ftags&post=1989"}],"curies":[{"name":"wp","href":"https:\/\/api.w.org\/{rel}","templated":true}]}}