{"id":1939,"date":"2011-06-08T16:53:20","date_gmt":"2011-06-08T15:53:20","guid":{"rendered":"https:\/\/www.edder.org\/?p=1939"},"modified":"2018-07-27T16:37:24","modified_gmt":"2018-07-27T14:37:24","slug":"plaza-fria-o-oscura","status":"publish","type":"post","link":"https:\/\/www.edder.org\/?p=1939","title":{"rendered":"Plaza fr\u00eda y oscura"},"content":{"rendered":"<p style=\"text-align: center;\">&nbsp;<\/p>\n<p style=\"text-align: center;\">&nbsp;<\/p>\n<p style=\"text-align: center;\"><img decoding=\"async\" alt=\"\" class=\"lazyload aligncenter\" height=\"562\" src=\"data:image\/svg+xml,%3Csvg%20xmlns%3D%27http%3A%2F%2Fwww.w3.org%2F2000%2Fsvg%27%20width%3D%27567%27%20height%3D%27562%27%20viewBox%3D%270%200%20567%20562%27%3E%3Crect%20width%3D%27567%27%20height%3D%27562%27%20fill-opacity%3D%220%22%2F%3E%3C%2Fsvg%3E\" data-orig-src=\"http:\/\/edder.org\/images\/motos.jpg\" title=\"Motos\" width=\"567\" \/><\/p>\n<p style=\"text-align: center;\"><img decoding=\"async\" alt=\"\" class=\"lazyload aligncenter\" height=\"562\" src=\"data:image\/svg+xml,%3Csvg%20xmlns%3D%27http%3A%2F%2Fwww.w3.org%2F2000%2Fsvg%27%20width%3D%27567%27%20height%3D%27562%27%20viewBox%3D%270%200%20567%20562%27%3E%3Crect%20width%3D%27567%27%20height%3D%27562%27%20fill-opacity%3D%220%22%2F%3E%3C%2Fsvg%3E\" data-orig-src=\"http:\/\/edder.org\/images\/motos2.jpg\" title=\"Motos 2\" width=\"567\" \/><\/p>\n","protected":false},"excerpt":{"rendered":"<p>&nbsp; &nbsp;<\/p>\n","protected":false},"author":82,"featured_media":0,"comment_status":"open","ping_status":"open","sticky":false,"template":"","format":"standard","meta":{"jetpack_post_was_ever_published":false,"_jetpack_newsletter_access":"","_jetpack_dont_email_post_to_subs":false,"_jetpack_newsletter_tier_id":0,"_jetpack_memberships_contains_paywalled_content":false,"_jetpack_memberships_contains_paid_content":false,"footnotes":"","jetpack_publicize_message":"","jetpack_publicize_feature_enabled":true,"jetpack_social_post_already_shared":false,"jetpack_social_options":{"image_generator_settings":{"template":"highway","default_image_id":0,"font":"","enabled":false},"version":2}},"categories":[3],"tags":[],"class_list":["post-1939","post","type-post","status-publish","format-standard","hentry","category-na"],"jetpack_publicize_connections":[],"jetpack_featured_media_url":"","jetpack_shortlink":"https:\/\/wp.me\/p6kHv-vh","jetpack_sharing_enabled":true,"jetpack-related-posts":[{"id":503,"url":"https:\/\/www.edder.org\/?p=503","url_meta":{"origin":1939,"position":0},"title":"Capitalidad cultural","author":"Eder","date":"viernes, 6 Nov, 2009","format":false,"excerpt":"Francisco Patxi Mangado es el \u00fanico arquitecto del mundo que no ha sabido resolver lo que cualquier dise\u00f1ador, a fastidiosa y tard\u00eda petici\u00f3n del cliente, resolver\u00eda en segundos: c\u00f3mo meter en un espacio dado el doble de texto del inicialmente previsto. A Francisco Mangado se le olvid\u00f3 que se hac\u00eda\u2026","rel":"","context":"En \u00abNA\u00bb","block_context":{"text":"NA","link":"https:\/\/www.edder.org\/?cat=3"},"img":{"alt_text":"","src":"","width":0,"height":0},"classes":[]},{"id":208,"url":"https:\/\/www.edder.org\/?p=208","url_meta":{"origin":1939,"position":1},"title":"Tradici\u00f3n","author":"Eder","date":"viernes, 5 Dic, 2008","format":false,"excerpt":"El titular de este peri\u00f3dico lo dec\u00eda todo: \u201cEl Gobierno cumple con el precepto de asistir a la misa en Javier\u201d. En efecto, o\u00edr misa es el primero de los preceptos de la Santa Madre Iglesia. Por descontando que el D\u00eda de Navarra es d\u00eda de mucha fiesta y mucho\u2026","rel":"","context":"En \u00abNA\u00bb","block_context":{"text":"NA","link":"https:\/\/www.edder.org\/?cat=3"},"img":{"alt_text":"","src":"","width":0,"height":0},"classes":[]},{"id":2184,"url":"https:\/\/www.edder.org\/?p=2184","url_meta":{"origin":1939,"position":2},"title":"A\u00f1os triunfales","author":"Eder","date":"s\u00e1bado, 26 Nov, 2011","format":false,"excerpt":"","rel":"","context":"En \u00abLetras\u00bb","block_context":{"text":"Letras","link":"https:\/\/www.edder.org\/?cat=93"},"img":{"alt_text":"","src":"https:\/\/i0.wp.com\/edder.org\/images\/triunfales.jpg?resize=350%2C200","width":350,"height":200,"srcset":"https:\/\/i0.wp.com\/edder.org\/images\/triunfales.jpg?resize=350%2C200 1x, https:\/\/i0.wp.com\/edder.org\/images\/triunfales.jpg?resize=525%2C300 1.5x"},"classes":[]},{"id":37,"url":"https:\/\/www.edder.org\/?p=37","url_meta":{"origin":1939,"position":3},"title":"De la polis al bar","author":"Eder","date":"viernes, 13 Ene, 2006","format":false,"excerpt":"La colecci\u00f3n de perlas cultivadas que el arquitecto Francisco Mangado dej\u00f3 caer en su d\u00eda sobre esa plaza \u2013la del Baluarte\u2013 que finalmente ser\u00e1 sede privilegiada del primer y m\u00e1s selecto bar-restaurante del Reyno \u2013encargado, c\u00f3mo no, al propio Mangado, cuyo talento en la concepci\u00f3n de espacios para la restauraci\u00f3n\u2026","rel":"","context":"En \u00abNA\u00bb","block_context":{"text":"NA","link":"https:\/\/www.edder.org\/?cat=3"},"img":{"alt_text":"","src":"","width":0,"height":0},"classes":[]},{"id":143,"url":"https:\/\/www.edder.org\/?p=143","url_meta":{"origin":1939,"position":4},"title":"De Atapuerca a la posmodernidad","author":"Eder","date":"s\u00e1bado, 29 Mar, 2008","format":false,"excerpt":"Mientras el hombre m\u00e1s viejo de Atapuerca mostraba involuntariamente sus caries en toda la prensa de ayer, un patrono de la Fundaci\u00f3n Arte Viva Navarra nos ense\u00f1aba voluntariamente en este peri\u00f3dico qu\u00e9 es la posmodernidad. Empezaba el patrono y catedr\u00e1tico de la Universidad P\u00fablica de Navarra por se\u00f1alar que los\u2026","rel":"","context":"En \u00abNA\u00bb","block_context":{"text":"NA","link":"https:\/\/www.edder.org\/?cat=3"},"img":{"alt_text":"","src":"","width":0,"height":0},"classes":[]},{"id":485,"url":"https:\/\/www.edder.org\/?p=485","url_meta":{"origin":1939,"position":5},"title":"Los Rodezno y su esp\u00edritu","author":"Eder","date":"viernes, 9 Oct, 2009","format":false,"excerpt":"Me hab\u00eda prometido no hablar en este curso m\u00e1s que de condados como el de Faulkner. Tambi\u00e9n pensaba hablar \u2013otro a\u00f1o ser\u00e1\u2013 de aquella pel\u00edcula en la que Burt Lancaster va de piscina en piscina: \u201c\u00a1Hoy es el d\u00eda en que Ned Merril atraviesa a nado el condado!\u201d. Pero pese\u2026","rel":"","context":"En \u00abNA\u00bb","block_context":{"text":"NA","link":"https:\/\/www.edder.org\/?cat=3"},"img":{"alt_text":"","src":"","width":0,"height":0},"classes":[]}],"jetpack_likes_enabled":true,"_links":{"self":[{"href":"https:\/\/www.edder.org\/index.php?rest_route=\/wp\/v2\/posts\/1939","targetHints":{"allow":["GET"]}}],"collection":[{"href":"https:\/\/www.edder.org\/index.php?rest_route=\/wp\/v2\/posts"}],"about":[{"href":"https:\/\/www.edder.org\/index.php?rest_route=\/wp\/v2\/types\/post"}],"author":[{"embeddable":true,"href":"https:\/\/www.edder.org\/index.php?rest_route=\/wp\/v2\/users\/82"}],"replies":[{"embeddable":true,"href":"https:\/\/www.edder.org\/index.php?rest_route=%2Fwp%2Fv2%2Fcomments&post=1939"}],"version-history":[{"count":0,"href":"https:\/\/www.edder.org\/index.php?rest_route=\/wp\/v2\/posts\/1939\/revisions"}],"wp:attachment":[{"href":"https:\/\/www.edder.org\/index.php?rest_route=%2Fwp%2Fv2%2Fmedia&parent=1939"}],"wp:term":[{"taxonomy":"category","embeddable":true,"href":"https:\/\/www.edder.org\/index.php?rest_route=%2Fwp%2Fv2%2Fcategories&post=1939"},{"taxonomy":"post_tag","embeddable":true,"href":"https:\/\/www.edder.org\/index.php?rest_route=%2Fwp%2Fv2%2Ftags&post=1939"}],"curies":[{"name":"wp","href":"https:\/\/api.w.org\/{rel}","templated":true}]}}