{"id":19,"date":"2005-10-14T18:50:51","date_gmt":"2005-10-14T16:50:51","guid":{"rendered":"https:\/\/www.edder.org\/?p=19"},"modified":"2018-07-27T16:38:46","modified_gmt":"2018-07-27T14:38:46","slug":"tradiciones-y-campanarios","status":"publish","type":"post","link":"https:\/\/www.edder.org\/?p=19","title":{"rendered":"Tradiciones y campanarios"},"content":{"rendered":"<p><img decoding=\"async\" alt=\"dn\" class=\"lazyload izquierda\" src=\"data:image\/gif;base64,R0lGODlhAQABAAAAACH5BAEKAAEALAAAAAABAAEAAAICTAEAOw==\" data-orig-src=\"https:\/\/www.edder.org\/images\/dn.gif\" \/>El ruido de las campanas es centenario, eso es verdad. Ahora que, m&aacute;s centenario es el ruido de sables, pr&aacute;ctica castrense que en castellano puede nombrarse con una inusitada cantidad de t&eacute;rminos propios, por lo dem&aacute;s s&oacute;lo transferibles a las rep&uacute;blicas bananeras y otras &aacute;reas de nuestra influencia: intentona, espadonazo, alzamiento&hellip; El mismo t&eacute;rmino caudillo, de Viriato al General&iacute;simo de los Ej&eacute;rcitos, tiene en nuestro idioma connotaciones culturales de lo m&aacute;s idiosincr&aacute;sicas. As&iacute; que cuando, el otro d&iacute;a, un miliciano sali&oacute; a la palestra para dar muestras de su preocupaci&oacute;n por el curso de los acontecimientos pol&iacute;ticos, no pudimos evitar pensar en nuestras milenarias tradiciones culturales. La tradici&oacute;n &ndash;y el campanario&ndash; goza hoy en Espa&ntilde;a de un cr&eacute;dito inaudito. A mediados del pasado septiembre, bajo un ladillo que dec&iacute;a &laquo;Tradiciones&raquo;, le&iacute; este titular: &laquo;Miguel Sanz pidi&oacute; la paz en la tradicional ofrenda en la catedral&raquo;. El subtitular informaba: &laquo;El origen de esta tradici&oacute;n data de 1946&raquo;. O sea, que la tradici&oacute;n databa de cuando la tropa levantisca hurt&oacute; por &uacute;ltima vez el poder pol&iacute;tico y fue paseada bajo palio en las procesiones. Entre las tradiciones inmemoriales de la humanidad est&aacute;n el asesinato y la violaci&oacute;n. Es decir, que no por m&aacute;s tradicionales, ciertas costumbres son menos execrables. La tradici&oacute;n no a&ntilde;ade ni quita valor a nada, hablemos de procesiones, campanas o insinuaciones de toque de a rebato castrense. Junto a la tradici&oacute;n, en este comienzo de curso pol&iacute;tico goza de mucho predicamento el toque campanudo: las declaraciones ampulosas y solemnemente enf&aacute;tica sobre los peligros que acechan a la patria, vengan de Piqu&eacute; &ndash;alarmado por &laquo;la revancha de los que perdieron la guerra&raquo;: como si de la victoria se derivasen tradiciones pol&iacute;ticas intocables&ndash; o de los cl&aacute;sicos &laquo;extreme&ntilde;ismos&raquo; de Rodr&iacute;guez Ibarra. Nada grave, probablemente &ndash;&ndash;o eso esperemos&ndash;: el tradicional patio revuelto y la pol&iacute;tica de campanario propia de la inmemorial vida espa&ntilde;ola.<br \/>\n\tPublicado en <a href=\"http:\/\/www.diariodenoticias.com\/ediciones\/2005\/10\/14\/opinion\/contra.php\" target=\"blank\">Diario de Noticias <\/a><\/p>\n","protected":false},"excerpt":{"rendered":"<p>El ruido de las campanas es centenario, eso es verdad. Ahora que, m&aacute;s centenario es el ruido de sables, pr&aacute;ctica castrense que en castellano puede nombrarse con una inusitada cantidad de t&eacute;rminos propios, por lo dem&aacute;s s&oacute;lo transferibles a las rep&uacute;blicas bananeras y otras &aacute;reas de nuestra influencia: intentona, espadonazo, alzamiento&hellip; El mismo t&eacute;rmino caudillo, de Viriato al General&iacute;simo de los Ej&eacute;rcitos, tiene en nuestro idioma connotaciones culturales de lo m&aacute;s idiosincr&aacute;sicas. As&iacute; que cuando, el otro d&iacute;a, un miliciano sali&oacute; a la palestra para dar muestras de su preocupaci&oacute;n por el curso de los acontecimientos pol&iacute;ticos, no pudimos evitar pensar en nuestras milenarias tradiciones culturales. La tradici&oacute;n &ndash;y el campanario&ndash; goza hoy en Espa&ntilde;a de un cr&eacute;dito inaudito. A mediados del pasado septiembre, bajo un ladillo  [&#8230;]<\/p>\n","protected":false},"author":82,"featured_media":0,"comment_status":"open","ping_status":"open","sticky":false,"template":"","format":"standard","meta":{"jetpack_post_was_ever_published":false,"_jetpack_newsletter_access":"","_jetpack_dont_email_post_to_subs":false,"_jetpack_newsletter_tier_id":0,"_jetpack_memberships_contains_paywalled_content":false,"_jetpack_memberships_contains_paid_content":false,"footnotes":"","jetpack_publicize_message":"","jetpack_publicize_feature_enabled":true,"jetpack_social_post_already_shared":false,"jetpack_social_options":{"image_generator_settings":{"template":"highway","default_image_id":0,"font":"","enabled":false},"version":2}},"categories":[3],"tags":[],"class_list":["post-19","post","type-post","status-publish","format-standard","hentry","category-na"],"jetpack_publicize_connections":[],"jetpack_featured_media_url":"","jetpack_shortlink":"https:\/\/wp.me\/p6kHv-j","jetpack_sharing_enabled":true,"jetpack-related-posts":[{"id":126,"url":"https:\/\/www.edder.org\/?p=126","url_meta":{"origin":19,"position":0},"title":"Sarko-system","author":"Eder","date":"viernes, 28 Dic, 2007","format":false,"excerpt":"Yo no veo qu\u00e9 pueda estar haciendo el sarkozysmo que no inventase ya el sarko-sanzismo. Salvadas las diferencias de escala \u2013Sarkozy interpreta su papel en una escala planetaria y con un eco medi\u00e1tico universal\u2013, Sanz o Barcina hasta podr\u00edan reclamar al franc\u00e9s derechos de autor\u00eda. El inter\u00e9s del presidente galo\u2026","rel":"","context":"En \u00abNA\u00bb","block_context":{"text":"NA","link":"https:\/\/www.edder.org\/?cat=3"},"img":{"alt_text":"","src":"","width":0,"height":0},"classes":[]},{"id":28,"url":"https:\/\/www.edder.org\/?p=28","url_meta":{"origin":19,"position":1},"title":"\u00bfCentenario? \u00a1Terry!","author":"Eder","date":"viernes, 25 Nov, 2005","format":false,"excerpt":"Y la directora del Instituto Navarro de la Mujer, \u00bfqu\u00e9 dice de ese anuncio de los tintos del Reyno, en el que de la trasera de un sof\u00e1 emergen las piernas de una mujer desvestida, sobre la que yace un ejecutivo descorbatado? \u00bfNada que declarar? Pues va a ser que\u2026","rel":"","context":"En \u00abNA\u00bb","block_context":{"text":"NA","link":"https:\/\/www.edder.org\/?cat=3"},"img":{"alt_text":"","src":"","width":0,"height":0},"classes":[]},{"id":30,"url":"https:\/\/www.edder.org\/?p=30","url_meta":{"origin":19,"position":2},"title":"Centenarios, quinto y primero","author":"Eder","date":"lunes, 12 Dic, 2005","format":false,"excerpt":"Mientras nuestro V Centenario sigue enriqueci\u00e9ndose con un rosario de actos que promete reverdecer las glorias de los grandes congresos nacional-cat\u00f3licos ???aquellos de la Pamplona ???sana??? de hacia 1950???, en Francia, el primer centenario de la ley de 1905 ???la de separaci\u00f3n del Estado y las iglesias??? se ha visto\u2026","rel":"","context":"En \u00abNA\u00bb","block_context":{"text":"NA","link":"https:\/\/www.edder.org\/?cat=3"},"img":{"alt_text":"","src":"","width":0,"height":0},"classes":[]},{"id":79,"url":"https:\/\/www.edder.org\/?p=79","url_meta":{"origin":19,"position":3},"title":"El tiempo de los asesinos","author":"Eder","date":"viernes, 12 Ene, 2007","format":false,"excerpt":"Brillante idea la de culminar el V Centenario de Javier con otro V Centenario, el de C\u00e9sar Borgia. Pero, s\u00ed; bien mirado, C\u00e9sar Borgia, el brillant\u00edsimo asesino, aparte de ser hijo de su padre y de su \u00e9poca, fue un adelantado \u2013o una consecuencia antes de tiempo\u2013 de la m\u00e1xima\u2026","rel":"","context":"En \u00abNA\u00bb","block_context":{"text":"NA","link":"https:\/\/www.edder.org\/?cat=3"},"img":{"alt_text":"","src":"","width":0,"height":0},"classes":[]},{"id":208,"url":"https:\/\/www.edder.org\/?p=208","url_meta":{"origin":19,"position":4},"title":"Tradici\u00f3n","author":"Eder","date":"viernes, 5 Dic, 2008","format":false,"excerpt":"El titular de este peri\u00f3dico lo dec\u00eda todo: \u201cEl Gobierno cumple con el precepto de asistir a la misa en Javier\u201d. En efecto, o\u00edr misa es el primero de los preceptos de la Santa Madre Iglesia. Por descontando que el D\u00eda de Navarra es d\u00eda de mucha fiesta y mucho\u2026","rel":"","context":"En \u00abNA\u00bb","block_context":{"text":"NA","link":"https:\/\/www.edder.org\/?cat=3"},"img":{"alt_text":"","src":"","width":0,"height":0},"classes":[]},{"id":3579,"url":"https:\/\/www.edder.org\/?p=3579","url_meta":{"origin":19,"position":5},"title":"Hu\u00efdos del mundanal ru\u00efdo","author":"Eder","date":"viernes, 21 Feb, 2014","format":false,"excerpt":"Un petit monast\u00e8re en Nord-Pas-de-Calais: \u00a0 Un petit monast\u00e8re en Toscane:","rel":"","context":"En \u00abCine\u00bb","block_context":{"text":"Cine","link":"https:\/\/www.edder.org\/?cat=79"},"img":{"alt_text":"","src":"","width":0,"height":0},"classes":[]}],"jetpack_likes_enabled":true,"_links":{"self":[{"href":"https:\/\/www.edder.org\/index.php?rest_route=\/wp\/v2\/posts\/19","targetHints":{"allow":["GET"]}}],"collection":[{"href":"https:\/\/www.edder.org\/index.php?rest_route=\/wp\/v2\/posts"}],"about":[{"href":"https:\/\/www.edder.org\/index.php?rest_route=\/wp\/v2\/types\/post"}],"author":[{"embeddable":true,"href":"https:\/\/www.edder.org\/index.php?rest_route=\/wp\/v2\/users\/82"}],"replies":[{"embeddable":true,"href":"https:\/\/www.edder.org\/index.php?rest_route=%2Fwp%2Fv2%2Fcomments&post=19"}],"version-history":[{"count":0,"href":"https:\/\/www.edder.org\/index.php?rest_route=\/wp\/v2\/posts\/19\/revisions"}],"wp:attachment":[{"href":"https:\/\/www.edder.org\/index.php?rest_route=%2Fwp%2Fv2%2Fmedia&parent=19"}],"wp:term":[{"taxonomy":"category","embeddable":true,"href":"https:\/\/www.edder.org\/index.php?rest_route=%2Fwp%2Fv2%2Fcategories&post=19"},{"taxonomy":"post_tag","embeddable":true,"href":"https:\/\/www.edder.org\/index.php?rest_route=%2Fwp%2Fv2%2Ftags&post=19"}],"curies":[{"name":"wp","href":"https:\/\/api.w.org\/{rel}","templated":true}]}}