{"id":1895,"date":"2011-05-24T15:39:26","date_gmt":"2011-05-24T14:39:26","guid":{"rendered":"https:\/\/www.edder.org\/?p=1895"},"modified":"2018-07-27T16:37:24","modified_gmt":"2018-07-27T14:37:24","slug":"ultimas-balas","status":"publish","type":"post","link":"https:\/\/www.edder.org\/?p=1895","title":{"rendered":"\u00daltimas balas"},"content":{"rendered":"<p>Irun, primeros d&iacute;as de septiembre de 1936. &Uacute;ltimas balas de dos leales a la Rep&uacute;blica en el intento del frenar el avance de los facciosos navarros armados por Mussolini.<\/p>\n<p>&nbsp;<\/p>\n<p style=\"text-align: center;\"><img decoding=\"async\" alt=\"Ir\u00fan\" class=\"lazyload aligncenter\" height=\"446\" src=\"data:image\/svg+xml,%3Csvg%20xmlns%3D%27http%3A%2F%2Fwww.w3.org%2F2000%2Fsvg%27%20width%3D%27567%27%20height%3D%27446%27%20viewBox%3D%270%200%20567%20446%27%3E%3Crect%20width%3D%27567%27%20height%3D%27446%27%20fill-opacity%3D%220%22%2F%3E%3C%2Fsvg%3E\" data-orig-src=\"http:\/\/edder.org\/images\/irun.jpg\" width=\"567\" \/><\/p>\n","protected":false},"excerpt":{"rendered":"<p>Irun, primeros d&iacute;as de septiembre de 1936. &Uacute;ltimas balas de dos leales a la Rep&uacute;blica en el intento del frenar el avance de los facciosos navarros armados por Mussolini. &nbsp;<\/p>\n","protected":false},"author":82,"featured_media":0,"comment_status":"open","ping_status":"open","sticky":false,"template":"","format":"standard","meta":{"jetpack_post_was_ever_published":false,"_jetpack_newsletter_access":"","_jetpack_dont_email_post_to_subs":false,"_jetpack_newsletter_tier_id":0,"_jetpack_memberships_contains_paywalled_content":false,"_jetpack_memberships_contains_paid_content":false,"footnotes":"","jetpack_publicize_message":"","jetpack_publicize_feature_enabled":true,"jetpack_social_post_already_shared":false,"jetpack_social_options":{"image_generator_settings":{"template":"highway","default_image_id":0,"font":"","enabled":false},"version":2}},"categories":[3,1],"tags":[],"class_list":["post-1895","post","type-post","status-publish","format-standard","hentry","category-na","category-sin-categorizar"],"jetpack_publicize_connections":[],"jetpack_featured_media_url":"","jetpack_shortlink":"https:\/\/wp.me\/p6kHv-uz","jetpack_sharing_enabled":true,"jetpack-related-posts":[{"id":39397,"url":"https:\/\/www.edder.org\/?p=39397","url_meta":{"origin":1895,"position":0},"title":"La dictadura chilena y la democracia \u2013\u00bforg\u00e1nica?\u2013 espa\u00f1ola","author":"Eder","date":"lunes, 30 Nov, 2020","format":false,"excerpt":"","rel":"","context":"En \u00abCine\u00bb","block_context":{"text":"Cine","link":"https:\/\/www.edder.org\/?cat=79"},"img":{"alt_text":"","src":"https:\/\/i0.wp.com\/www.edder.org\/upload\/2020\/11\/militares_sanchez1.png?resize=350%2C200&ssl=1","width":350,"height":200,"srcset":"https:\/\/i0.wp.com\/www.edder.org\/upload\/2020\/11\/militares_sanchez1.png?resize=350%2C200&ssl=1 1x, https:\/\/i0.wp.com\/www.edder.org\/upload\/2020\/11\/militares_sanchez1.png?resize=525%2C300&ssl=1 1.5x"},"classes":[]},{"id":725,"url":"https:\/\/www.edder.org\/?p=725","url_meta":{"origin":1895,"position":1},"title":"Habemus obispo","author":"Eder","date":"viernes, 14 May, 2010","format":false,"excerpt":"Como no pod\u00eda ser de otra manera, habemus obispo. Ya tenemos cartel sanferminero and the winner is uno de los tres carteles episcopales \u2013quiero decir, con un obispo como motivo central\u2013 que hab\u00eda entre los seis primeros. El cartel ganador es el que presenta al legendario obispo de Pamplona llamado\u2026","rel":"","context":"En \u00abNA\u00bb","block_context":{"text":"NA","link":"https:\/\/www.edder.org\/?cat=3"},"img":{"alt_text":"","src":"","width":0,"height":0},"classes":[]},{"id":29,"url":"https:\/\/www.edder.org\/?p=29","url_meta":{"origin":1895,"position":2},"title":"Noticias del M\u00e1s All\u00e1","author":"Eder","date":"viernes, 2 Dic, 2005","format":false,"excerpt":"\u00a0 \u00a0 \u00a0 \u00a0 La noticia de que el limbo carece de sustancia teol\u00f3gica consistente \u2014por lo que la curia romana sopesa prescindir de \u00e9l\u2014 ha eclipsado las \u00faltimas nuevas habidas sobre el paradero del Esp\u00edritu Santo. Seg\u00fan testigos oculares, hace unas cuatro semanas, el Esp\u00edritu Santo revolote\u00f3 por Pamplona\u2026","rel":"","context":"En \u00abNA\u00bb","block_context":{"text":"NA","link":"https:\/\/www.edder.org\/?cat=3"},"img":{"alt_text":"","src":"","width":0,"height":0},"classes":[]},{"id":46,"url":"https:\/\/www.edder.org\/?p=46","url_meta":{"origin":1895,"position":3},"title":"En un viejo pa\u00eds ineficiente\u2026","author":"Eder","date":"viernes, 10 Mar, 2006","format":false,"excerpt":"No veo diferencias abismales entre las mentiras hist\u00e9ricas de un Aceves y la demagogia dial\u00e9ctica del senador norteamericano Joseph R. McCarthy, durante la \u00e9poca de la \u00abcaza de brujas\u00bb, acusador, juez y verdugo de todo traidor a la patria que no entendiese el patriotismo a su hist\u00e9rica manera. De modo\u2026","rel":"","context":"En \u00abSin categorizar\u00bb","block_context":{"text":"Sin categorizar","link":"https:\/\/www.edder.org\/?cat=1"},"img":{"alt_text":"","src":"","width":0,"height":0},"classes":[]},{"id":515,"url":"https:\/\/www.edder.org\/?p=515","url_meta":{"origin":1895,"position":4},"title":"Vendedores","author":"Eder","date":"viernes, 13 Nov, 2009","format":false,"excerpt":"Qu\u00e9 lejos queda aquella pel\u00edcula documental de los hermanos Maysles en la que cuatro incombustibles vendedores a domicilio intentaban colocar una Biblia de 40 d\u00f3lares a gente que ni por asomo ten\u00eda 40 d\u00f3lares y que, en el ejercicio de su derecho constitucional, entreabr\u00eda la puerta con un rifle. Aquellas\u2026","rel":"","context":"En \u00abSin categorizar\u00bb","block_context":{"text":"Sin categorizar","link":"https:\/\/www.edder.org\/?cat=1"},"img":{"alt_text":"","src":"","width":0,"height":0},"classes":[]},{"id":47,"url":"https:\/\/www.edder.org\/?p=47","url_meta":{"origin":1895,"position":5},"title":"En un viejo pa\u00eds ineficiente&#8230;","author":"Eder","date":"viernes, 10 Mar, 2006","format":false,"excerpt":"No veo diferencias abismales entre las mentiras hist\u00e9ricas de un Aceves y la demagogia dial\u00e9ctica del senador norteamericano Joseph R. McCarthy, durante la \u00e9poca de la \u00abcaza de brujas\u00bb, acusador, juez y verdugo de todo traidor a la patria que no entendiese el patriotismo a su hist\u00e9rica manera. De modo\u2026","rel":"","context":"En \u00abSin categorizar\u00bb","block_context":{"text":"Sin categorizar","link":"https:\/\/www.edder.org\/?cat=1"},"img":{"alt_text":"","src":"","width":0,"height":0},"classes":[]}],"jetpack_likes_enabled":true,"_links":{"self":[{"href":"https:\/\/www.edder.org\/index.php?rest_route=\/wp\/v2\/posts\/1895","targetHints":{"allow":["GET"]}}],"collection":[{"href":"https:\/\/www.edder.org\/index.php?rest_route=\/wp\/v2\/posts"}],"about":[{"href":"https:\/\/www.edder.org\/index.php?rest_route=\/wp\/v2\/types\/post"}],"author":[{"embeddable":true,"href":"https:\/\/www.edder.org\/index.php?rest_route=\/wp\/v2\/users\/82"}],"replies":[{"embeddable":true,"href":"https:\/\/www.edder.org\/index.php?rest_route=%2Fwp%2Fv2%2Fcomments&post=1895"}],"version-history":[{"count":0,"href":"https:\/\/www.edder.org\/index.php?rest_route=\/wp\/v2\/posts\/1895\/revisions"}],"wp:attachment":[{"href":"https:\/\/www.edder.org\/index.php?rest_route=%2Fwp%2Fv2%2Fmedia&parent=1895"}],"wp:term":[{"taxonomy":"category","embeddable":true,"href":"https:\/\/www.edder.org\/index.php?rest_route=%2Fwp%2Fv2%2Fcategories&post=1895"},{"taxonomy":"post_tag","embeddable":true,"href":"https:\/\/www.edder.org\/index.php?rest_route=%2Fwp%2Fv2%2Ftags&post=1895"}],"curies":[{"name":"wp","href":"https:\/\/api.w.org\/{rel}","templated":true}]}}