{"id":18,"date":"2005-10-07T11:12:15","date_gmt":"2005-10-07T09:12:15","guid":{"rendered":"https:\/\/www.edder.org\/?p=18"},"modified":"2018-07-27T16:38:46","modified_gmt":"2018-07-27T14:38:46","slug":"ni-eso-existe-ni-esto-es-francia","status":"publish","type":"post","link":"https:\/\/www.edder.org\/?p=18","title":{"rendered":"Ni eso existe, ni esto es Francia"},"content":{"rendered":"<p><img decoding=\"async\" src=\"data:image\/gif;base64,R0lGODlhAQABAAAAACH5BAEKAAEALAAAAAABAAEAAAICTAEAOw==\" data-orig-src=\"https:\/\/www.edder.org\/images\/dn.gif\" alt=\"dn\" class=\"lazyload izquierda\" \/>No es una idea demente para un sainete: Telef\u00f3nica de Espa\u00f1a, que surte de servicios telem\u00e1ticos avanzados a ???todos los hogares de la patria???, vende un tel\u00e9fono inal\u00e1mbrico llamado Famitel Real Madrid (sorpr\u00e9ndete con \u00e9l en <a href=\"http:\/\/www.telefonicaonline.com\" target=\"blank\">telefonicaonline.com<\/a>). Telef\u00f3nica informa de que dicho artilugio, vestido con los colores y el escudo merengue, es un equipo ???nunca mejor dicho??? que cubre una zona ???o mejor ser\u00eda decir, \u00e1rea??? de unos 300 metros. Entre los tonos de un tel\u00e9fono tan ca\u00f1\u00ed no faltar\u00e1n ???supongo??? ni el chotis ni el himno de la invencible escuadra balomp\u00e9dica en cuya gloria no se pone nunca el sol. Si es que eso se compra ???que se comprar\u00e1???, lo comercial ser\u00eda venderlo vestido en todos los colores, como por ejemplo, Famitel Betis Balompi\u00e9 o Atl\u00e9tico Osasuna. Pero no: Telef\u00f3nica s\u00f3lo vende el Famitel Real Madrid. Telef\u00f3nica y yo somos as\u00ed, se\u00f1ora. No me imagino que France Telecom pueda sacar un tel\u00e9fono semejante; pero Francia es un pa\u00eds raro: con decir que all\u00ed los institutos no se llaman Padre Moret o Plaza de la Cruz, sino Liceo Voltaire o Condorcet, est\u00e1 todo dicho.<br \/>\nNo es una idea demente para otro sainete: el director general de Comunicaci\u00f3n del Gobierno de Navarra, en respuesta a las inquietudes expresadas por un coleccionista de sellos, publicaba el domingo una carta por la que hac\u00eda saber al interesado que, el presidente del Gobierno de Navarra, <em>propio motu<\/em>, remiti\u00f3 el pasado 14 de abril ???D\u00eda de la Rep\u00fablica??? una petici\u00f3n al presidente de Correos para que dicho organismo emita un sello alusivo al quinto centenario del santo patr\u00f3n (v\u00e9ase el apasionante programa de procesiones, peregrinaciones, veneraciones y concelebraciones en <a href=\"http:\/\/www.javier2006.com\" target=\"blank\">javier2006.com<\/a>). No es un sainete, aunque lo parezca: lo hubiera sido de haber hecho el presidente Sanz ???protagonista estival de la chusca zarzuela ???Estadio Reyno de Navarra?????? su filat\u00e9lica petici\u00f3n por un Famitel Atl\u00e9tico Osasuna. Pero eso ???ese aparato que cabe suponer tan del agrado gubernamental??? no existe. Ni eso existe ???<em>Deo gratias<\/em>??? ni esto es Francia, la verdad.<br \/>\n??? Publicado el viernes 7 de octubre en <a href=\"http:\/\/www.noticiasdenavarra.com\/ediciones\/2005\/10\/07\/opinion\/contra.php\" target=\"blank\">Diario de Noticias<\/a>.<\/p>\n","protected":false},"excerpt":{"rendered":"<p>No es una idea demente para un sainete: Telef\u00f3nica de Espa\u00f1a, que surte de servicios telem\u00e1ticos avanzados a ???todos los hogares de la patria???, vende un tel\u00e9fono inal\u00e1mbrico llamado Famitel Real Madrid (sorpr\u00e9ndete con \u00e9l en telefonicaonline.com). Telef\u00f3nica informa de que dicho artilugio, vestido con los colores y el escudo merengue, es un equipo ???nunca mejor dicho??? que cubre una zona ???o mejor ser\u00eda decir, \u00e1rea??? de unos 300 metros. Entre los tonos de un tel\u00e9fono tan ca\u00f1\u00ed no faltar\u00e1n ???supongo??? ni el chotis ni el himno de la invencible escuadra balomp\u00e9dica en cuya gloria no se pone nunca el sol. Si es que eso se compra ???que se comprar\u00e1???, lo comercial ser\u00eda venderlo vestido en todos los colores, como por ejemplo, Famitel Betis Balompi\u00e9 o Atl\u00e9tico  [&#8230;]<\/p>\n","protected":false},"author":82,"featured_media":0,"comment_status":"open","ping_status":"open","sticky":false,"template":"","format":"standard","meta":{"jetpack_post_was_ever_published":false,"_jetpack_newsletter_access":"","_jetpack_dont_email_post_to_subs":false,"_jetpack_newsletter_tier_id":0,"_jetpack_memberships_contains_paywalled_content":false,"_jetpack_memberships_contains_paid_content":false,"footnotes":"","jetpack_publicize_message":"","jetpack_publicize_feature_enabled":true,"jetpack_social_post_already_shared":false,"jetpack_social_options":{"image_generator_settings":{"template":"highway","default_image_id":0,"font":"","enabled":false},"version":2}},"categories":[3],"tags":[],"class_list":["post-18","post","type-post","status-publish","format-standard","hentry","category-na"],"jetpack_publicize_connections":[],"jetpack_featured_media_url":"","jetpack_shortlink":"https:\/\/wp.me\/p6kHv-i","jetpack_sharing_enabled":true,"jetpack-related-posts":[{"id":122,"url":"https:\/\/www.edder.org\/?p=122","url_meta":{"origin":18,"position":0},"title":"Basura","author":"Eder","date":"viernes, 14 Dic, 2007","format":false,"excerpt":"Nueve de la ma\u00f1ana y aqu\u00ed tenemos la primera llamada basura del d\u00eda: \u201cDon Javier, \u00bfqu\u00e9 le parecer\u00eda a usted, por la mitad de precio que paga a su actual compa\u00f1\u00eda telef\u00f3nica, tener una conexi\u00f3n a internet de 20 megas, un antivirus gratuito y una Biblia en hebreo de regalo?\u201d.\u2026","rel":"","context":"En \u00abSin categorizar\u00bb","block_context":{"text":"Sin categorizar","link":"https:\/\/www.edder.org\/?cat=1"},"img":{"alt_text":"","src":"","width":0,"height":0},"classes":[]},{"id":11913,"url":"https:\/\/www.edder.org\/?p=11913","url_meta":{"origin":18,"position":1},"title":"Llamadas basura Movistar","author":"Eder","date":"martes, 21 Jul, 2015","format":false,"excerpt":"Llamadas basura para abandonar tu compa\u00f1\u00eda telef\u00f3nica y firmar con la competencia. Oferta de \u00abportabilidad\u00bb.","rel":"","context":"En \u00abSin categorizar\u00bb","block_context":{"text":"Sin categorizar","link":"https:\/\/www.edder.org\/?cat=1"},"img":{"alt_text":"","src":"https:\/\/i0.wp.com\/www.edder.org\/upload\/2015\/07\/famiglia-movistar.png?resize=350%2C200&ssl=1","width":350,"height":200},"classes":[]},{"id":197,"url":"https:\/\/www.edder.org\/?p=197","url_meta":{"origin":18,"position":2},"title":"Esperpento","author":"Eder","date":"viernes, 31 Oct, 2008","format":false,"excerpt":"Par\u00e9ntesis forzoso en el sainete foral. En la ma\u00f1ana de ayer se abri\u00f3 paso una nueva representaci\u00f3n esperp\u00e9ntica de ETA. Lo grotesco, lo desatinado, lo siniestro, que son los rasgos del esperpento, se puso de manifiesto con la llamada telef\u00f3nica de los criminales \u2013pol\u00edticos, claro que s\u00ed, que suelen ser\u2026","rel":"","context":"En \u00abNA\u00bb","block_context":{"text":"NA","link":"https:\/\/www.edder.org\/?cat=3"},"img":{"alt_text":"","src":"","width":0,"height":0},"classes":[]},{"id":2165,"url":"https:\/\/www.edder.org\/?p=2165","url_meta":{"origin":18,"position":3},"title":"Camino de Santa Fe","author":"Eder","date":"martes, 25 Oct, 2011","format":false,"excerpt":"","rel":"","context":"En \u00abM\u00fasica\u00bb","block_context":{"text":"M\u00fasica","link":"https:\/\/www.edder.org\/?cat=87"},"img":{"alt_text":"","src":"","width":0,"height":0},"classes":[]},{"id":98,"url":"https:\/\/www.edder.org\/?p=98","url_meta":{"origin":18,"position":4},"title":"Haciendo Historia (o no)","author":"Eder","date":"viernes, 4 May, 2007","format":false,"excerpt":"Pues nada: que si a esta hora hemos hecho Historia, divinamente, en el Olimpo; y si no, otro siglo ser\u00e1 \u2013no preocuparse: la Historia es larga\u2013. Por mi parte, no tendr\u00eda mucho m\u00e1s que declarar. Ya le dije a quien me pidi\u00f3 que escribiera hoy \u2013ayer\u2013 de Osasuna que de\u2026","rel":"","context":"En \u00abNA\u00bb","block_context":{"text":"NA","link":"https:\/\/www.edder.org\/?cat=3"},"img":{"alt_text":"","src":"","width":0,"height":0},"classes":[]},{"id":118,"url":"https:\/\/www.edder.org\/?p=118","url_meta":{"origin":18,"position":5},"title":"El cliente","author":"Eder","date":"viernes, 16 Nov, 2007","format":false,"excerpt":"El cliente, lejos de tener siempre la raz\u00f3n, como dec\u00eda el t\u00f3pico \u2013si verdadero o falso no importa ahora: el caso es que el t\u00f3pico elevaba al cliente a la categor\u00eda de sujeto decisivo de toda transacci\u00f3n\u2013, es en el panorama de las nuevas relaciones comerciales un factor despreciable de\u2026","rel":"","context":"En \u00abNA\u00bb","block_context":{"text":"NA","link":"https:\/\/www.edder.org\/?cat=3"},"img":{"alt_text":"","src":"","width":0,"height":0},"classes":[]}],"jetpack_likes_enabled":true,"_links":{"self":[{"href":"https:\/\/www.edder.org\/index.php?rest_route=\/wp\/v2\/posts\/18","targetHints":{"allow":["GET"]}}],"collection":[{"href":"https:\/\/www.edder.org\/index.php?rest_route=\/wp\/v2\/posts"}],"about":[{"href":"https:\/\/www.edder.org\/index.php?rest_route=\/wp\/v2\/types\/post"}],"author":[{"embeddable":true,"href":"https:\/\/www.edder.org\/index.php?rest_route=\/wp\/v2\/users\/82"}],"replies":[{"embeddable":true,"href":"https:\/\/www.edder.org\/index.php?rest_route=%2Fwp%2Fv2%2Fcomments&post=18"}],"version-history":[{"count":0,"href":"https:\/\/www.edder.org\/index.php?rest_route=\/wp\/v2\/posts\/18\/revisions"}],"wp:attachment":[{"href":"https:\/\/www.edder.org\/index.php?rest_route=%2Fwp%2Fv2%2Fmedia&parent=18"}],"wp:term":[{"taxonomy":"category","embeddable":true,"href":"https:\/\/www.edder.org\/index.php?rest_route=%2Fwp%2Fv2%2Fcategories&post=18"},{"taxonomy":"post_tag","embeddable":true,"href":"https:\/\/www.edder.org\/index.php?rest_route=%2Fwp%2Fv2%2Ftags&post=18"}],"curies":[{"name":"wp","href":"https:\/\/api.w.org\/{rel}","templated":true}]}}