{"id":1766,"date":"2011-04-26T19:43:14","date_gmt":"2011-04-26T18:43:14","guid":{"rendered":"https:\/\/www.edder.org\/?p=1766"},"modified":"2018-07-27T16:37:26","modified_gmt":"2018-07-27T14:37:26","slug":"pamplona-1937-tarde-de-cine","status":"publish","type":"post","link":"https:\/\/www.edder.org\/?p=1766","title":{"rendered":"Pamplona 1937. Tarde de cine"},"content":{"rendered":"<p>Cin&eacute;filos:<\/p>\n<p style=\"text-align: center;\"><img decoding=\"async\" alt=\"\" class=\"lazyload aligncenter\" height=\"393\" src=\"data:image\/svg+xml,%3Csvg%20xmlns%3D%27http%3A%2F%2Fwww.w3.org%2F2000%2Fsvg%27%20width%3D%27572%27%20height%3D%27393%27%20viewBox%3D%270%200%20572%20393%27%3E%3Crect%20width%3D%27572%27%20height%3D%27393%27%20fill-opacity%3D%220%22%2F%3E%3C%2Fsvg%3E\" data-orig-src=\"http:\/\/edder.org\/images\/programa.jpg\" title=\"Programa\" width=\"572\" \/><\/p>\n<p>&nbsp;<\/p>\n<p style=\"text-align: center;\">Cin&eacute;filos, porque sabido es que ni Riefenstahl ni Hitler, al planear <em>El triunfo de la voluntad<\/em> &mdash;la parte m&aacute;s importante del programa cinematogr&aacute;fico pamplon&eacute;s&mdash;, quer&iacute;an hacer una pel&iacute;cula pol&iacute;tica: solo les interesaba el arte, como seguramente a los que acudieron a verla ese 31 de marzo de 1937. Pero oigamos a la mentirosa compulsiva:<\/p>\n<p>&nbsp;<\/p>\n<p style=\"text-align: center;\"><div class=\"fusion-fullwidth fullwidth-box fusion-builder-row-1 hundred-percent-fullwidth non-hundred-percent-height-scrolling\" style=\"--awb-border-radius-top-left:0px;--awb-border-radius-top-right:0px;--awb-border-radius-bottom-right:0px;--awb-border-radius-bottom-left:0px;--awb-overflow:visible;--awb-flex-wrap:wrap;\" ><div class=\"fusion-builder-row fusion-row\"><div class=\"fusion-layout-column fusion_builder_column fusion-builder-column-0 fusion_builder_column_1_1 1_1 fusion-one-full fusion-column-first fusion-column-last fusion-column-no-min-height\" style=\"--awb-bg-size:cover;--awb-margin-bottom:0px;\"><div class=\"fusion-column-wrapper fusion-flex-column-wrapper-legacy\"><div class=\"video-shortcode\"><iframe title=\"Mentiras compulsivas\" width=\"1200\" height=\"900\" src=\"https:\/\/www.youtube.com\/embed\/Z2HpehNDBwE?feature=oembed\" frameborder=\"0\" allow=\"accelerometer; autoplay; clipboard-write; encrypted-media; gyroscope; picture-in-picture; web-share\" allowfullscreen><\/iframe><\/div>\n<div class=\"fusion-clearfix\"><\/div><\/div><\/div><\/div><\/div><\/p>\n","protected":false},"excerpt":{"rendered":"<p>Cin&eacute;filos: &nbsp; Cin&eacute;filos, porque sabido es que ni Riefenstahl ni Hitler, al planear El triunfo de la voluntad &mdash;la parte m&aacute;s importante del programa cinematogr&aacute;fico pamplon&eacute;s&mdash;, quer&iacute;an hacer una pel&iacute;cula pol&iacute;tica: solo les interesaba el arte, como seguramente a los que acudieron a verla ese 31 de marzo de 1937. Pero oigamos a la mentirosa compulsiva: &nbsp;<\/p>\n","protected":false},"author":82,"featured_media":0,"comment_status":"open","ping_status":"open","sticky":false,"template":"","format":"standard","meta":{"jetpack_post_was_ever_published":false,"_jetpack_newsletter_access":"","_jetpack_dont_email_post_to_subs":false,"_jetpack_newsletter_tier_id":0,"_jetpack_memberships_contains_paywalled_content":false,"_jetpack_memberships_contains_paid_content":false,"footnotes":"","jetpack_publicize_message":"","jetpack_publicize_feature_enabled":true,"jetpack_social_post_already_shared":false,"jetpack_social_options":{"image_generator_settings":{"template":"highway","default_image_id":0,"font":"","enabled":false},"version":2}},"categories":[3,1],"tags":[],"class_list":["post-1766","post","type-post","status-publish","format-standard","hentry","category-na","category-sin-categorizar"],"jetpack_publicize_connections":[],"jetpack_featured_media_url":"","jetpack_shortlink":"https:\/\/wp.me\/p6kHv-su","jetpack_sharing_enabled":true,"jetpack-related-posts":[{"id":43822,"url":"https:\/\/www.edder.org\/?p=43822","url_meta":{"origin":1766,"position":0},"title":"Dos rusas, dos poetas, dos cin\u00e9filos y un Citro\u00ebn DS del 58","author":"Eder","date":"jueves, 7 Ago, 2025","format":false,"excerpt":"","rel":"","context":"En \u00abArtes\u00bb","block_context":{"text":"Artes","link":"https:\/\/www.edder.org\/?cat=85"},"img":{"alt_text":"","src":"https:\/\/i0.wp.com\/www.edder.org\/upload\/2025\/08\/libros.gif?resize=350%2C200&ssl=1","width":350,"height":200,"srcset":"https:\/\/i0.wp.com\/www.edder.org\/upload\/2025\/08\/libros.gif?resize=350%2C200&ssl=1 1x, https:\/\/i0.wp.com\/www.edder.org\/upload\/2025\/08\/libros.gif?resize=525%2C300&ssl=1 1.5x, https:\/\/i0.wp.com\/www.edder.org\/upload\/2025\/08\/libros.gif?resize=700%2C400&ssl=1 2x, https:\/\/i0.wp.com\/www.edder.org\/upload\/2025\/08\/libros.gif?resize=1050%2C600&ssl=1 3x, https:\/\/i0.wp.com\/www.edder.org\/upload\/2025\/08\/libros.gif?resize=1400%2C800&ssl=1 4x"},"classes":[]},{"id":286,"url":"https:\/\/www.edder.org\/?p=286","url_meta":{"origin":1766,"position":1},"title":"Cin\u00e9filos","author":"Eder","date":"viernes, 27 Feb, 2009","format":false,"excerpt":"La cara de cin\u00e9filos que se les ve\u00eda en el peri\u00f3dico de ayer a la colecci\u00f3n de directores generales del Gobierno y cargos de las administraciones locales que acaban de engrosar el patronato de la Fundaci\u00f3n Instituto Navarro de las Artes Audiovisuales y la Cinematograf\u00eda. Se les ve\u00eda en la\u2026","rel":"","context":"En \u00abNA\u00bb","block_context":{"text":"NA","link":"https:\/\/www.edder.org\/?cat=3"},"img":{"alt_text":"","src":"","width":0,"height":0},"classes":[]},{"id":565,"url":"https:\/\/www.edder.org\/?p=565","url_meta":{"origin":1766,"position":2},"title":"El sue\u00f1o de Kafka o la Pamplona de Zulueta","author":"Eder","date":"jueves, 21 Ene, 2010","format":false,"excerpt":"La tragedia de las estrellas, dice en alguno de sus libros Serge Daney, es ser sustituidas en vida por su imagen. La tragedia de las estrellas y la de los malditos. Me acuerdo como si fuera ayer de la unci\u00f3n con que a mediados de los 80 vimos Arrebato, de\u2026","rel":"","context":"En \u00abNA\u00bb","block_context":{"text":"NA","link":"https:\/\/www.edder.org\/?cat=3"},"img":{"alt_text":"","src":"","width":0,"height":0},"classes":[]},{"id":39556,"url":"https:\/\/www.edder.org\/?p=39556","url_meta":{"origin":1766,"position":3},"title":"Terre sans pain, por L. Bu\u00f1uel, R. Ac\u00edn, E. Lotar, P. Unik, R. S. Ventura, etc.","author":"Eder","date":"lunes, 14 Dic, 2020","format":false,"excerpt":"","rel":"","context":"En \u00abCine\u00bb","block_context":{"text":"Cine","link":"https:\/\/www.edder.org\/?cat=79"},"img":{"alt_text":"","src":"https:\/\/i0.wp.com\/www.edder.org\/upload\/2020\/12\/Screenshot-2020-12-14-at-21.44.51.png?resize=350%2C200&ssl=1","width":350,"height":200,"srcset":"https:\/\/i0.wp.com\/www.edder.org\/upload\/2020\/12\/Screenshot-2020-12-14-at-21.44.51.png?resize=350%2C200&ssl=1 1x, https:\/\/i0.wp.com\/www.edder.org\/upload\/2020\/12\/Screenshot-2020-12-14-at-21.44.51.png?resize=525%2C300&ssl=1 1.5x, https:\/\/i0.wp.com\/www.edder.org\/upload\/2020\/12\/Screenshot-2020-12-14-at-21.44.51.png?resize=700%2C400&ssl=1 2x"},"classes":[]},{"id":112,"url":"https:\/\/www.edder.org\/?p=112","url_meta":{"origin":1766,"position":4},"title":"La muerte de un leal","author":"Eder","date":"viernes, 5 Oct, 2007","format":false,"excerpt":"Robert Capa, Falling Soldier, 1936. \u00a0 La historia es sabida o quiz\u00e1 no tanto: Robert Capa nunca existi\u00f3. Menos sabido es que la identidad del supuesto Robert Capa ni siquiera es segura. Relatar\u00e9 los hechos conocidos. En el Par\u00eds de cuando la fiesta llegaba a su fin, la fot\u00f3grafa hoy\u2026","rel":"","context":"En \u00abArtes\u00bb","block_context":{"text":"Artes","link":"https:\/\/www.edder.org\/?cat=85"},"img":{"alt_text":"","src":"https:\/\/i0.wp.com\/www.edder.org\/upload\/2007\/10\/falling_soldier.jpg?resize=350%2C200&ssl=1","width":350,"height":200},"classes":[]},{"id":97,"url":"https:\/\/www.edder.org\/?p=97","url_meta":{"origin":1766,"position":5},"title":"La l\u00e1grima roja del Guernica","author":"Eder","date":"domingo, 11 Sep, 2011","format":false,"excerpt":"","rel":"","context":"En \u00abPostal expr\u00e9s\u00bb","block_context":{"text":"Postal expr\u00e9s","link":"https:\/\/www.edder.org\/?cat=485"},"img":{"alt_text":"","src":"https:\/\/i0.wp.com\/edder.org\/images\/monumento_encierro.jpg?resize=350%2C200","width":350,"height":200,"srcset":"https:\/\/i0.wp.com\/edder.org\/images\/monumento_encierro.jpg?resize=350%2C200 1x, https:\/\/i0.wp.com\/edder.org\/images\/monumento_encierro.jpg?resize=525%2C300 1.5x, https:\/\/i0.wp.com\/edder.org\/images\/monumento_encierro.jpg?resize=700%2C400 2x"},"classes":[]}],"jetpack_likes_enabled":true,"_links":{"self":[{"href":"https:\/\/www.edder.org\/index.php?rest_route=\/wp\/v2\/posts\/1766","targetHints":{"allow":["GET"]}}],"collection":[{"href":"https:\/\/www.edder.org\/index.php?rest_route=\/wp\/v2\/posts"}],"about":[{"href":"https:\/\/www.edder.org\/index.php?rest_route=\/wp\/v2\/types\/post"}],"author":[{"embeddable":true,"href":"https:\/\/www.edder.org\/index.php?rest_route=\/wp\/v2\/users\/82"}],"replies":[{"embeddable":true,"href":"https:\/\/www.edder.org\/index.php?rest_route=%2Fwp%2Fv2%2Fcomments&post=1766"}],"version-history":[{"count":0,"href":"https:\/\/www.edder.org\/index.php?rest_route=\/wp\/v2\/posts\/1766\/revisions"}],"wp:attachment":[{"href":"https:\/\/www.edder.org\/index.php?rest_route=%2Fwp%2Fv2%2Fmedia&parent=1766"}],"wp:term":[{"taxonomy":"category","embeddable":true,"href":"https:\/\/www.edder.org\/index.php?rest_route=%2Fwp%2Fv2%2Fcategories&post=1766"},{"taxonomy":"post_tag","embeddable":true,"href":"https:\/\/www.edder.org\/index.php?rest_route=%2Fwp%2Fv2%2Ftags&post=1766"}],"curies":[{"name":"wp","href":"https:\/\/api.w.org\/{rel}","templated":true}]}}