{"id":174,"date":"2008-09-12T10:58:57","date_gmt":"2008-09-12T08:58:57","guid":{"rendered":"https:\/\/www.edder.org\/?p=174"},"modified":"2019-09-13T18:07:22","modified_gmt":"2019-09-13T16:07:22","slug":"foralite","status":"publish","type":"post","link":"https:\/\/www.edder.org\/?p=174","title":{"rendered":"Foralit\u00e9"},"content":{"rendered":"<p><span style=\"font-size:16px;\">Aprovechen que se acaban. Que se acaban los vodeviles y sainetes de ese Alfredo Landa hiperforal que es nuestro gran Miguel Sanz. Aunque previsible, la &uacute;ltima actuaci&oacute;n de nuestro hiperforal histri&oacute;n &ndash;Sanz, no Landa, que Landa es hiperforal en el Reyno, superdonostiarra en San Sebasti&aacute;n y el padre fundador de Benidorm si en Alicante se premia su descomunal talento&ndash;; la &uacute;ltima actuaci&oacute;n, digo, de nuestro Sanz en el vodevil que lo mismo pudiera titularse <em>Ni contigo &ndash;Mariano&ndash; ni sin ti<\/em> que <em>Dame la manita ZP<\/em>, ha estado a la altura de la versatilidad que se espera en una figura del teatro aut&oacute;ctono de tanta vis c&oacute;mica y tantas tablas &ndash;tanta mili foral&ndash; como &eacute;l. La versatilidad de Sanz en este vodevil est&aacute; rayando a la altura de la de Cantinflas en aquella pel&iacute;cula en la que el gran c&oacute;mico mexicano era la figura decisiva para inclinar las votaciones de la ONU en favor de los rojos o los azules. Tan idealista como Sanz, para salvar al mundo Cantinflas se salvaba a s&iacute; mismo, que el altruismo bien entendido empieza por uno mismo. Para salvar la <em>foralit&eacute;<\/em> &ndash;<em>foralit&eacute;<\/em>, <em>osasunit&eacute;<\/em> y <em>volkswagenit&eacute;<\/em> es el destino de los pueblos que van en direcci&oacute;n contrailustrada&ndash;, Sanz ten&iacute;a que salvarse a s&iacute; mismo. En &eacute;sas est&aacute;, marchando con Mariano si falta hiciera &ndash;&iexcl;qu&eacute; &eacute;picos recuerdos, los de aquella gran manifestaci&oacute;n foral de marzo!&ndash; y votando con ZP si fuera menester. En &eacute;sas est&aacute;, a nadar y guardar la ropa. &iquest;Saldr&aacute; a flote? Por qu&eacute; no. Sanz tiene cualidades c&oacute;micas suficientes como para hacer que nada a favor de ZP mientras alg&uacute;n personaje secundario del vodevil &ndash;alg&uacute;n navarr&iacute;simo diputado&ndash; da el salto de la rana y tira en la votaci&oacute;n para donde Mariano. Pero no adelantemos acontecimientos: sigamos absortos el vodevil de Sanz mientras haya sanzismo. Tras el sanzismo se nos vendr&aacute; encima la <em>barcinit&eacute;<\/em>, una infinita traves&iacute;a del bardenero desierto no menos previsible que la de Sanz, pero de un aburrimiento matador, sin los arranques, cabriolas y patas de banco de nuestro ilustre histri&oacute;n.<\/span><\/p>\n<div align=\"right\"><span style=\"font-size:16px;\">Publicado en <a href=\"http:\/\/www.noticiasdenavarra.com\/ediciones\/2008\/09\/12\/opinion\/contra.php\" target=\"blank\" rel=\"noopener noreferrer\">Diario de Noticias<\/a><img class=\"lazyload\" decoding=\"async\" align=\"right\" alt=\"dn\" src=\"data:image\/gif;base64,R0lGODlhAQABAAAAACH5BAEKAAEALAAAAAABAAEAAAICTAEAOw==\" data-orig-src=\"https:\/\/www.edder.org\/images\/dn.gif\" title=\"dn\" \/><\/span><\/div>\n<p><span style=\"font-size:16px;\"><img class=\"lazyload\" decoding=\"async\" alt=\"marcas\" src=\"data:image\/gif;base64,R0lGODlhAQABAAAAACH5BAEKAAEALAAAAAABAAEAAAICTAEAOw==\" data-orig-src=\"https:\/\/www.edder.org\/images\/barra.gif\" \/><\/span><\/p>\n","protected":false},"excerpt":{"rendered":"<p>Aprovechen que se acaban. Que se acaban los vodeviles y sainetes de ese Alfredo Landa hiperforal que es nuestro gran Miguel Sanz. Aunque previsible, la &uacute;ltima actuaci&oacute;n de nuestro hiperforal histri&oacute;n &ndash;Sanz, no Landa, que Landa es hiperforal en el Reyno, superdonostiarra en San Sebasti&aacute;n y el padre fundador de Benidorm si en Alicante se premia su descomunal talento&ndash;; la &uacute;ltima actuaci&oacute;n, digo, de nuestro Sanz en el vodevil que lo mismo pudiera titularse Ni contigo &ndash;Mariano&ndash; ni sin ti que Dame la manita ZP, ha estado a la altura de la versatilidad que se espera en una figura del teatro aut&oacute;ctono de tanta vis c&oacute;mica y tantas tablas &ndash;tanta mili foral&ndash; como &eacute;l. La versatilidad de Sanz en este vodevil est&aacute; rayando a la altura de  [&#8230;]<\/p>\n","protected":false},"author":82,"featured_media":0,"comment_status":"open","ping_status":"open","sticky":false,"template":"","format":"standard","meta":{"jetpack_post_was_ever_published":false,"_jetpack_newsletter_access":"","_jetpack_dont_email_post_to_subs":false,"_jetpack_newsletter_tier_id":0,"_jetpack_memberships_contains_paywalled_content":false,"_jetpack_memberships_contains_paid_content":false,"footnotes":"","jetpack_publicize_message":"","jetpack_publicize_feature_enabled":true,"jetpack_social_post_already_shared":false,"jetpack_social_options":{"image_generator_settings":{"template":"highway","default_image_id":0,"font":"","enabled":false},"version":2}},"categories":[3],"tags":[],"class_list":["post-174","post","type-post","status-publish","format-standard","hentry","category-na"],"jetpack_publicize_connections":[],"jetpack_featured_media_url":"","jetpack_shortlink":"https:\/\/wp.me\/s6kHv-foralite","jetpack_sharing_enabled":true,"jetpack-related-posts":[{"id":519,"url":"https:\/\/www.edder.org\/?p=519","url_meta":{"origin":174,"position":0},"title":"Yolanda y \u00abyo, Landa\u00bb","author":"Eder","date":"viernes, 20 Nov, 2009","format":false,"excerpt":"Yolanda, todo junto, y \u201cyo, Landa\u201d, por separado, no como Melinda y Melinda. Por un lado, Yolanda: esa se\u00f1ora que conjuga tradici\u00f3n y modernidad al vindicar la reacci\u00f3n integrista de los Rodezno y al ejecutar las m\u00e1s modernas obras de arquitectura, como el inminente Museo de los Sanfermines. Por otro\u2026","rel":"","context":"En \u00abNA\u00bb","block_context":{"text":"NA","link":"https:\/\/www.edder.org\/?cat=3"},"img":{"alt_text":"","src":"","width":0,"height":0},"classes":[]},{"id":93,"url":"https:\/\/www.edder.org\/?p=93","url_meta":{"origin":174,"position":1},"title":"La pertinaz sequ\u00eda","author":"Eder","date":"viernes, 30 Mar, 2007","format":false,"excerpt":"Ha habido en el \u00faltimo minuto una aut\u00e9ntica riada informativa sobre lo que cuesta un caf\u00e9. Por contra, cabe suponer que para compensar la riada, en esta tierra de secano seguimos con la pertinaz sequ\u00eda de noticias oficiales sobre el precio de la demostraci\u00f3n p\u00fablica de navarr\u00edsimo navarrismo organizada hace\u2026","rel":"","context":"En \u00abNA\u00bb","block_context":{"text":"NA","link":"https:\/\/www.edder.org\/?cat=3"},"img":{"alt_text":"","src":"","width":0,"height":0},"classes":[]},{"id":693,"url":"https:\/\/www.edder.org\/?p=693","url_meta":{"origin":174,"position":2},"title":"\u2018Hiyab\u2019 y \u2018burka\u2019, hoy y aqu\u00ed","author":"Eder","date":"viernes, 23 Abr, 2010","format":false,"excerpt":"Cuando se vaya, echaremos de menos \u2013como ahora echamos de m\u00e1s\u2013 a ese gran estadista que es Miguel Sanz. Si Sanz anda de por medio, enti\u00e9ndase por estadista al incondicional del equipo que sin falta acude al estadio para sufrir lo que le echen y m\u00e1s. Pues en menos de\u2026","rel":"","context":"En \u00abNA\u00bb","block_context":{"text":"NA","link":"https:\/\/www.edder.org\/?cat=3"},"img":{"alt_text":"","src":"","width":0,"height":0},"classes":[]},{"id":34,"url":"https:\/\/www.edder.org\/?p=34","url_meta":{"origin":174,"position":3},"title":"Nepotismo foral: una instant\u00e1nea","author":"Eder","date":"viernes, 30 Dic, 2005","format":false,"excerpt":"Siete a\u00f1o y medio despu\u00e9s de que el incombustible superconsejero Jos\u00e9 Ignacio Palacios \u2013sus pleitos van bien despacio\u2013\u2026 Siete a\u00f1os y medio despu\u00e9s de que Palacios y Sanz \u2013el otro Sanz\u2013, \u00bfregalasen?, \u00bfadjudicasen graciosamente?, \u00bfentregasen en un acto de nepotismo palaciego \u2013\u201cVoy a Palacio\u201d, que dicen ciertos exponentes de nuestra\u2026","rel":"","context":"En \u00abNA\u00bb","block_context":{"text":"NA","link":"https:\/\/www.edder.org\/?cat=3"},"img":{"alt_text":"","src":"","width":0,"height":0},"classes":[]},{"id":80,"url":"https:\/\/www.edder.org\/?p=80","url_meta":{"origin":174,"position":4},"title":"Las mentiras de los Sanz","author":"Eder","date":"viernes, 19 Ene, 2007","format":false,"excerpt":"Alguno de los Sanz miente. Alguno de los Sanz miente y no es Alejandro. O si Alejandro Sanz miente, all\u00e1 pel\u00edculas: el cantante no preside ning\u00fan gobierno auton\u00f3mico. Por su parte, parece m\u00e1s que comprobado que Miguel Sanz enton\u00f3 el pasado s\u00e1bado sentidas jotas de su repertorio en la localidad\u2026","rel":"","context":"En \u00abNA\u00bb","block_context":{"text":"NA","link":"https:\/\/www.edder.org\/?cat=3"},"img":{"alt_text":"","src":"","width":0,"height":0},"classes":[]},{"id":255,"url":"https:\/\/www.edder.org\/?p=255","url_meta":{"origin":174,"position":5},"title":"N\u00e9potisme \u00e0 la navarroise","author":"Eder","date":"viernes, 13 Feb, 2009","format":false,"excerpt":"Tan joven \u2013el presidente Sanz, digo\u2013 y ya todo un geront\u00f3crata, como Aizp\u00fan en su ancianidad. No soy el \u00fanico navarro que ha tenido ocasi\u00f3n de avergonzarse en lo que va de semana al menos dos veces de nuestro gerontocr\u00e1tico presidente. La primera ocasi\u00f3n de pasar verg\u00fcenza ajena se nos\u2026","rel":"","context":"En \u00abNA\u00bb","block_context":{"text":"NA","link":"https:\/\/www.edder.org\/?cat=3"},"img":{"alt_text":"","src":"","width":0,"height":0},"classes":[]}],"jetpack_likes_enabled":true,"_links":{"self":[{"href":"https:\/\/www.edder.org\/index.php?rest_route=\/wp\/v2\/posts\/174","targetHints":{"allow":["GET"]}}],"collection":[{"href":"https:\/\/www.edder.org\/index.php?rest_route=\/wp\/v2\/posts"}],"about":[{"href":"https:\/\/www.edder.org\/index.php?rest_route=\/wp\/v2\/types\/post"}],"author":[{"embeddable":true,"href":"https:\/\/www.edder.org\/index.php?rest_route=\/wp\/v2\/users\/82"}],"replies":[{"embeddable":true,"href":"https:\/\/www.edder.org\/index.php?rest_route=%2Fwp%2Fv2%2Fcomments&post=174"}],"version-history":[{"count":0,"href":"https:\/\/www.edder.org\/index.php?rest_route=\/wp\/v2\/posts\/174\/revisions"}],"wp:attachment":[{"href":"https:\/\/www.edder.org\/index.php?rest_route=%2Fwp%2Fv2%2Fmedia&parent=174"}],"wp:term":[{"taxonomy":"category","embeddable":true,"href":"https:\/\/www.edder.org\/index.php?rest_route=%2Fwp%2Fv2%2Fcategories&post=174"},{"taxonomy":"post_tag","embeddable":true,"href":"https:\/\/www.edder.org\/index.php?rest_route=%2Fwp%2Fv2%2Ftags&post=174"}],"curies":[{"name":"wp","href":"https:\/\/api.w.org\/{rel}","templated":true}]}}