{"id":1703,"date":"2011-04-22T10:43:09","date_gmt":"2011-04-22T09:43:09","guid":{"rendered":"https:\/\/www.edder.org\/?p=1703"},"modified":"2018-07-27T16:37:27","modified_gmt":"2018-07-27T14:37:27","slug":"rap","status":"publish","type":"post","link":"https:\/\/www.edder.org\/?p=1703","title":{"rendered":"Rap"},"content":{"rendered":"<p><style type=\"text\/css\">p.MsoNormal, li.MsoNormal, div.MsoNormal { margin: 0cm 0cm 0.0001pt; text-align: justify; text-indent: 7.1pt; font-size: 12pt; font-family: \"Times New Roman\"; }div.Section1 { page: Section1; }<\/style>\n<\/p>\n<p style=\"text-align: center;\"><div class=\"fusion-fullwidth fullwidth-box fusion-builder-row-1 hundred-percent-fullwidth non-hundred-percent-height-scrolling\" style=\"--awb-border-radius-top-left:0px;--awb-border-radius-top-right:0px;--awb-border-radius-bottom-right:0px;--awb-border-radius-bottom-left:0px;--awb-overflow:visible;--awb-flex-wrap:wrap;\" ><div class=\"fusion-builder-row fusion-row\"><div class=\"fusion-layout-column fusion_builder_column fusion-builder-column-0 fusion_builder_column_1_1 1_1 fusion-one-full fusion-column-first fusion-column-last fusion-column-no-min-height\" style=\"--awb-bg-size:cover;--awb-margin-bottom:0px;\"><div class=\"fusion-column-wrapper fusion-flex-column-wrapper-legacy\"><div class=\"video-shortcode\"><iframe title=\"UNA BOFETADA.avi\" width=\"1200\" height=\"900\" src=\"https:\/\/www.youtube.com\/embed\/2jdyTAcp_H8?feature=oembed\" frameborder=\"0\" allow=\"accelerometer; autoplay; clipboard-write; encrypted-media; gyroscope; picture-in-picture; web-share\" allowfullscreen><\/iframe><\/div>\n<p><span style=\"font-size: 12pt; font-family: &quot;Times New Roman&quot;;\">Vargas Llosa, el mismo que en unos Sanfermines bail&oacute; con Barcina en el baile de la alpargata, explica bien las ra&iacute;ces del rap. El rap no viene de las revueltas populares norteamericanas de los a&ntilde;os 70, como cre&iacute;an los votantes de Reagan y Bush que en los juzgados intentaron sin &eacute;xito tapar la boca de sus deslenguados raperos. El rap es parte de una cultura popular, con frecuencia &ldquo;pol&iacute;ticamente incorrecta&rdquo;, que da guerra desde la Edad Media. Al hablar de <i style=\"\">La cultura popular en la Edad Media y en el Renacimiento<\/i>, Vargas Llosa sintetiza bien lo que ocurre cuando los cors&eacute;s feudales de una sociedad cerrada, mal ventilada, lo asfixian todo: que antes o despu&eacute;s surge una burla de carnaval, una caricatura vitri&oacute;lica, una risa demoledora, un rap como el que hace unos meses le sali&oacute; a Barcina por el YouTube y que en estas electorales fechas la presidenta de UPN lleva a los juzgados. C&oacute;mo no le iban a salir coplas, s&aacute;tiras, zumbas, chanzas, chirigotas, burlas mejor o peor rimadas a quien ha forjado su estilo de gobernar en el ordeno y mando: ordeno poner en este jard&iacute;n p&uacute;blico una estatua de mi papa cat&oacute;lico preferido &ndash;el que beatific&oacute; por la v&iacute;a de extrema urgencia a Escriv&aacute;&ndash;, mando que esta plaza honre la memoria no ya del primer ministro de Justicia de Franco sino la de toda su estirpe&hellip; Estamos tan acostumbrados a los aires feudales de Barcina que autom&aacute;ticamente se ha propuesto que el rap en cuesti&oacute;n sea la canci&oacute;n de los Sanfermines. En los lugares hechos, amoldados al ordeno y mando, la gente no se r&iacute;e o critica en cualquier fecha, sino cuando se le deja, que como manda la medieval tradici&oacute;n suele ser por carnaval o por fiestas del lugar. En parajes m&aacute;s ventilados y menos medievales, derechos tales como el derecho a la canci&oacute;n, a la opini&oacute;n y a la cr&iacute;tica pol&iacute;tica &ndash;hecha incluso desde la risa, si la rid&iacute;cula prepotencia de quien manda as&iacute; lo exige&ndash; siguen siendo libres y sin fecha fija, pese a que no faltan esfuerzos por desterrar, limitar o sojuzgar tales derechos.<\/span><\/p>\n<p style=\"text-align: right;\">Publicado en <a href=\"http:\/\/www.diariodenoticias.com\/opinion\/columnistas\/postal-expres\" target=\"blank\">Diario de Noticias<\/a><br \/>\n\t<img class=\"lazyload\" decoding=\"async\" align=\"right\" alt=\"dn\" src=\"data:image\/gif;base64,R0lGODlhAQABAAAAACH5BAEKAAEALAAAAAABAAEAAAICTAEAOw==\" data-orig-src=\"..\/images\/dn.gif\" title=\"dn\" \/><\/p>\n<p>&nbsp;<\/p>\n<p>Miguel S&aacute;nchez-Ostiz sobre <a href=\"http:\/\/vivirdebuenagana.blogspot.com\/2011\/04\/la-chula-potra-al-juzgado.html\" target=\"_blank\">esto mismo<\/a>.<\/p>\n<div class=\"fusion-clearfix\"><\/div><\/div><\/div><\/div><\/div><\/p>\n","protected":false},"excerpt":{"rendered":"","protected":false},"author":82,"featured_media":0,"comment_status":"open","ping_status":"open","sticky":false,"template":"","format":"standard","meta":{"jetpack_post_was_ever_published":false,"_jetpack_newsletter_access":"","_jetpack_dont_email_post_to_subs":false,"_jetpack_newsletter_tier_id":0,"_jetpack_memberships_contains_paywalled_content":false,"_jetpack_memberships_contains_paid_content":false,"footnotes":"","jetpack_publicize_message":"","jetpack_publicize_feature_enabled":true,"jetpack_social_post_already_shared":false,"jetpack_social_options":{"image_generator_settings":{"template":"highway","default_image_id":0,"font":"","enabled":false},"version":2}},"categories":[87,3],"tags":[],"class_list":["post-1703","post","type-post","status-publish","format-standard","hentry","category-music","category-na"],"jetpack_publicize_connections":[],"jetpack_featured_media_url":"","jetpack_shortlink":"https:\/\/wp.me\/s6kHv-rap","jetpack_sharing_enabled":true,"jetpack-related-posts":[{"id":2755,"url":"https:\/\/www.edder.org\/?p=2755","url_meta":{"origin":1703,"position":0},"title":"Piloto de la muerte","author":"Eder","date":"viernes, 21 Dic, 2012","format":false,"excerpt":"\u00a0 Let me ride on the Wall of Death one more time Let me ride on the Wall of Death one more time You can waste your time on the other rides This is the nearest to being alive Oh let me take my chances on the Wall of Death\u2026","rel":"","context":"En \u00abM\u00fasica\u00bb","block_context":{"text":"M\u00fasica","link":"https:\/\/www.edder.org\/?cat=87"},"img":{"alt_text":"","src":"","width":0,"height":0},"classes":[]},{"id":34,"url":"https:\/\/www.edder.org\/?p=34","url_meta":{"origin":1703,"position":1},"title":"Nepotismo foral: una instant\u00e1nea","author":"Eder","date":"viernes, 30 Dic, 2005","format":false,"excerpt":"Siete a\u00f1o y medio despu\u00e9s de que el incombustible superconsejero Jos\u00e9 Ignacio Palacios \u2013sus pleitos van bien despacio\u2013\u2026 Siete a\u00f1os y medio despu\u00e9s de que Palacios y Sanz \u2013el otro Sanz\u2013, \u00bfregalasen?, \u00bfadjudicasen graciosamente?, \u00bfentregasen en un acto de nepotismo palaciego \u2013\u201cVoy a Palacio\u201d, que dicen ciertos exponentes de nuestra\u2026","rel":"","context":"En \u00abNA\u00bb","block_context":{"text":"NA","link":"https:\/\/www.edder.org\/?cat=3"},"img":{"alt_text":"","src":"","width":0,"height":0},"classes":[]},{"id":35,"url":"https:\/\/www.edder.org\/?p=35","url_meta":{"origin":1703,"position":2},"title":"El h\u00e1bito regener\u00f3 al monde","author":"Eder","date":"viernes, 6 Ene, 2006","format":false,"excerpt":"La desfachatez que ha llevado a Sanz \u2013Sanz Sesma\u2013 a interpretar la sentencia judicial por la que se anula la concesi\u00f3n de licencias de radio hecha en su d\u00eda por Sanz \u2013Sanz Barea\u2013 y Palacios como otro \u00e9xito del Gobierno de UPN \u2013otro m\u00e1s de la cascada incesante de \u00e9xitos\u2026","rel":"","context":"En \u00abNA\u00bb","block_context":{"text":"NA","link":"https:\/\/www.edder.org\/?cat=3"},"img":{"alt_text":"","src":"","width":0,"height":0},"classes":[]},{"id":1255,"url":"https:\/\/www.edder.org\/?p=1255","url_meta":{"origin":1703,"position":3},"title":"Navajo","author":"Eder","date":"viernes, 26 Nov, 2010","format":false,"excerpt":"Ahora no recuerdo lo que John Ford \u2013conocido por los indios de Utah como Natani Nez, \u201cel jefe alto\u201d\u2013 dec\u00eda de los navajos. Ya me acordar\u00e9. Jean-Luc Godard, cuya vida guarden los dioses de las praderas muchos a\u00f1os y que la pr\u00f3xima semana cumplir\u00e1 los 90, ha sacado en su\u2026","rel":"","context":"En \u00abCine\u00bb","block_context":{"text":"Cine","link":"https:\/\/www.edder.org\/?cat=79"},"img":{"alt_text":"","src":"","width":0,"height":0},"classes":[]},{"id":1267,"url":"https:\/\/www.edder.org\/?p=1267","url_meta":{"origin":1703,"position":4},"title":"Videla","author":"Eder","date":"viernes, 24 Dic, 2010","format":false,"excerpt":"Videla vuelve a las noticias y la casualidad ha querido que hace unos d\u00edas viera H\u00f4tel Terminus, la pel\u00edcula de Marcel Ophuls. H\u00f4tel Terminus: la vida y la \u00e9poca de Klaus Barbie es una pel\u00edcula documental de cuatro horas largas \u2013TVE la puso hace unos a\u00f1os, pasadas las cuatro de\u2026","rel":"","context":"En \u00abCine\u00bb","block_context":{"text":"Cine","link":"https:\/\/www.edder.org\/?cat=79"},"img":{"alt_text":"","src":"","width":0,"height":0},"classes":[]},{"id":1951,"url":"https:\/\/www.edder.org\/?p=1951","url_meta":{"origin":1703,"position":5},"title":"Minutos de gloria","author":"Eder","date":"viernes, 10 Jun, 2011","format":false,"excerpt":"Su Alteza Real \u2013todo con may\u00fasculas de las llamadas genuflexas\u2013 lo plante\u00f3 bien: \u201cYa tienes tu minuto de gloria\u201d. O si no bien, s\u00ed donde el problema se plantea. En La toma del poder por Luis XIV, Rossellini ve\u00eda al Rey Sol como un Soberano \u2013may\u00fascula y genuflexi\u00f3n\u2013 entre Maquiavelo\u2026","rel":"","context":"En \u00abNA\u00bb","block_context":{"text":"NA","link":"https:\/\/www.edder.org\/?cat=3"},"img":{"alt_text":"","src":"","width":0,"height":0},"classes":[]}],"jetpack_likes_enabled":true,"_links":{"self":[{"href":"https:\/\/www.edder.org\/index.php?rest_route=\/wp\/v2\/posts\/1703","targetHints":{"allow":["GET"]}}],"collection":[{"href":"https:\/\/www.edder.org\/index.php?rest_route=\/wp\/v2\/posts"}],"about":[{"href":"https:\/\/www.edder.org\/index.php?rest_route=\/wp\/v2\/types\/post"}],"author":[{"embeddable":true,"href":"https:\/\/www.edder.org\/index.php?rest_route=\/wp\/v2\/users\/82"}],"replies":[{"embeddable":true,"href":"https:\/\/www.edder.org\/index.php?rest_route=%2Fwp%2Fv2%2Fcomments&post=1703"}],"version-history":[{"count":0,"href":"https:\/\/www.edder.org\/index.php?rest_route=\/wp\/v2\/posts\/1703\/revisions"}],"wp:attachment":[{"href":"https:\/\/www.edder.org\/index.php?rest_route=%2Fwp%2Fv2%2Fmedia&parent=1703"}],"wp:term":[{"taxonomy":"category","embeddable":true,"href":"https:\/\/www.edder.org\/index.php?rest_route=%2Fwp%2Fv2%2Fcategories&post=1703"},{"taxonomy":"post_tag","embeddable":true,"href":"https:\/\/www.edder.org\/index.php?rest_route=%2Fwp%2Fv2%2Ftags&post=1703"}],"curies":[{"name":"wp","href":"https:\/\/api.w.org\/{rel}","templated":true}]}}