{"id":1669,"date":"2011-04-09T10:42:34","date_gmt":"2011-04-09T09:42:34","guid":{"rendered":"https:\/\/www.edder.org\/?p=1669"},"modified":"2011-04-09T10:42:34","modified_gmt":"2011-04-09T09:42:34","slug":"eurodiputados-encuentran-sensual-muchacha","status":"publish","type":"post","link":"https:\/\/www.edder.org\/?p=1669","title":{"rendered":"Eurodiputados encuentran sensual muchacha"},"content":{"rendered":"<p style=\"text-align: center;\"><div class=\"video-shortcode\"><iframe title=\"eurodiputados hallan sensual muchacha\" width=\"1200\" height=\"900\" src=\"https:\/\/www.youtube.com\/embed\/wNYrKoRpZcU?feature=oembed\" frameborder=\"0\" allow=\"accelerometer; autoplay; clipboard-write; encrypted-media; gyroscope; picture-in-picture; web-share\" allowfullscreen><\/iframe><\/div><\/p>\n","protected":false},"excerpt":{"rendered":"","protected":false},"author":82,"featured_media":0,"comment_status":"open","ping_status":"open","sticky":false,"template":"","format":"standard","meta":{"jetpack_post_was_ever_published":false,"_jetpack_newsletter_access":"","_jetpack_dont_email_post_to_subs":false,"_jetpack_newsletter_tier_id":0,"_jetpack_memberships_contains_paywalled_content":false,"_jetpack_memberships_contains_paid_content":false,"footnotes":"","jetpack_publicize_message":"","jetpack_publicize_feature_enabled":true,"jetpack_social_post_already_shared":false,"jetpack_social_options":{"image_generator_settings":{"template":"highway","default_image_id":0,"font":"","enabled":false},"version":2}},"categories":[7],"tags":[],"class_list":["post-1669","post","type-post","status-publish","format-standard","hentry","category-video"],"jetpack_publicize_connections":[],"jetpack_featured_media_url":"","jetpack_shortlink":"https:\/\/wp.me\/p6kHv-qV","jetpack_sharing_enabled":true,"jetpack-related-posts":[{"id":3726,"url":"https:\/\/www.edder.org\/?p=3726","url_meta":{"origin":1669,"position":0},"title":"YouTube is fantastic","author":"Eder","date":"domingo, 27 Jul, 2014","format":false,"excerpt":"I love YouTube:","rel":"","context":"En \u00abCine\u00bb","block_context":{"text":"Cine","link":"https:\/\/www.edder.org\/?cat=79"},"img":{"alt_text":"","src":"https:\/\/i0.wp.com\/www.edder.org\/upload\/2014\/07\/vlcsnap-2015-08-16-11h14m52s47.png?resize=350%2C200&ssl=1","width":350,"height":200},"classes":[]},{"id":3039,"url":"https:\/\/www.edder.org\/?p=3039","url_meta":{"origin":1669,"position":1},"title":"El dorrem\u00ed","author":"Eder","date":"domingo, 7 Abr, 2013","format":false,"excerpt":"\u00a0 Dicen que mucha gente del Este est\u00e1 dejando sus casas cada d\u00eda, para patear el viejo camino polvoriento hasta la frontera de California. Atravesando las arenas del desierto, saliendo de esa vieja hondonada de arena, piensan que se dirigen a una monta\u00f1a de az\u00facar; pero no, lo que encuentran\u2026","rel":"","context":"En \u00abM\u00fasica\u00bb","block_context":{"text":"M\u00fasica","link":"https:\/\/www.edder.org\/?cat=87"},"img":{"alt_text":"","src":"","width":0,"height":0},"classes":[]},{"id":1067,"url":"https:\/\/www.edder.org\/?p=1067","url_meta":{"origin":1669,"position":2},"title":"Parlez-vous fran\u00e7ais ?","author":"Eder","date":"s\u00e1bado, 12 Mar, 2011","format":false,"excerpt":"Y otro m\u00e1s:","rel":"","context":"En \u00abCine\u00bb","block_context":{"text":"Cine","link":"https:\/\/www.edder.org\/?cat=79"},"img":{"alt_text":"","src":"","width":0,"height":0},"classes":[]},{"id":1504,"url":"https:\/\/www.edder.org\/?p=1504","url_meta":{"origin":1669,"position":3},"title":"Te llevo en el coraz\u00f3n","author":"Eder","date":"viernes, 18 Feb, 2011","format":false,"excerpt":"Te llevo en el coraz\u00f3n (toma 1): \u00a0 Te llevo en el coraz\u00f3n (toma 2):","rel":"","context":"En \u00abCine\u00bb","block_context":{"text":"Cine","link":"https:\/\/www.edder.org\/?cat=79"},"img":{"alt_text":"","src":"","width":0,"height":0},"classes":[]},{"id":1364,"url":"https:\/\/www.edder.org\/?p=1364","url_meta":{"origin":1669,"position":4},"title":"Le Havre","author":"Eder","date":"s\u00e1bado, 12 Feb, 2011","format":false,"excerpt":"Niebla en la cabeza camino a Le Havre\u2026 \u00a0 Y lo que es peor, humo en la cabeza camino de Le Havre:","rel":"","context":"En \u00abV\u00eddeo\u00bb","block_context":{"text":"V\u00eddeo","link":"https:\/\/www.edder.org\/?cat=7"},"img":{"alt_text":"","src":"","width":0,"height":0},"classes":[]},{"id":419,"url":"https:\/\/www.edder.org\/?p=419","url_meta":{"origin":1669,"position":5},"title":"Humo","author":"Eder","date":"jueves, 11 Jun, 2009","format":false,"excerpt":"","rel":"","context":"En \u00abV\u00eddeo\u00bb","block_context":{"text":"V\u00eddeo","link":"https:\/\/www.edder.org\/?cat=7"},"img":{"alt_text":"","src":"","width":0,"height":0},"classes":[]}],"jetpack_likes_enabled":true,"_links":{"self":[{"href":"https:\/\/www.edder.org\/index.php?rest_route=\/wp\/v2\/posts\/1669","targetHints":{"allow":["GET"]}}],"collection":[{"href":"https:\/\/www.edder.org\/index.php?rest_route=\/wp\/v2\/posts"}],"about":[{"href":"https:\/\/www.edder.org\/index.php?rest_route=\/wp\/v2\/types\/post"}],"author":[{"embeddable":true,"href":"https:\/\/www.edder.org\/index.php?rest_route=\/wp\/v2\/users\/82"}],"replies":[{"embeddable":true,"href":"https:\/\/www.edder.org\/index.php?rest_route=%2Fwp%2Fv2%2Fcomments&post=1669"}],"version-history":[{"count":0,"href":"https:\/\/www.edder.org\/index.php?rest_route=\/wp\/v2\/posts\/1669\/revisions"}],"wp:attachment":[{"href":"https:\/\/www.edder.org\/index.php?rest_route=%2Fwp%2Fv2%2Fmedia&parent=1669"}],"wp:term":[{"taxonomy":"category","embeddable":true,"href":"https:\/\/www.edder.org\/index.php?rest_route=%2Fwp%2Fv2%2Fcategories&post=1669"},{"taxonomy":"post_tag","embeddable":true,"href":"https:\/\/www.edder.org\/index.php?rest_route=%2Fwp%2Fv2%2Ftags&post=1669"}],"curies":[{"name":"wp","href":"https:\/\/api.w.org\/{rel}","templated":true}]}}