{"id":158,"date":"2008-06-27T09:37:07","date_gmt":"2008-06-27T07:37:07","guid":{"rendered":"https:\/\/www.edder.org\/?p=158"},"modified":"2018-07-27T16:38:21","modified_gmt":"2018-07-27T14:38:21","slug":"animales-desnudos","status":"publish","type":"post","link":"https:\/\/www.edder.org\/?p=158","title":{"rendered":"Animales desnudos"},"content":{"rendered":"<p>En \u00faltimo t\u00e9rmino, lo que nos diferencia de los animales no es tanto la capacidad de hablar, razonar, re\u00edr o pensar en la muerte, cuanto la consciencia de la propia desnudez. No es s\u00f3lo que los animales sean completamente inconscientes de no ir vestidos; es que al no tener conciencia de lo que la desnudez significa, en ellos no cabe el pudor. En ese sentido, puede que algunos cong\u00e9neres queden hoy m\u00e1s cerca de los animales que de los humanos. Ahora, entre los pol\u00edticos, se usa mucho el verbo \u2018visualizar\u2019, en una acepci\u00f3n ajena al diccionario aunque perfectamente comprensible. Ejemplo: \u201cEn el congreso se visualizar\u00e1 qui\u00e9n es cada cual y qu\u00e9 escenarios se abren\u201d. Traducci\u00f3n:  en el congreso se ver\u00e1 qui\u00e9n se queda en cueros y qui\u00e9n sale arropado por las mayor\u00edas, adem\u00e1s de verse qu\u00e9 posibilidades quedan expeditas al inapelable vencedor. \u201cVisualizar\u201d. Hay cong\u00e9neres, hay paisanos nuestros que no tienen la menor consciencia de no ir vestidos y que, precisamente por ello, se precipitan a \u201cvisualizar\u201d lo muy arropados que est\u00e1n. Tal parece ser el caso del arquitecto Francisco Mangado, cuya capacidad para el pensamiento cr\u00edtico y sensibilidad social hab\u00edan quedado hasta ahora in\u00e9ditas. Arropado por un grupo de autoridades entre las que no faltaban las m\u00e1s altas autoridades pol\u00edticas del lugar, se nos present\u00f3 el s\u00e1bado pasado como un pr\u00edncipe que luc\u00eda las intenciones m\u00e1s magn\u00e1nimas, as\u00ed que el com\u00fan de los mortales no \u201cvisualice\u201d m\u00e1s que su egolatr\u00eda y desnuda falta de pudor. Nuestras autoridades pol\u00edticas, con su mejor traje para la ocasi\u00f3n, acaban de engrosar el equipo directivo de Caja Navarra. Algunos de ellos \u2013c\u00f3mo no, Sanz, Barcina, Roberto Jim\u00e9nez\u2026\u2013 lo hacen por partida m\u00faltiple \u2013consejo general, consejo de administraci\u00f3n, patronato, comisiones o comit\u00e9s\u2013, sin el menor temor a que se evidencie, a que se \u201cvisualice\u201d la desnudez de sus pulsiones y ambiciones, cosa que tampoco ha preocupado nunca a los seres que no hablan, no razonan, no r\u00eden o no piensan en la muerte.<\/p>\n<div align=\"right\">Publicado en <a target=\"blank\" href=\"http:\/\/www.noticiasdenavarra.com\/ediciones\/2008\/06\/27\/opinion\/contra.php\">Diario de Noticias<\/a><img class=\"lazyload\" decoding=\"async\" align=\"right\" title=\"dn\" alt=\"dn\" src=\"data:image\/gif;base64,R0lGODlhAQABAAAAACH5BAEKAAEALAAAAAABAAEAAAICTAEAOw==\" data-orig-src=\"https:\/\/www.edder.org\/images\/dn.gif\" \/><\/div>\n<p><img class=\"lazyload\" decoding=\"async\" src=\"data:image\/gif;base64,R0lGODlhAQABAAAAACH5BAEKAAEALAAAAAABAAEAAAICTAEAOw==\" data-orig-src=\"https:\/\/www.edder.org\/images\/barra.gif\" alt=\"marcas\" \/><\/p>\n","protected":false},"excerpt":{"rendered":"<p>En \u00faltimo t\u00e9rmino, lo que nos diferencia de los animales no es tanto la capacidad de hablar, razonar, re\u00edr o pensar en la muerte, cuanto la consciencia de la propia desnudez. No es s\u00f3lo que los animales sean completamente inconscientes de no ir vestidos; es que al no tener conciencia de lo que la desnudez significa, en ellos no cabe el pudor. En ese sentido, puede que algunos cong\u00e9neres queden hoy m\u00e1s cerca de los animales que de los humanos. Ahora, entre los pol\u00edticos, se usa mucho el verbo \u2018visualizar\u2019, en una acepci\u00f3n ajena al diccionario aunque perfectamente comprensible. Ejemplo: \u201cEn el congreso se visualizar\u00e1 qui\u00e9n es cada cual y qu\u00e9 escenarios se abren\u201d. Traducci\u00f3n: en el congreso se ver\u00e1 qui\u00e9n se queda en cueros y qui\u00e9n  [&#8230;]<\/p>\n","protected":false},"author":82,"featured_media":0,"comment_status":"open","ping_status":"open","sticky":false,"template":"","format":"standard","meta":{"jetpack_post_was_ever_published":false,"_jetpack_newsletter_access":"","_jetpack_dont_email_post_to_subs":false,"_jetpack_newsletter_tier_id":0,"_jetpack_memberships_contains_paywalled_content":false,"_jetpack_memberships_contains_paid_content":false,"footnotes":"","jetpack_publicize_message":"","jetpack_publicize_feature_enabled":true,"jetpack_social_post_already_shared":false,"jetpack_social_options":{"image_generator_settings":{"template":"highway","default_image_id":0,"font":"","enabled":false},"version":2}},"categories":[3],"tags":[],"class_list":["post-158","post","type-post","status-publish","format-standard","hentry","category-na"],"jetpack_publicize_connections":[],"jetpack_featured_media_url":"","jetpack_shortlink":"https:\/\/wp.me\/p6kHv-2y","jetpack_sharing_enabled":true,"jetpack-related-posts":[{"id":153,"url":"https:\/\/www.edder.org\/?p=153","url_meta":{"origin":158,"position":0},"title":"Mois\u00e9s","author":"Eder","date":"s\u00e1bado, 7 Jun, 2008","format":false,"excerpt":"Dice, \u00bfsab\u00eda que cualificados miembros de la direcci\u00f3n regionalista comentaban el domingo que \u201cDios tiene que ser de UPN\u201d, pues mientras diluviaba en todas partes, en Senda Viva, ese arca de No\u00e9 con dos animales de cada especie donde se celebraba la fiesta del navarrismo, la lluvia ni se insinu\u00f3?\u2026","rel":"","context":"En \u00abNA\u00bb","block_context":{"text":"NA","link":"https:\/\/www.edder.org\/?cat=3"},"img":{"alt_text":"","src":"","width":0,"height":0},"classes":[]},{"id":1255,"url":"https:\/\/www.edder.org\/?p=1255","url_meta":{"origin":158,"position":1},"title":"Navajo","author":"Eder","date":"viernes, 26 Nov, 2010","format":false,"excerpt":"Ahora no recuerdo lo que John Ford \u2013conocido por los indios de Utah como Natani Nez, \u201cel jefe alto\u201d\u2013 dec\u00eda de los navajos. Ya me acordar\u00e9. Jean-Luc Godard, cuya vida guarden los dioses de las praderas muchos a\u00f1os y que la pr\u00f3xima semana cumplir\u00e1 los 90, ha sacado en su\u2026","rel":"","context":"En \u00abCine\u00bb","block_context":{"text":"Cine","link":"https:\/\/www.edder.org\/?cat=79"},"img":{"alt_text":"","src":"","width":0,"height":0},"classes":[]},{"id":129,"url":"https:\/\/www.edder.org\/?p=129","url_meta":{"origin":158,"position":2},"title":"Rob\u00f3tica y rebotica","author":"Eder","date":"viernes, 11 Ene, 2008","format":false,"excerpt":"Hoy, como suele decirse en la radio, quisiera dar un testimonio humano. Humano en el sentido amplio, ampl\u00edsimo del t\u00e9rmino. Yo no oigo mucho la radio y, escucharla, la escucho algo menos. A menudo la oigo, como creo que es habitual entre mis cong\u00e9neres, como quien oye llover. En esas\u2026","rel":"","context":"En \u00abSin categorizar\u00bb","block_context":{"text":"Sin categorizar","link":"https:\/\/www.edder.org\/?cat=1"},"img":{"alt_text":"","src":"","width":0,"height":0},"classes":[]},{"id":150,"url":"https:\/\/www.edder.org\/?p=150","url_meta":{"origin":158,"position":3},"title":"Deconstruyendo la alcachofa","author":"Eder","date":"viernes, 16 May, 2008","format":false,"excerpt":"","rel":"","context":"En \u00abNA\u00bb","block_context":{"text":"NA","link":"https:\/\/www.edder.org\/?cat=3"},"img":{"alt_text":"","src":"","width":0,"height":0},"classes":[]},{"id":430,"url":"https:\/\/www.edder.org\/?p=430","url_meta":{"origin":158,"position":4},"title":"Algunas preguntas sobre el fuerte de San Crist\u00f3bal","author":"Eder","date":"viernes, 19 Jun, 2009","format":false,"excerpt":"La primera y m\u00e1s obvia de las preguntas es: \u00bfpero no fue el fuerte de San Crist\u00f3bal declarado en su d\u00eda \u201cbien de inter\u00e9s cultural con categor\u00eda de monumento\u201d? Si el fuerte es un monumento desde el 16 de noviembre de 2001, como declara el real decreto 1265\/2001 de esa\u2026","rel":"","context":"En \u00abNA\u00bb","block_context":{"text":"NA","link":"https:\/\/www.edder.org\/?cat=3"},"img":{"alt_text":"","src":"","width":0,"height":0},"classes":[]},{"id":569,"url":"https:\/\/www.edder.org\/?p=569","url_meta":{"origin":158,"position":5},"title":"Nuestra FAES","author":"Eder","date":"viernes, 5 Feb, 2010","format":false,"excerpt":"Casi me caigo de la silla al leer que el gran Francisco Mangado, ante la \u201cdebacle en valores\u201d que padecemos, reivindica ahora una arquitectura que, am\u00e9n de estar inspirada en la utilidad, el servicio y la vocaci\u00f3n social, piense en el interior de las viviendas m\u00e1s que en las fachadas.\u2026","rel":"","context":"En \u00abNA\u00bb","block_context":{"text":"NA","link":"https:\/\/www.edder.org\/?cat=3"},"img":{"alt_text":"","src":"","width":0,"height":0},"classes":[]}],"jetpack_likes_enabled":true,"_links":{"self":[{"href":"https:\/\/www.edder.org\/index.php?rest_route=\/wp\/v2\/posts\/158","targetHints":{"allow":["GET"]}}],"collection":[{"href":"https:\/\/www.edder.org\/index.php?rest_route=\/wp\/v2\/posts"}],"about":[{"href":"https:\/\/www.edder.org\/index.php?rest_route=\/wp\/v2\/types\/post"}],"author":[{"embeddable":true,"href":"https:\/\/www.edder.org\/index.php?rest_route=\/wp\/v2\/users\/82"}],"replies":[{"embeddable":true,"href":"https:\/\/www.edder.org\/index.php?rest_route=%2Fwp%2Fv2%2Fcomments&post=158"}],"version-history":[{"count":0,"href":"https:\/\/www.edder.org\/index.php?rest_route=\/wp\/v2\/posts\/158\/revisions"}],"wp:attachment":[{"href":"https:\/\/www.edder.org\/index.php?rest_route=%2Fwp%2Fv2%2Fmedia&parent=158"}],"wp:term":[{"taxonomy":"category","embeddable":true,"href":"https:\/\/www.edder.org\/index.php?rest_route=%2Fwp%2Fv2%2Fcategories&post=158"},{"taxonomy":"post_tag","embeddable":true,"href":"https:\/\/www.edder.org\/index.php?rest_route=%2Fwp%2Fv2%2Ftags&post=158"}],"curies":[{"name":"wp","href":"https:\/\/api.w.org\/{rel}","templated":true}]}}