{"id":155,"date":"2008-06-20T09:28:21","date_gmt":"2008-06-20T07:28:21","guid":{"rendered":"https:\/\/www.edder.org\/?p=155"},"modified":"2018-07-27T16:38:22","modified_gmt":"2018-07-27T14:38:22","slug":"divinos","status":"publish","type":"post","link":"https:\/\/www.edder.org\/?p=155","title":{"rendered":"Divinos"},"content":{"rendered":"<p>En 1966, de paso por Londres, el poeta Robert Allen Zimmerman, m\u00e1s conocido como Bob Dylan \u2013comparado por algunos con Picasso y llamado, con raz\u00f3n, Dios\u2013, tuvo una mala idea: ir al encuentro del entonces prosista John Winston Lennon. Zimmerman pens\u00f3 \u2013otra mala idea\u2013 que su encuentro en la cumbre con Lennon deb\u00eda quedar grabado. El encuentro entre los dos ol\u00edmpicos result\u00f3 catastr\u00f3fico. El poeta, en tierra extra\u00f1a, estaba borracho y cansado. El prosista, con la ventaja de jugar en casa, se mostr\u00f3 esc\u00e9ptico y algo ir\u00f3nico ante la otra divinidad, a la que tanto hab\u00eda admirado. Al final del encuentro, Dios \u2013Dylan\u2013, inc\u00f3modo, declara que quiere irse a casa, a Am\u00e9rica, donde \u201chay \u2013dice\u2013 partidos de baloncesto y shows de televisi\u00f3n durante toda la noche\u201d. El ir\u00f3nico dios ingl\u00e9s, igualmente inc\u00f3modo, apostilla: \u201cParece prometedor\u201d. Como se ve, el episodio es pura mitolog\u00eda. Seg\u00fan entienden los fil\u00f3sofos, el mundo contempor\u00e1neo comenz\u00f3 con una divisi\u00f3n de los dioses, ya cansados. Por un lado estaban los que, histri\u00f3nicamente \u2013con ese histrionismo que los genios, los monstruos como Picasso o Dylan gastan en las grandes ocasiones\u2013, segu\u00edan interpretando su viejo papel con toda indiferencia, ocasionalmente incluso con destellos de brillantez, aunque en el fondo tuvieran una irrefrenables ganas de irse a casa a ver los partidos de la NBA. Por otro lado estaban los divinos que, descre\u00eddos de su propia condici\u00f3n, se entregaban a una destructiva iconoclastia. A eso, sin duda, hab\u00eda llegado John Lennon a finales de los 60, cuando en su bello poema nihilista \u2013atr\u00e1s quedaba ya la prosa\u2013 titulado Dios, escribe: \u201cDios no es m\u00e1s que una idea con la que medir el tama\u00f1a de nuestro infortunio. No creo en lo incre\u00edble; no creo en Jes\u00fas, en Kennedy o en Buda; no creo en Zimmerman ni en los Beatles\u2026 Queridos amigos, la ilusi\u00f3n del sue\u00f1o ha terminado: haced vuestro camino por vosotros mismos\u201d. He querido recordar este episodio mitol\u00f3gico ahora que la sombra de la divinidad se proyecta sobre nosotros.<\/p>\n<div align=\"right\">Publicado en <a target=\"blank\" href=\"http:\/\/www.noticiasdenavarra.com\/ediciones\/2008\/06\/20\/opinion\/contra.php\">Diario de Noticias<\/a><img class=\"lazyload\" decoding=\"async\" align=\"right\" title=\"dn\" alt=\"dn\" src=\"data:image\/gif;base64,R0lGODlhAQABAAAAACH5BAEKAAEALAAAAAABAAEAAAICTAEAOw==\" data-orig-src=\"https:\/\/www.edder.org\/images\/dn.gif\" \/><\/div>\n<p><img class=\"lazyload\" decoding=\"async\" src=\"data:image\/gif;base64,R0lGODlhAQABAAAAACH5BAEKAAEALAAAAAABAAEAAAICTAEAOw==\" data-orig-src=\"https:\/\/www.edder.org\/images\/barra.gif\" alt=\"marcas\" \/><\/p>\n","protected":false},"excerpt":{"rendered":"<p>En 1966, de paso por Londres, el poeta Robert Allen Zimmerman, m\u00e1s conocido como Bob Dylan \u2013comparado por algunos con Picasso y llamado, con raz\u00f3n, Dios\u2013, tuvo una mala idea: ir al encuentro del entonces prosista John Winston Lennon. Zimmerman pens\u00f3 \u2013otra mala idea\u2013 que su encuentro en la cumbre con Lennon deb\u00eda quedar grabado. El encuentro entre los dos ol\u00edmpicos result\u00f3 catastr\u00f3fico. El poeta, en tierra extra\u00f1a, estaba borracho y cansado. El prosista, con la ventaja de jugar en casa, se mostr\u00f3 esc\u00e9ptico y algo ir\u00f3nico ante la otra divinidad, a la que tanto hab\u00eda admirado. Al final del encuentro, Dios \u2013Dylan\u2013, inc\u00f3modo, declara que quiere irse a casa, a Am\u00e9rica, donde \u201chay \u2013dice\u2013 partidos de baloncesto y shows de televisi\u00f3n durante toda la noche\u201d. El  [&#8230;]<\/p>\n","protected":false},"author":82,"featured_media":0,"comment_status":"open","ping_status":"open","sticky":false,"template":"","format":"standard","meta":{"jetpack_post_was_ever_published":false,"_jetpack_newsletter_access":"","_jetpack_dont_email_post_to_subs":false,"_jetpack_newsletter_tier_id":0,"_jetpack_memberships_contains_paywalled_content":false,"_jetpack_memberships_contains_paid_content":false,"footnotes":"","jetpack_publicize_message":"","jetpack_publicize_feature_enabled":true,"jetpack_social_post_already_shared":false,"jetpack_social_options":{"image_generator_settings":{"template":"highway","default_image_id":0,"font":"","enabled":false},"version":2}},"categories":[3],"tags":[],"class_list":["post-155","post","type-post","status-publish","format-standard","hentry","category-na"],"jetpack_publicize_connections":[],"jetpack_featured_media_url":"","jetpack_shortlink":"https:\/\/wp.me\/s6kHv-divinos","jetpack_sharing_enabled":true,"jetpack-related-posts":[{"id":4349,"url":"https:\/\/www.edder.org\/?p=4349","url_meta":{"origin":155,"position":0},"title":"Sick of Love","author":"Eder","date":"s\u00e1bado, 21 Mar, 2015","format":false,"excerpt":"Variaciones Zimmerman: \u00a0 Versi\u00f3n White Stripes:","rel":"","context":"En \u00abM\u00fasica\u00bb","block_context":{"text":"M\u00fasica","link":"https:\/\/www.edder.org\/?cat=87"},"img":{"alt_text":"","src":"https:\/\/i0.wp.com\/www.edder.org\/upload\/2015\/03\/TheWhiteStripesBlog.jpg?resize=350%2C200&ssl=1","width":350,"height":200,"srcset":"https:\/\/i0.wp.com\/www.edder.org\/upload\/2015\/03\/TheWhiteStripesBlog.jpg?resize=350%2C200&ssl=1 1x, https:\/\/i0.wp.com\/www.edder.org\/upload\/2015\/03\/TheWhiteStripesBlog.jpg?resize=525%2C300&ssl=1 1.5x, https:\/\/i0.wp.com\/www.edder.org\/upload\/2015\/03\/TheWhiteStripesBlog.jpg?resize=700%2C400&ssl=1 2x, https:\/\/i0.wp.com\/www.edder.org\/upload\/2015\/03\/TheWhiteStripesBlog.jpg?resize=1050%2C600&ssl=1 3x"},"classes":[]},{"id":327,"url":"https:\/\/www.edder.org\/?p=327","url_meta":{"origin":155,"position":1},"title":"Alcanfor","author":"Eder","date":"viernes, 20 Mar, 2009","format":false,"excerpt":"Trepidante actividad cultural en la arena \u2013pron\u00fanciese \u2018harina\u2019\u2013 del Reyno. Trepidante actividad cultural ante la inminencia de la Semana Santa y con el 2016 a la vuelta de la esquina. Javieradas aparte, trepidante actividad cultural en el reyno viejo; reino que, como dijera Pem\u00e1n \u2013el poeta del R\u00e9gimen que por\u2026","rel":"","context":"En \u00abNA\u00bb","block_context":{"text":"NA","link":"https:\/\/www.edder.org\/?cat=3"},"img":{"alt_text":"","src":"","width":0,"height":0},"classes":[]},{"id":3367,"url":"https:\/\/www.edder.org\/?p=3367","url_meta":{"origin":155,"position":2},"title":"Viento de Navidad (\u00abAnteayer\u00bb, por Joan de Sagarra)","author":"Eder","date":"domingo, 22 Dic, 2013","format":false,"excerpt":"","rel":"","context":"En \u00abLetras\u00bb","block_context":{"text":"Letras","link":"https:\/\/www.edder.org\/?cat=93"},"img":{"alt_text":"","src":"https:\/\/i0.wp.com\/www.edder.org\/upload\/2013\/12\/sagarra_rumbas.jpg?resize=350%2C200&ssl=1","width":350,"height":200},"classes":[]},{"id":153,"url":"https:\/\/www.edder.org\/?p=153","url_meta":{"origin":155,"position":3},"title":"Mois\u00e9s","author":"Eder","date":"s\u00e1bado, 7 Jun, 2008","format":false,"excerpt":"Dice, \u00bfsab\u00eda que cualificados miembros de la direcci\u00f3n regionalista comentaban el domingo que \u201cDios tiene que ser de UPN\u201d, pues mientras diluviaba en todas partes, en Senda Viva, ese arca de No\u00e9 con dos animales de cada especie donde se celebraba la fiesta del navarrismo, la lluvia ni se insinu\u00f3?\u2026","rel":"","context":"En \u00abNA\u00bb","block_context":{"text":"NA","link":"https:\/\/www.edder.org\/?cat=3"},"img":{"alt_text":"","src":"","width":0,"height":0},"classes":[]},{"id":43,"url":"https:\/\/www.edder.org\/?p=43","url_meta":{"origin":155,"position":4},"title":"Los fastos que no cesan","author":"Eder","date":"viernes, 17 Feb, 2006","format":false,"excerpt":"Brillante, s\u00ed. No me refiero a la genial idea de intentar traerse para aqu\u00ed, en pleno fervor sanferminero, al gran te\u00f3logo y \u2013antes que gran jefe de Estado\u2013 gran inquisidor Joseph Ratzinger. Me refiero a lo de ponerle a V\u00edctor Manuel Arbeloa al frente de una exposici\u00f3n de nada m\u00e1s\u2026","rel":"","context":"En \u00abNA\u00bb","block_context":{"text":"NA","link":"https:\/\/www.edder.org\/?cat=3"},"img":{"alt_text":"","src":"","width":0,"height":0},"classes":[]},{"id":135,"url":"https:\/\/www.edder.org\/?p=135","url_meta":{"origin":155,"position":5},"title":"Razones para descreer","author":"Eder","date":"viernes, 8 Feb, 2008","format":false,"excerpt":"En principio no habr\u00eda por qu\u00e9 descartar la hip\u00f3tesis de que la Conferencia Episcopal Espa\u00f1ola \u2013esa caricatura de una jerarqu\u00eda eclesial campeando por los que no son sus dominios\u2013 fuese otro invento del Gobierno para perpetuarse entre los elegidos. A falta de una rotunda cuenta de resultados pol\u00edticos, nada mejor\u2026","rel":"","context":"En \u00abNA\u00bb","block_context":{"text":"NA","link":"https:\/\/www.edder.org\/?cat=3"},"img":{"alt_text":"","src":"","width":0,"height":0},"classes":[]}],"jetpack_likes_enabled":true,"_links":{"self":[{"href":"https:\/\/www.edder.org\/index.php?rest_route=\/wp\/v2\/posts\/155","targetHints":{"allow":["GET"]}}],"collection":[{"href":"https:\/\/www.edder.org\/index.php?rest_route=\/wp\/v2\/posts"}],"about":[{"href":"https:\/\/www.edder.org\/index.php?rest_route=\/wp\/v2\/types\/post"}],"author":[{"embeddable":true,"href":"https:\/\/www.edder.org\/index.php?rest_route=\/wp\/v2\/users\/82"}],"replies":[{"embeddable":true,"href":"https:\/\/www.edder.org\/index.php?rest_route=%2Fwp%2Fv2%2Fcomments&post=155"}],"version-history":[{"count":0,"href":"https:\/\/www.edder.org\/index.php?rest_route=\/wp\/v2\/posts\/155\/revisions"}],"wp:attachment":[{"href":"https:\/\/www.edder.org\/index.php?rest_route=%2Fwp%2Fv2%2Fmedia&parent=155"}],"wp:term":[{"taxonomy":"category","embeddable":true,"href":"https:\/\/www.edder.org\/index.php?rest_route=%2Fwp%2Fv2%2Fcategories&post=155"},{"taxonomy":"post_tag","embeddable":true,"href":"https:\/\/www.edder.org\/index.php?rest_route=%2Fwp%2Fv2%2Ftags&post=155"}],"curies":[{"name":"wp","href":"https:\/\/api.w.org\/{rel}","templated":true}]}}