{"id":154,"date":"2008-06-13T09:27:40","date_gmt":"2008-06-13T07:27:40","guid":{"rendered":"https:\/\/www.edder.org\/?p=154"},"modified":"2018-07-27T16:38:22","modified_gmt":"2018-07-27T14:38:22","slug":"suavemente-me-mata","status":"publish","type":"post","link":"https:\/\/www.edder.org\/?p=154","title":{"rendered":"Suavemente me mata"},"content":{"rendered":"<p>Urge que una autoridad como la doctora en Farmacia Yolanda Barcina despeje las dudas que inquietan a la poblaci\u00f3n sobre qu\u00e9 clase de energizante, revitalizante o estimulante es el Red Bull. Como ya han se\u00f1alado los cronistas, san Google bendito enturbia m\u00e1s que elucida la cuesti\u00f3n. Que se pronuncie la autoridad y que caiga sobre nosotros todo el peso del saber. \u00bfMata o no mata? Y si lo hiciera, \u00bfser\u00eda suave o fulminantemente? Hablando de Roberta Flack, se present\u00f3 esta semana, en lo que los pueblos de por all\u00e1 suele llamarse \u201cel Opus\u201d, el libro <em>Amor a fuego lento<\/em>, al parecer casto canto espiritual a la fidelidad conyugal que entonan, entre otras personalidades relevantes de nuestra vida intelectual, una doble autoridad como Yolanda Barcina. Mientras no sea amor en conserva, en lata, como el Red Bull\u2026 Seguro que el Red Bull queda muy lejos de la adrenalina pura de aquella pel\u00edcula \u2013con gui\u00f3n de Tarantino\u2013 llamada <em>Amor a quemarropa<\/em>. La lata de Red Bull tendr\u00e1 su ingenier\u00eda qu\u00edmica, seguro, pero sin llegar a droga de dise\u00f1o. Ser\u00e1 una cosa, salvo que se tome en grandes di\u00f3cesis \u2013tal que la de Pamplona\u2013, m\u00e1s bien matadoramente <em>soft<\/em>, como la canci\u00f3n de Roberta Flack \u2013<em>Killing Me Softly<\/em>\u2013. No me extra\u00f1a que la autoridad municipal por antonomasia traiga a Pamplona el circo de la f\u00f3rmula 1, y no s\u00f3lo porque el patr\u00f3n del circo de las cuatro ruedas tenga \u00edntimos negocios con el yern\u00edsimo de Aznar, sino porque la f\u00f3rmula 1, o para el caso el Red Bull, es el tipo de estimulante que cabe esperar en la gran di\u00f3cesis de Pamplona, regida por autoridades tan dadas a promover el casto recato como las que nos ordenan y mandan. Lo que me extra\u00f1a es que en su intensivo programa de virtualizaci\u00f3n circense de la ciudad, la autoridad municipal por antonomasia no haya mandado a los barraqueros y espont\u00e1neos que durante sus fiestas sirven bebedizos tan recios y soeces como el pachar\u00e1n o el kalimotxo, m\u00e1s all\u00e1 de los desiertos lindantes con Senda Viva, nuestra virtual\u00edsima Disneylandia bardenera.<\/p>\n<div align=\"right\">Publicado en <a target=\"blank\" href=\"http:\/\/www.noticiasdenavarra.com\/ediciones\/2008\/06\/13\/opinion\/contra.php\">Diario de Noticias<\/a><img class=\"lazyload\" decoding=\"async\" align=\"right\" title=\"dn\" alt=\"dn\" src=\"data:image\/gif;base64,R0lGODlhAQABAAAAACH5BAEKAAEALAAAAAABAAEAAAICTAEAOw==\" data-orig-src=\"https:\/\/www.edder.org\/images\/dn.gif\" \/><\/div>\n<p><img class=\"lazyload\" decoding=\"async\" src=\"data:image\/gif;base64,R0lGODlhAQABAAAAACH5BAEKAAEALAAAAAABAAEAAAICTAEAOw==\" data-orig-src=\"https:\/\/www.edder.org\/images\/barra.gif\" alt=\"marcas\" \/><\/p>\n","protected":false},"excerpt":{"rendered":"<p>Urge que una autoridad como la doctora en Farmacia Yolanda Barcina despeje las dudas que inquietan a la poblaci\u00f3n sobre qu\u00e9 clase de energizante, revitalizante o estimulante es el Red Bull. Como ya han se\u00f1alado los cronistas, san Google bendito enturbia m\u00e1s que elucida la cuesti\u00f3n. Que se pronuncie la autoridad y que caiga sobre nosotros todo el peso del saber. \u00bfMata o no mata? Y si lo hiciera, \u00bfser\u00eda suave o fulminantemente? Hablando de Roberta Flack, se present\u00f3 esta semana, en lo que los pueblos de por all\u00e1 suele llamarse \u201cel Opus\u201d, el libro Amor a fuego lento, al parecer casto canto espiritual a la fidelidad conyugal que entonan, entre otras personalidades relevantes de nuestra vida intelectual, una doble autoridad como Yolanda Barcina. Mientras no sea  [&#8230;]<\/p>\n","protected":false},"author":82,"featured_media":0,"comment_status":"open","ping_status":"open","sticky":false,"template":"","format":"standard","meta":{"jetpack_post_was_ever_published":false,"_jetpack_newsletter_access":"","_jetpack_dont_email_post_to_subs":false,"_jetpack_newsletter_tier_id":0,"_jetpack_memberships_contains_paywalled_content":false,"_jetpack_memberships_contains_paid_content":false,"footnotes":"","jetpack_publicize_message":"","jetpack_publicize_feature_enabled":true,"jetpack_social_post_already_shared":false,"jetpack_social_options":{"image_generator_settings":{"template":"highway","default_image_id":0,"font":"","enabled":false},"version":2}},"categories":[3],"tags":[],"class_list":["post-154","post","type-post","status-publish","format-standard","hentry","category-na"],"jetpack_publicize_connections":[],"jetpack_featured_media_url":"","jetpack_shortlink":"https:\/\/wp.me\/p6kHv-2u","jetpack_sharing_enabled":true,"jetpack-related-posts":[{"id":385,"url":"https:\/\/www.edder.org\/?p=385","url_meta":{"origin":154,"position":0},"title":"Grandeza de un miserable llamado Odiseo","author":"Eder","date":"viernes, 15 May, 2009","format":false,"excerpt":"Cuando oigo a la se\u00f1ora Barcina (que tan favorecida sali\u00f3 ayer en la \u00faltima p\u00e1gina de El Pa\u00eds: \u201ccat\u00f3lica practicante sin exagerar\u201d, se dec\u00eda ella misma \u2013nada que ver con el nacionalcatolicismo de anta\u00f1o: aquel que bautizaba las calles de Pamplona con nombres de nuncios y pont\u00edfices vaticanos, aunque hoy\u2026","rel":"","context":"En \u00abNA\u00bb","block_context":{"text":"NA","link":"https:\/\/www.edder.org\/?cat=3"},"img":{"alt_text":"","src":"","width":0,"height":0},"classes":[]},{"id":11748,"url":"https:\/\/www.edder.org\/?p=11748","url_meta":{"origin":154,"position":1},"title":"El \u00abmaestro\u00bb Carlos Herrera inspira a Barcina","author":"Eder","date":"martes, 9 Jun, 2015","format":false,"excerpt":"El locutor radiof\u00f3nico Carlos Herrera inspira a la catedr\u00e1tica de Bromat\u00f3log\u00eda Yolanda Barcina. D\u00edas despu\u00e9s de o\u00edr al \u00abmaestro\u00bb en un acto organizado por un think tank del PP, Barcina repetir\u00eda en TVE como un lorito lo dicho por Herrera en Pamplona, la tarde de gloria torera del 12 de\u2026","rel":"","context":"En \u00abNA\u00bb","block_context":{"text":"NA","link":"https:\/\/www.edder.org\/?cat=3"},"img":{"alt_text":"","src":"https:\/\/i0.wp.com\/www.edder.org\/upload\/2015\/06\/Screen-Shot-2015-06-09-at-22.48.46.png?resize=350%2C200&ssl=1","width":350,"height":200,"srcset":"https:\/\/i0.wp.com\/www.edder.org\/upload\/2015\/06\/Screen-Shot-2015-06-09-at-22.48.46.png?resize=350%2C200&ssl=1 1x, https:\/\/i0.wp.com\/www.edder.org\/upload\/2015\/06\/Screen-Shot-2015-06-09-at-22.48.46.png?resize=525%2C300&ssl=1 1.5x, https:\/\/i0.wp.com\/www.edder.org\/upload\/2015\/06\/Screen-Shot-2015-06-09-at-22.48.46.png?resize=700%2C400&ssl=1 2x"},"classes":[]},{"id":560,"url":"https:\/\/www.edder.org\/?p=560","url_meta":{"origin":154,"position":2},"title":"P&#8217;alante y p&#8217;atr\u00e1s","author":"Eder","date":"viernes, 8 Ene, 2010","format":false,"excerpt":"Seg\u00fan consta en la grabaci\u00f3n que por pura casualidad hice, y que conservo por tener una prueba que me confirme no haberlo so\u00f1ado, el pasado s\u00e1bado, d\u00eda dos de enero del a\u00f1o primero de la segunda d\u00e9cada del siglo XXI, a las veintiuna horas y cuarenta minutos, en una de\u2026","rel":"","context":"En \u00abNA\u00bb","block_context":{"text":"NA","link":"https:\/\/www.edder.org\/?cat=3"},"img":{"alt_text":"","src":"","width":0,"height":0},"classes":[]},{"id":1159,"url":"https:\/\/www.edder.org\/?p=1159","url_meta":{"origin":154,"position":3},"title":"El Ofert\u00f3n Pamplon\u00e9s","author":"Eder","date":"viernes, 22 Oct, 2010","format":false,"excerpt":"Para orfe\u00f3n, el Orfe\u00f3n Donostiarra. Y para ofert\u00f3n, el Ofert\u00f3n Pamplon\u00e9s. Que se lo pregunten si no al consejero de Cultura y Turismo, que no ha podido resistir la insuperable oferta del Ofert\u00f3n Pamplon\u00e9s \u2013por lo dem\u00e1s, regularmente subvencionado por ese mismo consejero\u2013 para viajar a Guasint\u00f3n. Y por all\u00ed\u00a0\u2026","rel":"","context":"En \u00abNA\u00bb","block_context":{"text":"NA","link":"https:\/\/www.edder.org\/?cat=3"},"img":{"alt_text":"","src":"https:\/\/i0.wp.com\/edder.org\/images\/barcina_ole.jpg?resize=350%2C200","width":350,"height":200,"srcset":"https:\/\/i0.wp.com\/edder.org\/images\/barcina_ole.jpg?resize=350%2C200 1x, https:\/\/i0.wp.com\/edder.org\/images\/barcina_ole.jpg?resize=525%2C300 1.5x, https:\/\/i0.wp.com\/edder.org\/images\/barcina_ole.jpg?resize=700%2C400 2x"},"classes":[]},{"id":146,"url":"https:\/\/www.edder.org\/?p=146","url_meta":{"origin":154,"position":4},"title":"\u00a1Viva la gente!","author":"Eder","date":"s\u00e1bado, 19 Abr, 2008","format":false,"excerpt":"Entre mis temores recientes est\u00e1 el que a continuaci\u00f3n confieso: un d\u00eda cualquiera, ese sonriente y numeroso gruppo di famiglia cuyos componentes var\u00edan, pero en el que no suelen faltar ni Yolanda Barcina ni Elena Torres \u2013ni el presidente foral ni el consejero de Turismo\u2013; ese grupo musical tan retro,\u2026","rel":"","context":"En \u00abNA\u00bb","block_context":{"text":"NA","link":"https:\/\/www.edder.org\/?cat=3"},"img":{"alt_text":"","src":"","width":0,"height":0},"classes":[]},{"id":132,"url":"https:\/\/www.edder.org\/?p=132","url_meta":{"origin":154,"position":5},"title":"Torer\u00eda","author":"Eder","date":"viernes, 18 Ene, 2008","format":false,"excerpt":"","rel":"","context":"En \u00abNA\u00bb","block_context":{"text":"NA","link":"https:\/\/www.edder.org\/?cat=3"},"img":{"alt_text":"","src":"","width":0,"height":0},"classes":[]}],"jetpack_likes_enabled":true,"_links":{"self":[{"href":"https:\/\/www.edder.org\/index.php?rest_route=\/wp\/v2\/posts\/154","targetHints":{"allow":["GET"]}}],"collection":[{"href":"https:\/\/www.edder.org\/index.php?rest_route=\/wp\/v2\/posts"}],"about":[{"href":"https:\/\/www.edder.org\/index.php?rest_route=\/wp\/v2\/types\/post"}],"author":[{"embeddable":true,"href":"https:\/\/www.edder.org\/index.php?rest_route=\/wp\/v2\/users\/82"}],"replies":[{"embeddable":true,"href":"https:\/\/www.edder.org\/index.php?rest_route=%2Fwp%2Fv2%2Fcomments&post=154"}],"version-history":[{"count":0,"href":"https:\/\/www.edder.org\/index.php?rest_route=\/wp\/v2\/posts\/154\/revisions"}],"wp:attachment":[{"href":"https:\/\/www.edder.org\/index.php?rest_route=%2Fwp%2Fv2%2Fmedia&parent=154"}],"wp:term":[{"taxonomy":"category","embeddable":true,"href":"https:\/\/www.edder.org\/index.php?rest_route=%2Fwp%2Fv2%2Fcategories&post=154"},{"taxonomy":"post_tag","embeddable":true,"href":"https:\/\/www.edder.org\/index.php?rest_route=%2Fwp%2Fv2%2Ftags&post=154"}],"curies":[{"name":"wp","href":"https:\/\/api.w.org\/{rel}","templated":true}]}}