{"id":15384,"date":"2019-10-08T22:10:46","date_gmt":"2019-10-08T20:10:46","guid":{"rendered":"https:\/\/www.edder.org\/?p=15384"},"modified":"2025-05-23T17:33:43","modified_gmt":"2025-05-23T15:33:43","slug":"viento-del-roncal-hacia-1964","status":"publish","type":"post","link":"https:\/\/www.edder.org\/?p=15384","title":{"rendered":"Viento del Roncal hacia 1964"},"content":{"rendered":"<p>Viento del Roncal hacia 1964:<\/p>\n<div style=\"width: 1200px;\" class=\"wp-video\"><video class=\"wp-video-shortcode\" id=\"video-15384-1\" width=\"1200\" height=\"675\" preload=\"metadata\" controls=\"controls\"><source type=\"video\/mp4\" src=\"http:\/\/edder.org\/movies\/roncal3.mp4?_=1\" \/><a href=\"http:\/\/edder.org\/movies\/roncal3.mp4\">http:\/\/edder.org\/movies\/roncal3.mp4<\/a><\/video><\/div>\n<p>&nbsp;<\/p>\n<p>Ni el periodismo ni el folclorismo hab\u00edan ca\u00eddo hasta estas cotas:<\/p>\n<div style=\"width: 1200px;\" class=\"wp-video\"><video class=\"wp-video-shortcode\" id=\"video-15384-2\" width=\"1200\" height=\"675\" preload=\"metadata\" controls=\"controls\"><source type=\"video\/mp4\" src=\"http:\/\/edder.org\/movies\/roncal2.mp4?_=2\" \/><a href=\"http:\/\/edder.org\/movies\/roncal2.mp4\">http:\/\/edder.org\/movies\/roncal2.mp4<\/a><\/video><\/div>\n","protected":false},"excerpt":{"rendered":"<p>Viento del Roncal hacia 1964: &nbsp; Ni el periodismo ni el folclorismo hab\u00edan ca\u00eddo hasta estas cotas:<\/p>\n","protected":false},"author":82,"featured_media":15389,"comment_status":"open","ping_status":"open","sticky":false,"template":"","format":"standard","meta":{"jetpack_post_was_ever_published":false,"_jetpack_newsletter_access":"","_jetpack_dont_email_post_to_subs":false,"_jetpack_newsletter_tier_id":0,"_jetpack_memberships_contains_paywalled_content":false,"_jetpack_memberships_contains_paid_content":false,"footnotes":"","jetpack_publicize_message":"","jetpack_publicize_feature_enabled":true,"jetpack_social_post_already_shared":true,"jetpack_social_options":{"image_generator_settings":{"template":"highway","default_image_id":0,"font":"","enabled":false},"version":2}},"categories":[79,3],"tags":[],"class_list":["post-15384","post","type-post","status-publish","format-standard","has-post-thumbnail","hentry","category-cine","category-na"],"jetpack_publicize_connections":[],"jetpack_featured_media_url":"https:\/\/www.edder.org\/upload\/2019\/10\/roncaleses.jpg","jetpack_shortlink":"https:\/\/wp.me\/p6kHv-408","jetpack_sharing_enabled":true,"jetpack-related-posts":[{"id":40255,"url":"https:\/\/www.edder.org\/?p=40255","url_meta":{"origin":15384,"position":0},"title":"Tucumcari (Nuevo M\u00e9xico, EE. UU), 1970. Me &#038; Bobby McGee","author":"Eder","date":"domingo, 28 Feb, 2021","format":false,"excerpt":"","rel":"","context":"En \u00abCine\u00bb","block_context":{"text":"Cine","link":"https:\/\/www.edder.org\/?cat=79"},"img":{"alt_text":"","src":"https:\/\/i0.wp.com\/www.edder.org\/upload\/2021\/02\/Screenshot-2021-03-07-at-21.59.21.png?resize=350%2C200&ssl=1","width":350,"height":200},"classes":[]},{"id":42588,"url":"https:\/\/www.edder.org\/?p=42588","url_meta":{"origin":15384,"position":1},"title":"Resignifica y mira qu\u00e9 te queda","author":"Eder","date":"viernes, 12 Abr, 2024","format":false,"excerpt":"","rel":"","context":"En \u00abActualidades\u00bb","block_context":{"text":"Actualidades","link":"https:\/\/www.edder.org\/?cat=802"},"img":{"alt_text":"","src":"https:\/\/i0.wp.com\/www.edder.org\/upload\/2018\/04\/sachsenhausen_head.jpg?resize=350%2C200&ssl=1","width":350,"height":200,"srcset":"https:\/\/i0.wp.com\/www.edder.org\/upload\/2018\/04\/sachsenhausen_head.jpg?resize=350%2C200&ssl=1 1x, https:\/\/i0.wp.com\/www.edder.org\/upload\/2018\/04\/sachsenhausen_head.jpg?resize=525%2C300&ssl=1 1.5x, https:\/\/i0.wp.com\/www.edder.org\/upload\/2018\/04\/sachsenhausen_head.jpg?resize=700%2C400&ssl=1 2x"},"classes":[]},{"id":13336,"url":"https:\/\/www.edder.org\/?p=13336","url_meta":{"origin":15384,"position":2},"title":"El viento en R\u00edo Grande","author":"Eder","date":"mi\u00e9rcoles, 12 Oct, 2016","format":false,"excerpt":"Hay tanto calor en el viento que no puedo ni cantar\u2026 \u00a0 This place plays tricks on me I don't know why I'm here So peaceful and serene But it only brings me tears, Good lord it only brings me tears My bad luck boots And my hard luck hand\u2026","rel":"","context":"En \u00abCine\u00bb","block_context":{"text":"Cine","link":"https:\/\/www.edder.org\/?cat=79"},"img":{"alt_text":"","src":"https:\/\/i0.wp.com\/www.edder.org\/upload\/2016\/10\/rio.jpg?resize=350%2C200&ssl=1","width":350,"height":200},"classes":[]},{"id":38989,"url":"https:\/\/www.edder.org\/?p=38989","url_meta":{"origin":15384,"position":3},"title":"Magnani-Bergman: inhumanamente humanas","author":"Eder","date":"domingo, 8 Nov, 2020","format":false,"excerpt":"","rel":"","context":"En \u00abCine\u00bb","block_context":{"text":"Cine","link":"https:\/\/www.edder.org\/?cat=79"},"img":{"alt_text":"","src":"https:\/\/i0.wp.com\/www.edder.org\/upload\/2020\/11\/voces.png?resize=350%2C200&ssl=1","width":350,"height":200,"srcset":"https:\/\/i0.wp.com\/www.edder.org\/upload\/2020\/11\/voces.png?resize=350%2C200&ssl=1 1x, https:\/\/i0.wp.com\/www.edder.org\/upload\/2020\/11\/voces.png?resize=525%2C300&ssl=1 1.5x"},"classes":[]},{"id":38961,"url":"https:\/\/www.edder.org\/?p=38961","url_meta":{"origin":15384,"position":4},"title":"El \u00abhermano\u00bb, el \u00abpadre\u00bb Lonsdale (English, Fran\u00e7ais, italiano)","author":"Eder","date":"jueves, 5 Nov, 2020","format":false,"excerpt":"","rel":"","context":"En \u00abCine\u00bb","block_context":{"text":"Cine","link":"https:\/\/www.edder.org\/?cat=79"},"img":{"alt_text":"","src":"https:\/\/i0.wp.com\/www.edder.org\/upload\/2020\/11\/londale.png?resize=350%2C200&ssl=1","width":350,"height":200,"srcset":"https:\/\/i0.wp.com\/www.edder.org\/upload\/2020\/11\/londale.png?resize=350%2C200&ssl=1 1x, https:\/\/i0.wp.com\/www.edder.org\/upload\/2020\/11\/londale.png?resize=525%2C300&ssl=1 1.5x"},"classes":[]},{"id":15263,"url":"https:\/\/www.edder.org\/?p=15263","url_meta":{"origin":15384,"position":5},"title":"Viento del parque Montsouris (Par\u00eds, XII)","author":"Eder","date":"lunes, 29 Jul, 2019","format":false,"excerpt":"Viento del parque Montsouris, Par\u00eds XII (viento Jacques Rivette hacia 1993). Y al fondo y entre los \u00e1rboles, viento de Central Park, NY (viento Vincente Minnelli hacia 1953). \u00a0 M\u00e1s viento de Par\u00eds (XIX): \u00a0 + Sibila en edder.org:","rel":"","context":"En \u00abCine\u00bb","block_context":{"text":"Cine","link":"https:\/\/www.edder.org\/?cat=79"},"img":{"alt_text":"","src":"https:\/\/i0.wp.com\/www.edder.org\/upload\/2019\/07\/dancing-0002.png?resize=350%2C200&ssl=1","width":350,"height":200},"classes":[]}],"jetpack_likes_enabled":true,"_links":{"self":[{"href":"https:\/\/www.edder.org\/index.php?rest_route=\/wp\/v2\/posts\/15384","targetHints":{"allow":["GET"]}}],"collection":[{"href":"https:\/\/www.edder.org\/index.php?rest_route=\/wp\/v2\/posts"}],"about":[{"href":"https:\/\/www.edder.org\/index.php?rest_route=\/wp\/v2\/types\/post"}],"author":[{"embeddable":true,"href":"https:\/\/www.edder.org\/index.php?rest_route=\/wp\/v2\/users\/82"}],"replies":[{"embeddable":true,"href":"https:\/\/www.edder.org\/index.php?rest_route=%2Fwp%2Fv2%2Fcomments&post=15384"}],"version-history":[{"count":0,"href":"https:\/\/www.edder.org\/index.php?rest_route=\/wp\/v2\/posts\/15384\/revisions"}],"wp:featuredmedia":[{"embeddable":true,"href":"https:\/\/www.edder.org\/index.php?rest_route=\/wp\/v2\/media\/15389"}],"wp:attachment":[{"href":"https:\/\/www.edder.org\/index.php?rest_route=%2Fwp%2Fv2%2Fmedia&parent=15384"}],"wp:term":[{"taxonomy":"category","embeddable":true,"href":"https:\/\/www.edder.org\/index.php?rest_route=%2Fwp%2Fv2%2Fcategories&post=15384"},{"taxonomy":"post_tag","embeddable":true,"href":"https:\/\/www.edder.org\/index.php?rest_route=%2Fwp%2Fv2%2Ftags&post=15384"}],"curies":[{"name":"wp","href":"https:\/\/api.w.org\/{rel}","templated":true}]}}