{"id":153,"date":"2008-06-07T09:27:02","date_gmt":"2008-06-07T07:27:02","guid":{"rendered":"https:\/\/www.edder.org\/?p=153"},"modified":"2018-07-27T16:38:22","modified_gmt":"2018-07-27T14:38:22","slug":"moises","status":"publish","type":"post","link":"https:\/\/www.edder.org\/?p=153","title":{"rendered":"Mois\u00e9s"},"content":{"rendered":"<p>Dice, &iquest;sab&iacute;a que cualificados miembros de la direcci&oacute;n regionalista comentaban el domingo que &ldquo;Dios tiene que ser de UPN&rdquo;, pues mientras diluviaba en todas partes, en Senda Viva, ese arca de No&eacute; con dos animales de cada especie donde se celebraba la fiesta del navarrismo, la lluvia ni se insinu&oacute;? Digo, hombre, Dios no iba a ser republicano y de izquierdas, porque aunque algunos paganos supusieran que Dios no es m&aacute;s que un loco que se cree Dios, piedras contra su tejado no tira. Tambi&eacute;n hay quien supone que Dios fue una invenci&oacute;n de Mois&eacute;s. Dicen que Mois&eacute;s, en esencia un esencialista, pens&oacute; que si bajaba del Sina&iacute; y confesaba toda la verdad, a saber, que &eacute;l era el autor intelectual de las tablas de la Ley, se iba a organizar un gallinero que para qu&eacute;. As&iacute; que zanj&oacute; el debate antes de que empezara presentando las tablas de la Ley como Verdad Revelada. Las tablas de la Ley, como esencialismo, tienen la virtud de que si donde dice &ldquo;Dios&rdquo; pones, pongamos por caso, &ldquo;Navarra&rdquo; &ndash;amar&aacute;s a Navarra sobre todas las cosas, no tomar&aacute;s el nombre de Navarra en vano&hellip;&ndash;, ya tienes otra Santa Causa m&aacute;s all&aacute; de la idea equivocada que las izquierdas, cuando exist&iacute;an, ven&iacute;an sosteniendo con terquedad: que el hombre no es una criatura de Dios perfectamente acabada &ndash;acabada, de derechas de toda la vida y m&aacute;s navarra que el que m&aacute;s&ndash;, sino un aventurero proyecto en marcha que a veces va para delante y las m&aacute;s de ellas para atr&aacute;s. Senda Viva, no s&oacute;lo por lindar con desiertos tan parecidos a los de Mois&eacute;s, est&aacute; llamado a ser nuestro Sina&iacute;. Sanz, testimonialmente, pudo haber descendido el domingo por la gran tirolina con las tablas de la Ley: amar&aacute;s a Navarra sobre todas las cosas&hellip; De hecho, el l&iacute;der upene&iacute;sta ya ejerce como Mois&eacute;s del navarrismo y por ah&iacute; se le vislumbra mucho futuro: guardi&aacute;n de las grandes esencias y de los peque&ntilde;os que las acompa&ntilde;an, como el indestructible dogma de la gobernabilidad, gracias al que el navarrismo sigue su camino a la eternizaci&oacute;n, Dios mediante y sin oposici&oacute;n.<\/p>\n<div align=\"right\">Publicado en <a href=\"http:\/\/www.noticiasdenavarra.com\/ediciones\/2008\/06\/07\/opinion\/contra.php\" target=\"blank\">Diario de Noticias<\/a><img class=\"lazyload\" decoding=\"async\" align=\"right\" alt=\"dn\" src=\"data:image\/gif;base64,R0lGODlhAQABAAAAACH5BAEKAAEALAAAAAABAAEAAAICTAEAOw==\" data-orig-src=\"https:\/\/www.edder.org\/images\/dn.gif\" title=\"dn\" \/><\/div>\n","protected":false},"excerpt":{"rendered":"<p>Dice, &iquest;sab&iacute;a que cualificados miembros de la direcci&oacute;n regionalista comentaban el domingo que &ldquo;Dios tiene que ser de UPN&rdquo;, pues mientras diluviaba en todas partes, en Senda Viva, ese arca de No&eacute; con dos animales de cada especie donde se celebraba la fiesta del navarrismo, la lluvia ni se insinu&oacute;? Digo, hombre, Dios no iba a ser republicano y de izquierdas, porque aunque algunos paganos supusieran que Dios no es m&aacute;s que un loco que se cree Dios, piedras contra su tejado no tira. Tambi&eacute;n hay quien supone que Dios fue una invenci&oacute;n de Mois&eacute;s. Dicen que Mois&eacute;s, en esencia un esencialista, pens&oacute; que si bajaba del Sina&iacute; y confesaba toda la verdad, a saber, que &eacute;l era el autor intelectual de las tablas de la Ley,  [&#8230;]<\/p>\n","protected":false},"author":82,"featured_media":0,"comment_status":"open","ping_status":"open","sticky":false,"template":"","format":"standard","meta":{"jetpack_post_was_ever_published":false,"_jetpack_newsletter_access":"","_jetpack_dont_email_post_to_subs":false,"_jetpack_newsletter_tier_id":0,"_jetpack_memberships_contains_paywalled_content":false,"_jetpack_memberships_contains_paid_content":false,"footnotes":"","jetpack_publicize_message":"","jetpack_publicize_feature_enabled":true,"jetpack_social_post_already_shared":false,"jetpack_social_options":{"image_generator_settings":{"template":"highway","default_image_id":0,"font":"","enabled":false},"version":2}},"categories":[3],"tags":[],"class_list":["post-153","post","type-post","status-publish","format-standard","hentry","category-na"],"jetpack_publicize_connections":[],"jetpack_featured_media_url":"","jetpack_shortlink":"https:\/\/wp.me\/s6kHv-moises","jetpack_sharing_enabled":true,"jetpack-related-posts":[{"id":4136,"url":"https:\/\/www.edder.org\/?p=4136","url_meta":{"origin":153,"position":0},"title":"Museo del Opus: que ni Fernando VII","author":"Eder","date":"martes, 27 Ene, 2015","format":false,"excerpt":"En la biblioteca p\u00fablica he encontrado el folleto que pongo a continuaci\u00f3n. \u00a0\u00a0 Es un folleto divulgativo sobre qui\u00e9n puede ser, en Navarra, benficiario del mecenazgo p\u00fablicamente promovido, seg\u00fan la reciente ley sobre ese particular del tenocr\u00e1tico y muy cat\u00f3lico gobierno de Barcina. \u00a0\u00a0 El Opus Dei tiene f\u00e1cil recaudar\u2026","rel":"","context":"En \u00abNA\u00bb","block_context":{"text":"NA","link":"https:\/\/www.edder.org\/?cat=3"},"img":{"alt_text":"","src":"https:\/\/i0.wp.com\/www.edder.org\/upload\/2015\/01\/Screen-Shot-2015-08-03-at-17.28.37.png?resize=350%2C200&ssl=1","width":350,"height":200},"classes":[]},{"id":30,"url":"https:\/\/www.edder.org\/?p=30","url_meta":{"origin":153,"position":1},"title":"Centenarios, quinto y primero","author":"Eder","date":"lunes, 12 Dic, 2005","format":false,"excerpt":"Mientras nuestro V Centenario sigue enriqueci\u00e9ndose con un rosario de actos que promete reverdecer las glorias de los grandes congresos nacional-cat\u00f3licos ???aquellos de la Pamplona ???sana??? de hacia 1950???, en Francia, el primer centenario de la ley de 1905 ???la de separaci\u00f3n del Estado y las iglesias??? se ha visto\u2026","rel":"","context":"En \u00abNA\u00bb","block_context":{"text":"NA","link":"https:\/\/www.edder.org\/?cat=3"},"img":{"alt_text":"","src":"","width":0,"height":0},"classes":[]},{"id":4,"url":"https:\/\/www.edder.org\/?p=4","url_meta":{"origin":153,"position":2},"title":"Misa mayor","author":"Eder","date":"domingo, 25 Sep, 2005","format":false,"excerpt":"Opino que cuando don Fernando Sebasti\u00e1n, de vuelta ya de Aranjuez, aludi\u00f3 en su en\u00e9rgica homil\u00eda de ayer a una legislaci\u00f3n que va \u00abcontra la moralidad objetiva, hist\u00f3ricamente vigente\u00bb, no se estaba refiriendo a la Ley de Principios del Movimiento Nacional. Recuerden que aquella ley de 1958 proclamaba con energ\u00eda:\u2026","rel":"","context":"En \u00abNA\u00bb","block_context":{"text":"NA","link":"https:\/\/www.edder.org\/?cat=3"},"img":{"alt_text":"","src":"","width":0,"height":0},"classes":[]},{"id":1796,"url":"https:\/\/www.edder.org\/?p=1796","url_meta":{"origin":153,"position":3},"title":"Dios afeite a la reina","author":"Eder","date":"viernes, 29 Abr, 2011","format":false,"excerpt":"","rel":"","context":"En \u00abSin categorizar\u00bb","block_context":{"text":"Sin categorizar","link":"https:\/\/www.edder.org\/?cat=1"},"img":{"alt_text":"","src":"https:\/\/i0.wp.com\/edder.org\/images\/boda.jpg?resize=350%2C200","width":350,"height":200,"srcset":"https:\/\/i0.wp.com\/edder.org\/images\/boda.jpg?resize=350%2C200 1x, https:\/\/i0.wp.com\/edder.org\/images\/boda.jpg?resize=525%2C300 1.5x"},"classes":[]},{"id":155,"url":"https:\/\/www.edder.org\/?p=155","url_meta":{"origin":153,"position":4},"title":"Divinos","author":"Eder","date":"viernes, 20 Jun, 2008","format":false,"excerpt":"En 1966, de paso por Londres, el poeta Robert Allen Zimmerman, m\u00e1s conocido como Bob Dylan \u2013comparado por algunos con Picasso y llamado, con raz\u00f3n, Dios\u2013, tuvo una mala idea: ir al encuentro del entonces prosista John Winston Lennon. Zimmerman pens\u00f3 \u2013otra mala idea\u2013 que su encuentro en la cumbre\u2026","rel":"","context":"En \u00abNA\u00bb","block_context":{"text":"NA","link":"https:\/\/www.edder.org\/?cat=3"},"img":{"alt_text":"","src":"","width":0,"height":0},"classes":[]},{"id":3557,"url":"https:\/\/www.edder.org\/?p=3557","url_meta":{"origin":153,"position":5},"title":"En el principio era el \u03bb\u00f3\u03b3\u03bf\u03c2","author":"Eder","date":"s\u00e1bado, 15 Feb, 2014","format":false,"excerpt":"Y \u03bb\u00f3\u03b3\u03bf\u03c2 significa \u2018la palabra\u2019 en cuanto meditada, reflexionada o razonada, es decir: \u2018razonamiento\u2019, \u2018argumentaci\u00f3n\u2019, \u2018habla\u2019 o \u2018discurso\u2019. Tambi\u00e9n puede ser entendido como \u2018inteligencia\u2019, \u2018pensamiento\u2019, \u2018sentido\u2019. Suele ser traducida en lenguas romances como \u2018Verbo\u2019, del lat\u00edn Verbum. Es uno de los tres modos de persuasi\u00f3n en la ret\u00f3rica (junto con\u2026","rel":"","context":"En \u00abCine\u00bb","block_context":{"text":"Cine","link":"https:\/\/www.edder.org\/?cat=79"},"img":{"alt_text":"","src":"","width":0,"height":0},"classes":[]}],"jetpack_likes_enabled":true,"_links":{"self":[{"href":"https:\/\/www.edder.org\/index.php?rest_route=\/wp\/v2\/posts\/153","targetHints":{"allow":["GET"]}}],"collection":[{"href":"https:\/\/www.edder.org\/index.php?rest_route=\/wp\/v2\/posts"}],"about":[{"href":"https:\/\/www.edder.org\/index.php?rest_route=\/wp\/v2\/types\/post"}],"author":[{"embeddable":true,"href":"https:\/\/www.edder.org\/index.php?rest_route=\/wp\/v2\/users\/82"}],"replies":[{"embeddable":true,"href":"https:\/\/www.edder.org\/index.php?rest_route=%2Fwp%2Fv2%2Fcomments&post=153"}],"version-history":[{"count":0,"href":"https:\/\/www.edder.org\/index.php?rest_route=\/wp\/v2\/posts\/153\/revisions"}],"wp:attachment":[{"href":"https:\/\/www.edder.org\/index.php?rest_route=%2Fwp%2Fv2%2Fmedia&parent=153"}],"wp:term":[{"taxonomy":"category","embeddable":true,"href":"https:\/\/www.edder.org\/index.php?rest_route=%2Fwp%2Fv2%2Fcategories&post=153"},{"taxonomy":"post_tag","embeddable":true,"href":"https:\/\/www.edder.org\/index.php?rest_route=%2Fwp%2Fv2%2Ftags&post=153"}],"curies":[{"name":"wp","href":"https:\/\/api.w.org\/{rel}","templated":true}]}}