{"id":15210,"date":"2019-06-21T19:34:26","date_gmt":"2019-06-21T17:34:26","guid":{"rendered":"https:\/\/www.edder.org\/?p=15210"},"modified":"2019-06-21T19:58:24","modified_gmt":"2019-06-21T17:58:24","slug":"nivelazo-lexico-del-columnismo-espanol-faccion-liberal","status":"publish","type":"post","link":"https:\/\/www.edder.org\/?p=15210","title":{"rendered":"Nivelazo l\u00e9xico del columnismo espa\u00f1ol (facci\u00f3n liberal)"},"content":{"rendered":"<p>Hoy, para entender del todo a Carlos Herrera &ndash;que sin quererlo habla medio en vasco, catal&aacute;n y gallego&ndash;, he tenido que echar mano del Corominas (edici&oacute;n extendida, vol. IV). La RAE no llegaba. Nivelazo l&eacute;xico.<\/p>\n<p>El domingo, para entender en su intregridad a Cervera, otro columnista liberal que no hace ascos ni al argumento <em>ad hominem<\/em> ni a la ofensa personal, me tuve que ir &ndash;bonita excursi&oacute;n&ndash; hasta el diccionario de 1726. Dejo aqu&iacute; los testimonios de lo anteriormente dicho.<\/p>\n<p>&nbsp;<\/p>\n<p><img class=\"lazyload\" decoding=\"async\" alt=\"Herrera\" src=\"data:image\/gif;base64,R0lGODlhAQABAAAAACH5BAEKAAEALAAAAAABAAEAAAICTAEAOw==\" data-orig-src=\"\/\/edder.org\/images\/columnistas_liberales\/liberales0.jpg\" style=\"width: 944px; height: 1219px;\" \/><\/p>\n<p><img class=\"lazyload\" decoding=\"async\" alt=\"\" src=\"data:image\/gif;base64,R0lGODlhAQABAAAAACH5BAEKAAEALAAAAAABAAEAAAICTAEAOw==\" data-orig-src=\"\/\/edder.org\/images\/columnistas_liberales\/liberales1.jpeg\" style=\"width: 979px; height: 1711px;\" \/><\/p>\n<p><img class=\"lazyload\" decoding=\"async\" alt=\"\" src=\"data:image\/gif;base64,R0lGODlhAQABAAAAACH5BAEKAAEALAAAAAABAAEAAAICTAEAOw==\" data-orig-src=\"\/\/edder.org\/images\/columnistas_liberales\/liberales2.jpeg\" style=\"width: 944px; height: 705px;\" \/><\/p>\n<p><img class=\"lazyload\" decoding=\"async\" alt=\"\" src=\"data:image\/gif;base64,R0lGODlhAQABAAAAACH5BAEKAAEALAAAAAABAAEAAAICTAEAOw==\" data-orig-src=\"\/\/edder.org\/images\/columnistas_liberales\/liberales3.jpg\" style=\"width: 955px; height: 687px;\" \/><\/p>\n","protected":false},"excerpt":{"rendered":"<p>Hoy, para entender del todo a Carlos Herrera &ndash;que sin quererlo habla medio en vasco, catal&aacute;n y gallego&ndash;, he tenido que echar mano del Corominas (edici&oacute;n extendida, vol. IV). La RAE no llegaba. Nivelazo l&eacute;xico. El domingo, para entender en su intregridad a Cervera, otro columnista liberal que no hace ascos ni al argumento ad hominem ni a la ofensa personal, me tuve que ir &ndash;bonita excursi&oacute;n&ndash; hasta el diccionario de 1726. Dejo aqu&iacute; los testimonios de lo anteriormente dicho. &nbsp;<\/p>\n","protected":false},"author":82,"featured_media":15211,"comment_status":"open","ping_status":"open","sticky":false,"template":"","format":"standard","meta":{"jetpack_post_was_ever_published":false,"_jetpack_newsletter_access":"","_jetpack_dont_email_post_to_subs":false,"_jetpack_newsletter_tier_id":0,"_jetpack_memberships_contains_paywalled_content":false,"_jetpack_memberships_contains_paid_content":false,"footnotes":"","jetpack_publicize_message":"","jetpack_publicize_feature_enabled":true,"jetpack_social_post_already_shared":true,"jetpack_social_options":{"image_generator_settings":{"template":"highway","default_image_id":0,"font":"","enabled":false},"version":2}},"categories":[93,3],"tags":[],"class_list":["post-15210","post","type-post","status-publish","format-standard","has-post-thumbnail","hentry","category-letras","category-na"],"jetpack_publicize_connections":[],"jetpack_featured_media_url":"https:\/\/www.edder.org\/upload\/2019\/06\/liberales5.jpg","jetpack_shortlink":"https:\/\/wp.me\/p6kHv-3Xk","jetpack_sharing_enabled":true,"jetpack-related-posts":[{"id":1159,"url":"https:\/\/www.edder.org\/?p=1159","url_meta":{"origin":15210,"position":0},"title":"El Ofert\u00f3n Pamplon\u00e9s","author":"Eder","date":"viernes, 22 Oct, 2010","format":false,"excerpt":"Para orfe\u00f3n, el Orfe\u00f3n Donostiarra. Y para ofert\u00f3n, el Ofert\u00f3n Pamplon\u00e9s. Que se lo pregunten si no al consejero de Cultura y Turismo, que no ha podido resistir la insuperable oferta del Ofert\u00f3n Pamplon\u00e9s \u2013por lo dem\u00e1s, regularmente subvencionado por ese mismo consejero\u2013 para viajar a Guasint\u00f3n. Y por all\u00ed\u00a0\u2026","rel":"","context":"En \u00abNA\u00bb","block_context":{"text":"NA","link":"https:\/\/www.edder.org\/?cat=3"},"img":{"alt_text":"","src":"https:\/\/i0.wp.com\/edder.org\/images\/barcina_ole.jpg?resize=350%2C200","width":350,"height":200,"srcset":"https:\/\/i0.wp.com\/edder.org\/images\/barcina_ole.jpg?resize=350%2C200 1x, https:\/\/i0.wp.com\/edder.org\/images\/barcina_ole.jpg?resize=525%2C300 1.5x, https:\/\/i0.wp.com\/edder.org\/images\/barcina_ole.jpg?resize=700%2C400 2x"},"classes":[]},{"id":725,"url":"https:\/\/www.edder.org\/?p=725","url_meta":{"origin":15210,"position":1},"title":"Habemus obispo","author":"Eder","date":"viernes, 14 May, 2010","format":false,"excerpt":"Como no pod\u00eda ser de otra manera, habemus obispo. Ya tenemos cartel sanferminero and the winner is uno de los tres carteles episcopales \u2013quiero decir, con un obispo como motivo central\u2013 que hab\u00eda entre los seis primeros. El cartel ganador es el que presenta al legendario obispo de Pamplona llamado\u2026","rel":"","context":"En \u00abNA\u00bb","block_context":{"text":"NA","link":"https:\/\/www.edder.org\/?cat=3"},"img":{"alt_text":"","src":"","width":0,"height":0},"classes":[]},{"id":1156,"url":"https:\/\/www.edder.org\/?p=1156","url_meta":{"origin":15210,"position":2},"title":"Rancios misterios","author":"Eder","date":"viernes, 15 Oct, 2010","format":false,"excerpt":"Lo que da en llamarse la cultura navarra alcanz\u00f3 el pasado mi\u00e9rcoles cotas de miseria dif\u00edciles de superar cuando el consejero del ramo entr\u00f3 con un opositor parlamentario, supuestamente de izquierdas, en la discusi\u00f3n de si el Misterio de Obanos, fundado por un cl\u00e9rigo de armas tomar en los fragantes\u2026","rel":"","context":"En \u00abNA\u00bb","block_context":{"text":"NA","link":"https:\/\/www.edder.org\/?cat=3"},"img":{"alt_text":"","src":"","width":0,"height":0},"classes":[]},{"id":38,"url":"https:\/\/www.edder.org\/?p=38","url_meta":{"origin":15210,"position":3},"title":"Y el Servicio, \u00bfc\u00f3mo est\u00e1?","author":"Eder","date":"viernes, 20 Ene, 2006","format":false,"excerpt":"","rel":"","context":"En \u00abNA\u00bb","block_context":{"text":"NA","link":"https:\/\/www.edder.org\/?cat=3"},"img":{"alt_text":"","src":"","width":0,"height":0},"classes":[]},{"id":1250,"url":"https:\/\/www.edder.org\/?p=1250","url_meta":{"origin":15210,"position":4},"title":"Con quien tanto quer\u00eda","author":"Eder","date":"viernes, 19 Nov, 2010","format":false,"excerpt":"","rel":"","context":"En \u00abLetras\u00bb","block_context":{"text":"Letras","link":"https:\/\/www.edder.org\/?cat=93"},"img":{"alt_text":"","src":"","width":0,"height":0},"classes":[]},{"id":573,"url":"https:\/\/www.edder.org\/?p=573","url_meta":{"origin":15210,"position":5},"title":"Hemingway y amigos","author":"Eder","date":"viernes, 19 Feb, 2010","format":false,"excerpt":"","rel":"","context":"En \u00abNA\u00bb","block_context":{"text":"NA","link":"https:\/\/www.edder.org\/?cat=3"},"img":{"alt_text":"","src":"","width":0,"height":0},"classes":[]}],"jetpack_likes_enabled":true,"_links":{"self":[{"href":"https:\/\/www.edder.org\/index.php?rest_route=\/wp\/v2\/posts\/15210","targetHints":{"allow":["GET"]}}],"collection":[{"href":"https:\/\/www.edder.org\/index.php?rest_route=\/wp\/v2\/posts"}],"about":[{"href":"https:\/\/www.edder.org\/index.php?rest_route=\/wp\/v2\/types\/post"}],"author":[{"embeddable":true,"href":"https:\/\/www.edder.org\/index.php?rest_route=\/wp\/v2\/users\/82"}],"replies":[{"embeddable":true,"href":"https:\/\/www.edder.org\/index.php?rest_route=%2Fwp%2Fv2%2Fcomments&post=15210"}],"version-history":[{"count":0,"href":"https:\/\/www.edder.org\/index.php?rest_route=\/wp\/v2\/posts\/15210\/revisions"}],"wp:featuredmedia":[{"embeddable":true,"href":"https:\/\/www.edder.org\/index.php?rest_route=\/wp\/v2\/media\/15211"}],"wp:attachment":[{"href":"https:\/\/www.edder.org\/index.php?rest_route=%2Fwp%2Fv2%2Fmedia&parent=15210"}],"wp:term":[{"taxonomy":"category","embeddable":true,"href":"https:\/\/www.edder.org\/index.php?rest_route=%2Fwp%2Fv2%2Fcategories&post=15210"},{"taxonomy":"post_tag","embeddable":true,"href":"https:\/\/www.edder.org\/index.php?rest_route=%2Fwp%2Fv2%2Ftags&post=15210"}],"curies":[{"name":"wp","href":"https:\/\/api.w.org\/{rel}","templated":true}]}}