{"id":152,"date":"2008-05-29T09:26:06","date_gmt":"2008-05-29T07:26:06","guid":{"rendered":"https:\/\/www.edder.org\/?p=152"},"modified":"2018-07-27T16:38:22","modified_gmt":"2018-07-27T14:38:22","slug":"y-tu-adonde-vas","status":"publish","type":"post","link":"https:\/\/www.edder.org\/?p=152","title":{"rendered":"\u00bfY t\u00fa ad\u00f3nde vas?"},"content":{"rendered":"<p>Es una de las grandes preguntas existenciales \u2013frente a otros m\u00e1s banales, como el \u201c\u00bfy t\u00fa de qu\u00e9 vas?\u201d\u2013 que sit\u00faa a cada cual en su lugar. Su lugar en el mundo o fuera de \u00e9l. \u00bfY t\u00fa ad\u00f3nde vas? Ad\u00f3nde vas, se sobreentiende, de vacaciones. Quien tiene un lugar en el mundo, una posici\u00f3n resuelta en \u00e9l, ya saben la respuesta a tan trascendental pregunta. De hecho, lo que diferencia a quienes tienen un lugar en el mundo de los que no lo tienen es que, mientras los primeros no cesan de hacerse tan vital pregunta para encontrar una respuesta a su debido tiempo, los segundos ni llegan a plante\u00e1rsela. Quien dude de qu\u00e9 responder ante tan crucial pregunta ya puede empezar a hacerse preguntas no menos fundamentales, c\u00f3mo qu\u00e9 habr\u00e1 hecho mal o si no estar\u00e1 en la exclusi\u00f3n social. Pero viniendo a ras de tierra, el \u201c\u00bfy t\u00fa ad\u00f3nde vas?\u201d podr\u00eda ser el lema de la \u00faltima campa\u00f1a vial del Ayuntamiento de Pamplona y el Gobierno de Navarra. En ella vemos a una insensata anciana, al borde de quedar fuera del mundo: cruzando un paso de peatones a falta de una eternidad para que el sem\u00e1foro se ponga en verde. El mensaje de la campa\u00f1a dice: \u201cEl 100% de los muertos en accidentes de tr\u00e1fico en Pamplona son peatones\u201d. El mensaje no entra en qu\u00e9 culpa tienen en eso los no peatones y sigue as\u00ed: \u201cCruza siempre por los pasos de peatones, mira a ambos lados de la calzada y espera a que el sem\u00e1foro est\u00e9 en verde\u201d. El mensaje, pues, da por sentado que el peat\u00f3n se la busca y de varias maneras: cruza por donde no debe, no mira ad\u00f3nde va, pasa a destiempo y luego pasa lo que pasa. \u00bfQu\u00e9 es lo que pasa? Pasa que el mundo es as\u00ed y que los autores de la campa\u00f1a ni consideran la posibilidad de que el mundo sea otro: el mundo es de los automovilistas que tienen en \u00e9l una posici\u00f3n resuelta, dominante, y mejor que el peat\u00f3n ni se pregunte por qu\u00e9 los sem\u00e1foros son tan generosos con los automovilistas y tan cicateros con \u00e9l: tan s\u00f3lo debe preguntarse ad\u00f3nde rayos va, de esa manera, en un mundo no hecho a su medida.<\/p>\n<div align=\"right\">Publicado en <a target=\"blank\" href=\"http:\/\/www.noticiasdenavarra.com\/ediciones\/2008\/05\/29\/opinion\/contra.php\">Diario de Noticias<\/a><img class=\"lazyload\" decoding=\"async\" align=\"right\" title=\"dn\" alt=\"dn\" src=\"data:image\/gif;base64,R0lGODlhAQABAAAAACH5BAEKAAEALAAAAAABAAEAAAICTAEAOw==\" data-orig-src=\"https:\/\/www.edder.org\/images\/dn.gif\" \/><\/div>\n<p><img class=\"lazyload\" decoding=\"async\" src=\"data:image\/gif;base64,R0lGODlhAQABAAAAACH5BAEKAAEALAAAAAABAAEAAAICTAEAOw==\" data-orig-src=\"https:\/\/www.edder.org\/images\/barra.gif\" alt=\"marcas\" \/><\/p>\n","protected":false},"excerpt":{"rendered":"<p>Es una de las grandes preguntas existenciales \u2013frente a otros m\u00e1s banales, como el \u201c\u00bfy t\u00fa de qu\u00e9 vas?\u201d\u2013 que sit\u00faa a cada cual en su lugar. Su lugar en el mundo o fuera de \u00e9l. \u00bfY t\u00fa ad\u00f3nde vas? Ad\u00f3nde vas, se sobreentiende, de vacaciones. Quien tiene un lugar en el mundo, una posici\u00f3n resuelta en \u00e9l, ya saben la respuesta a tan trascendental pregunta. De hecho, lo que diferencia a quienes tienen un lugar en el mundo de los que no lo tienen es que, mientras los primeros no cesan de hacerse tan vital pregunta para encontrar una respuesta a su debido tiempo, los segundos ni llegan a plante\u00e1rsela. Quien dude de qu\u00e9 responder ante tan crucial pregunta ya puede empezar a hacerse preguntas no  [&#8230;]<\/p>\n","protected":false},"author":82,"featured_media":0,"comment_status":"open","ping_status":"open","sticky":false,"template":"","format":"standard","meta":{"jetpack_post_was_ever_published":false,"_jetpack_newsletter_access":"","_jetpack_dont_email_post_to_subs":false,"_jetpack_newsletter_tier_id":0,"_jetpack_memberships_contains_paywalled_content":false,"_jetpack_memberships_contains_paid_content":false,"footnotes":"","jetpack_publicize_message":"","jetpack_publicize_feature_enabled":true,"jetpack_social_post_already_shared":false,"jetpack_social_options":{"image_generator_settings":{"template":"highway","default_image_id":0,"font":"","enabled":false},"version":2}},"categories":[3],"tags":[],"class_list":["post-152","post","type-post","status-publish","format-standard","hentry","category-na"],"jetpack_publicize_connections":[],"jetpack_featured_media_url":"","jetpack_shortlink":"https:\/\/wp.me\/p6kHv-2s","jetpack_sharing_enabled":true,"jetpack-related-posts":[{"id":13805,"url":"https:\/\/www.edder.org\/?p=13805","url_meta":{"origin":152,"position":0},"title":"Con tiempo y buenos vientos\u2026","author":"Eder","date":"lunes, 11 Dic, 2017","format":false,"excerpt":"","rel":"","context":"En \u00abCine\u00bb","block_context":{"text":"Cine","link":"https:\/\/www.edder.org\/?cat=79"},"img":{"alt_text":"","src":"https:\/\/i0.wp.com\/www.edder.org\/upload\/2017\/12\/tiempo.jpg?resize=350%2C200&ssl=1","width":350,"height":200},"classes":[]},{"id":2729,"url":"https:\/\/www.edder.org\/?p=2729","url_meta":{"origin":152,"position":1},"title":"De vuelta al Misisip\u00ed","author":"Eder","date":"s\u00e1bado, 15 Dic, 2012","format":false,"excerpt":"","rel":"","context":"En \u00abCine\u00bb","block_context":{"text":"Cine","link":"https:\/\/www.edder.org\/?cat=79"},"img":{"alt_text":"","src":"","width":0,"height":0},"classes":[]},{"id":139,"url":"https:\/\/www.edder.org\/?p=139","url_meta":{"origin":152,"position":2},"title":"Por preguntar","author":"Eder","date":"viernes, 7 Mar, 2008","format":false,"excerpt":"Hubo carta del Gobierno de Navarra. \u201cEl d\u00eda 19 abrimos las puertas del nuevo centro de urgencias Solchaga\u201d. \u00bfNuevo centro de urgencias Solchaga? \u00bfEs el viejo ambulatorio al que en el sitio web del Ayuntamiento de Pamplona se sigue llamando General Solchaga? \u00bfHay nueva denominaci\u00f3n oficial? Si as\u00ed fuera, \u00bfcu\u00e1ndo\u2026","rel":"","context":"En \u00abNA\u00bb","block_context":{"text":"NA","link":"https:\/\/www.edder.org\/?cat=3"},"img":{"alt_text":"","src":"","width":0,"height":0},"classes":[]},{"id":55,"url":"https:\/\/www.edder.org\/?p=55","url_meta":{"origin":152,"position":3},"title":"Monumentos","author":"Eder","date":"viernes, 5 May, 2006","format":false,"excerpt":"Cinco de mayo: habemus cartel de Sanferm\u00edn. Pero no quer\u00eda hablar del cartel. Los carteles van adonde habita el olvido. No quiero hablar del olvido sino de la memoria. La memoria es el espejo de los ausentes. Monumento no significa m\u00e1s que lugar de la memoria. Los monumentos son espejos,\u2026","rel":"","context":"En \u00abNA\u00bb","block_context":{"text":"NA","link":"https:\/\/www.edder.org\/?cat=3"},"img":{"alt_text":"","src":"","width":0,"height":0},"classes":[]},{"id":208,"url":"https:\/\/www.edder.org\/?p=208","url_meta":{"origin":152,"position":4},"title":"Tradici\u00f3n","author":"Eder","date":"viernes, 5 Dic, 2008","format":false,"excerpt":"El titular de este peri\u00f3dico lo dec\u00eda todo: \u201cEl Gobierno cumple con el precepto de asistir a la misa en Javier\u201d. En efecto, o\u00edr misa es el primero de los preceptos de la Santa Madre Iglesia. Por descontando que el D\u00eda de Navarra es d\u00eda de mucha fiesta y mucho\u2026","rel":"","context":"En \u00abNA\u00bb","block_context":{"text":"NA","link":"https:\/\/www.edder.org\/?cat=3"},"img":{"alt_text":"","src":"","width":0,"height":0},"classes":[]},{"id":31,"url":"https:\/\/www.edder.org\/?p=31","url_meta":{"origin":152,"position":5},"title":"Feliz navidad, don Ricardo","author":"Eder","date":"viernes, 16 Dic, 2005","format":false,"excerpt":"Feliz navidad, don Ricardo, por descontado que de Le\u00f3n. Feliz navidad, sin m\u00e1s. Lo de una muy pr\u00f3spera jubilaci\u00f3n en el a\u00f1o nuevo, a don Ricardo ya se lo resolvi\u00f3 UPN este verano. Eso qued\u00f3 resuelto tras su relevo en la \u00ednsula navarra de Madrid, con un retiro a la\u2026","rel":"","context":"En \u00abNA\u00bb","block_context":{"text":"NA","link":"https:\/\/www.edder.org\/?cat=3"},"img":{"alt_text":"","src":"","width":0,"height":0},"classes":[]}],"jetpack_likes_enabled":true,"_links":{"self":[{"href":"https:\/\/www.edder.org\/index.php?rest_route=\/wp\/v2\/posts\/152","targetHints":{"allow":["GET"]}}],"collection":[{"href":"https:\/\/www.edder.org\/index.php?rest_route=\/wp\/v2\/posts"}],"about":[{"href":"https:\/\/www.edder.org\/index.php?rest_route=\/wp\/v2\/types\/post"}],"author":[{"embeddable":true,"href":"https:\/\/www.edder.org\/index.php?rest_route=\/wp\/v2\/users\/82"}],"replies":[{"embeddable":true,"href":"https:\/\/www.edder.org\/index.php?rest_route=%2Fwp%2Fv2%2Fcomments&post=152"}],"version-history":[{"count":0,"href":"https:\/\/www.edder.org\/index.php?rest_route=\/wp\/v2\/posts\/152\/revisions"}],"wp:attachment":[{"href":"https:\/\/www.edder.org\/index.php?rest_route=%2Fwp%2Fv2%2Fmedia&parent=152"}],"wp:term":[{"taxonomy":"category","embeddable":true,"href":"https:\/\/www.edder.org\/index.php?rest_route=%2Fwp%2Fv2%2Fcategories&post=152"},{"taxonomy":"post_tag","embeddable":true,"href":"https:\/\/www.edder.org\/index.php?rest_route=%2Fwp%2Fv2%2Ftags&post=152"}],"curies":[{"name":"wp","href":"https:\/\/api.w.org\/{rel}","templated":true}]}}