{"id":151,"date":"2008-05-23T09:25:33","date_gmt":"2008-05-23T07:25:33","guid":{"rendered":"https:\/\/www.edder.org\/?p=151"},"modified":"2018-07-27T16:38:22","modified_gmt":"2018-07-27T14:38:22","slug":"distancia","status":"publish","type":"post","link":"https:\/\/www.edder.org\/?p=151","title":{"rendered":"Distancia"},"content":{"rendered":"<p>Dir\u00edase que sinceramente abrumado por el descubrimiento, el consejero de Educaci\u00f3n, en la firma de un convenio divulgativo junto a la presidenta del Parlamento, declaraba el pasado mi\u00e9rcoles que \u201ces sorprendente el desconocimiento y la lejan\u00eda que hay entre los escolares con respecto a las instituciones navarras\u201d. El susto que se va a llevar el consejero el d\u00eda que averig\u00fce la distancia desde la que los padres de todas esas criaturas escolarizadas ven ceremonias institucionales como la protagonizada por \u00e9l, ser\u00e1 de a\u00fapa. Eso contando con que la sorpresa del consejero fuese aut\u00e9ntica, que lo dudo. Para remediar tanta distancia, la presidenta del Parlamento ha anunciado que se presentar\u00e1 personalmente en las escuelas: \u201cDesde que acced\u00ed al cargo dije que uno de mis principales objetivos era acercar el Parlamento a los ciudadanos\u201d. A qu\u00e9 presidente del Parlamento no le habremos o\u00eddo una declaraci\u00f3n id\u00e9ntica. Y cada vez que volvemos a o\u00edr una declaraci\u00f3n semejante, la distancia \u2013por cansancio, por aburrimiento\u2013 se hace un poco mayor. Cu\u00e1l de ellos no se habr\u00e1 ido del cargo dejando las instituciones un poco m\u00e1s lejos de la ciudadan\u00eda que cuando lleg\u00f3. Cuanto se les ocurre o cuanto pueden permitirse consejero y presidenta para acercar las instituciones a la ciudadan\u00eda es hacer una gira estelar por las escuelas, no abrir sus despachos a la gente y menos todav\u00eda considerar seriamente la posibilidad de abrir las listas electorales, de modo que cada electo responda m\u00e1s y mejor ante sus electores. A buen seguro, la gira escolar est\u00e1 destinada a lograr el mismo \u00e9xito que la iniciativa de la alcaldesa de Pamplona consistente en \u201cabrir los cauces participativos\u201d al permitir a los ciudadanos votar por uno u otro cartel de fiestas \u2013votar por eso y por nada m\u00e1s\u2013. As\u00ed, pues, cabe dudar de que la sorpresa de nuestros representantes por la distancia con que chicos y grandes les ven sea aut\u00e9ntica. La distancia es el arte que ellos cultivan, intensivamente, incluso cuando hablan de ella.<\/p>\n<div align=\"right\">Publicado en <a target=\"blank\" href=\"http:\/\/www.noticiasdenavarra.com\/ediciones\/2008\/05\/23\/opinion\/contra.php\">Diario de Noticias<\/a><img class=\"lazyload\" decoding=\"async\" align=\"right\" title=\"dn\" alt=\"dn\" src=\"data:image\/gif;base64,R0lGODlhAQABAAAAACH5BAEKAAEALAAAAAABAAEAAAICTAEAOw==\" data-orig-src=\"https:\/\/www.edder.org\/images\/dn.gif\" \/><\/div>\n<p><img class=\"lazyload\" decoding=\"async\" src=\"data:image\/gif;base64,R0lGODlhAQABAAAAACH5BAEKAAEALAAAAAABAAEAAAICTAEAOw==\" data-orig-src=\"https:\/\/www.edder.org\/images\/barra.gif\" alt=\"marcas\" \/><\/p>\n","protected":false},"excerpt":{"rendered":"<p>Dir\u00edase que sinceramente abrumado por el descubrimiento, el consejero de Educaci\u00f3n, en la firma de un convenio divulgativo junto a la presidenta del Parlamento, declaraba el pasado mi\u00e9rcoles que \u201ces sorprendente el desconocimiento y la lejan\u00eda que hay entre los escolares con respecto a las instituciones navarras\u201d. El susto que se va a llevar el consejero el d\u00eda que averig\u00fce la distancia desde la que los padres de todas esas criaturas escolarizadas ven ceremonias institucionales como la protagonizada por \u00e9l, ser\u00e1 de a\u00fapa. Eso contando con que la sorpresa del consejero fuese aut\u00e9ntica, que lo dudo. Para remediar tanta distancia, la presidenta del Parlamento ha anunciado que se presentar\u00e1 personalmente en las escuelas: \u201cDesde que acced\u00ed al cargo dije que uno de mis principales objetivos era acercar  [&#8230;]<\/p>\n","protected":false},"author":82,"featured_media":0,"comment_status":"open","ping_status":"open","sticky":false,"template":"","format":"standard","meta":{"jetpack_post_was_ever_published":false,"_jetpack_newsletter_access":"","_jetpack_dont_email_post_to_subs":false,"_jetpack_newsletter_tier_id":0,"_jetpack_memberships_contains_paywalled_content":false,"_jetpack_memberships_contains_paid_content":false,"footnotes":"","jetpack_publicize_message":"","jetpack_publicize_feature_enabled":true,"jetpack_social_post_already_shared":false,"jetpack_social_options":{"image_generator_settings":{"template":"highway","default_image_id":0,"font":"","enabled":false},"version":2}},"categories":[3],"tags":[],"class_list":["post-151","post","type-post","status-publish","format-standard","hentry","category-na"],"jetpack_publicize_connections":[],"jetpack_featured_media_url":"","jetpack_shortlink":"https:\/\/wp.me\/p6kHv-2r","jetpack_sharing_enabled":true,"jetpack-related-posts":[{"id":35,"url":"https:\/\/www.edder.org\/?p=35","url_meta":{"origin":151,"position":0},"title":"El h\u00e1bito regener\u00f3 al monde","author":"Eder","date":"viernes, 6 Ene, 2006","format":false,"excerpt":"La desfachatez que ha llevado a Sanz \u2013Sanz Sesma\u2013 a interpretar la sentencia judicial por la que se anula la concesi\u00f3n de licencias de radio hecha en su d\u00eda por Sanz \u2013Sanz Barea\u2013 y Palacios como otro \u00e9xito del Gobierno de UPN \u2013otro m\u00e1s de la cascada incesante de \u00e9xitos\u2026","rel":"","context":"En \u00abNA\u00bb","block_context":{"text":"NA","link":"https:\/\/www.edder.org\/?cat=3"},"img":{"alt_text":"","src":"","width":0,"height":0},"classes":[]},{"id":476,"url":"https:\/\/www.edder.org\/?p=476","url_meta":{"origin":151,"position":1},"title":"Devoci\u00f3n","author":"Eder","date":"viernes, 11 Sep, 2009","format":false,"excerpt":"Que el consejero Corpas ande repicando para que la prensa acuda al galope a hacerle fotos junto a un tal Olivier van der Zee \u2013cineasta que quiz\u00e1 se convierta con el tiempo en el nuevo Johan van der Keuken del documentalismo holand\u00e9s, aunque de su talento hay por ahora escasas\u2026","rel":"","context":"En \u00abNA\u00bb","block_context":{"text":"NA","link":"https:\/\/www.edder.org\/?cat=3"},"img":{"alt_text":"","src":"https:\/\/i0.wp.com\/www.edder.org\/upload\/2009\/09\/Sin-ti%CC%81tulo-1.gif?resize=350%2C200&ssl=1","width":350,"height":200},"classes":[]},{"id":134,"url":"https:\/\/www.edder.org\/?p=134","url_meta":{"origin":151,"position":2},"title":"Normalidad","author":"Eder","date":"viernes, 1 Feb, 2008","format":false,"excerpt":"Entre los t\u00f3picos cuyo significado resulta misterio, aparte de \u2018friqui\u2019 y \u2018trasversal\u2019, est\u00e1 \u2018normalizar\u2019. Normalizar lo us\u00f3 con profusi\u00f3n esta semana la presidenta del Parlamento Navarro, seg\u00fan la que, en su balance de lo que va de legislatura, la normalidad detectada \u2013vaya usted a saber con qu\u00e9 detector\u2013 es el\u2026","rel":"","context":"En \u00abNA\u00bb","block_context":{"text":"NA","link":"https:\/\/www.edder.org\/?cat=3"},"img":{"alt_text":"","src":"","width":0,"height":0},"classes":[]},{"id":330,"url":"https:\/\/www.edder.org\/?p=330","url_meta":{"origin":151,"position":3},"title":"El arte entre los doctores","author":"Eder","date":"viernes, 27 Mar, 2009","format":false,"excerpt":"Soy uno de los exc\u00e9ntricos que el otro mi\u00e9rcoles tir\u00f3 la tarde por la ventana con la lectura del Plan Global de Fomento y Desarrollo del Arte Contempor\u00e1neo en Navarra, plan en dos quinquenios que el consejero del ramo solt\u00f3 en el Parlamento sin que nadie rechistara \u2013nadie, nadie, que\u2026","rel":"","context":"En \u00abNA\u00bb","block_context":{"text":"NA","link":"https:\/\/www.edder.org\/?cat=3"},"img":{"alt_text":"","src":"","width":0,"height":0},"classes":[]},{"id":5,"url":"https:\/\/www.edder.org\/?p=5","url_meta":{"origin":151,"position":4},"title":"Embajadores del Reyno","author":"Eder","date":"domingo, 25 Sep, 2005","format":false,"excerpt":"En la ma\u00f1ana del pasado martes 5 de julio se verific\u00f3 la primera mala cornada de los corrientes sanfermines. En efecto, esa ma\u00f1ana los peri\u00f3dicos informaban sucinta, escuetamente, de que el delegado del Gobierno de Navarra en Madrid, m\u00e1s popularmente conocido como el Se\u00f1or Embajador Plenipotenciario del Reyno","rel":"","context":"En \u00abNA\u00bb","block_context":{"text":"NA","link":"https:\/\/www.edder.org\/?cat=3"},"img":{"alt_text":"","src":"","width":0,"height":0},"classes":[]},{"id":335,"url":"https:\/\/www.edder.org\/?p=335","url_meta":{"origin":151,"position":5},"title":"Astracanada","author":"Eder","date":"viernes, 10 Abr, 2009","format":false,"excerpt":"La comparecencia parlamentaria por el uso del helic\u00f3ptero que lleva estampado el n\u00famero de emergencias pas\u00f3 de lo esperp\u00e9ntico a la astracanada cuando el consejero Corpas se qued\u00f3 tan fresco despu\u00e9s de decir que, de haberse producido una emergencia mientras \u00e9l y su sufrido equipo volaban hacia la inexpugnable cumbre\u2026","rel":"","context":"En \u00abNA\u00bb","block_context":{"text":"NA","link":"https:\/\/www.edder.org\/?cat=3"},"img":{"alt_text":"","src":"","width":0,"height":0},"classes":[]}],"jetpack_likes_enabled":true,"_links":{"self":[{"href":"https:\/\/www.edder.org\/index.php?rest_route=\/wp\/v2\/posts\/151","targetHints":{"allow":["GET"]}}],"collection":[{"href":"https:\/\/www.edder.org\/index.php?rest_route=\/wp\/v2\/posts"}],"about":[{"href":"https:\/\/www.edder.org\/index.php?rest_route=\/wp\/v2\/types\/post"}],"author":[{"embeddable":true,"href":"https:\/\/www.edder.org\/index.php?rest_route=\/wp\/v2\/users\/82"}],"replies":[{"embeddable":true,"href":"https:\/\/www.edder.org\/index.php?rest_route=%2Fwp%2Fv2%2Fcomments&post=151"}],"version-history":[{"count":0,"href":"https:\/\/www.edder.org\/index.php?rest_route=\/wp\/v2\/posts\/151\/revisions"}],"wp:attachment":[{"href":"https:\/\/www.edder.org\/index.php?rest_route=%2Fwp%2Fv2%2Fmedia&parent=151"}],"wp:term":[{"taxonomy":"category","embeddable":true,"href":"https:\/\/www.edder.org\/index.php?rest_route=%2Fwp%2Fv2%2Fcategories&post=151"},{"taxonomy":"post_tag","embeddable":true,"href":"https:\/\/www.edder.org\/index.php?rest_route=%2Fwp%2Fv2%2Ftags&post=151"}],"curies":[{"name":"wp","href":"https:\/\/api.w.org\/{rel}","templated":true}]}}