{"id":1504,"date":"2011-02-18T00:39:39","date_gmt":"2011-02-17T23:39:39","guid":{"rendered":"https:\/\/www.edder.org\/?p=1504"},"modified":"2011-02-18T00:39:39","modified_gmt":"2011-02-17T23:39:39","slug":"te-llevo-en-el-corazon","status":"publish","type":"post","link":"https:\/\/www.edder.org\/?p=1504","title":{"rendered":"Te llevo en el coraz\u00f3n"},"content":{"rendered":"<p>Te llevo en el coraz&oacute;n (toma 1):<\/p>\n<p style=\"text-align: center;\"><div class=\"video-shortcode\"><iframe title=\"Calabaza, te llevo en el coraz\u00f3n (I)\" width=\"1200\" height=\"900\" src=\"https:\/\/www.youtube.com\/embed\/AtuvAoew9D0?feature=oembed\" frameborder=\"0\" allow=\"accelerometer; autoplay; clipboard-write; encrypted-media; gyroscope; picture-in-picture; web-share\" allowfullscreen><\/iframe><\/div><\/p>\n<p style=\"text-align: center;\">&nbsp;<\/p>\n<p>Te llevo en el coraz&oacute;n (toma 2):<\/p>\n<a href=\"http:\/\/www.youtube.com\/watch?v=Pz0WP8PrFBs\">http:\/\/www.youtube.com\/watch?v=Pz0WP8PrFBs<\/a>\n","protected":false},"excerpt":{"rendered":"<p>Te llevo en el coraz&oacute;n (toma 1): &nbsp; Te llevo en el coraz&oacute;n (toma 2):<\/p>\n","protected":false},"author":82,"featured_media":0,"comment_status":"open","ping_status":"open","sticky":false,"template":"","format":"standard","meta":{"jetpack_post_was_ever_published":false,"_jetpack_newsletter_access":"","_jetpack_dont_email_post_to_subs":false,"_jetpack_newsletter_tier_id":0,"_jetpack_memberships_contains_paywalled_content":false,"_jetpack_memberships_contains_paid_content":false,"footnotes":"","jetpack_publicize_message":"","jetpack_publicize_feature_enabled":true,"jetpack_social_post_already_shared":false,"jetpack_social_options":{"image_generator_settings":{"template":"highway","default_image_id":0,"font":"","enabled":false},"version":2}},"categories":[79,7],"tags":[],"class_list":["post-1504","post","type-post","status-publish","format-standard","hentry","category-cine","category-video"],"jetpack_publicize_connections":[],"jetpack_featured_media_url":"","jetpack_shortlink":"https:\/\/wp.me\/p6kHv-og","jetpack_sharing_enabled":true,"jetpack-related-posts":[{"id":38890,"url":"https:\/\/www.edder.org\/?p=38890","url_meta":{"origin":1504,"position":0},"title":"Contigo pan y cebolla (Faithfull &#038; Bowie)","author":"Eder","date":"martes, 15 Sep, 2020","format":false,"excerpt":"\u00bfNo lleva abrigo? \u00a1Lo llevo a usted! Contigo pan y cebolla, toma 1 -ensayo- y toma 2 -emisi\u00f3n tv-:","rel":"","context":"En \u00abLetras\u00bb","block_context":{"text":"Letras","link":"https:\/\/www.edder.org\/?cat=93"},"img":{"alt_text":"","src":"https:\/\/i0.wp.com\/www.edder.org\/upload\/2020\/09\/vlcsnap-2020-09-15-18h57m51s701.png?resize=350%2C200&ssl=1","width":350,"height":200},"classes":[]},{"id":2953,"url":"https:\/\/www.edder.org\/?p=2953","url_meta":{"origin":1504,"position":1},"title":"I Just Called to Say I Love You","author":"Eder","date":"viernes, 1 Mar, 2013","format":false,"excerpt":"\u00a0 \u00a0 No hay d\u00eda de A\u00f1o Nuevo que celebrar Ni corazones de dulce cubiertos de chocolate que regalar No es el comienzo de la primavera ni hay canci\u00f3n que cantar De hecho, este es otro d\u00eda cualquiera No hay lluvia de abril, ni plantas que florezcan Tampoco es un\u2026","rel":"","context":"En \u00abCine\u00bb","block_context":{"text":"Cine","link":"https:\/\/www.edder.org\/?cat=79"},"img":{"alt_text":"","src":"","width":0,"height":0},"classes":[]},{"id":34019,"url":"https:\/\/www.edder.org\/?p=34019","url_meta":{"origin":1504,"position":2},"title":"Calabaza, te llevamos en el coraz\u00f3n","author":"Eder","date":"mi\u00e9rcoles, 5 Feb, 2020","format":false,"excerpt":"Calabaza, te llevamos nuy dentro del coraz\u00f3n. Que la tierra te sea leve\u2026 \u00a0 M\u00e1s soliloquios al atardecer en edder.org: \u00a0","rel":"","context":"En \u00abCine\u00bb","block_context":{"text":"Cine","link":"https:\/\/www.edder.org\/?cat=79"},"img":{"alt_text":"","src":"https:\/\/i0.wp.com\/www.edder.org\/upload\/2020\/02\/Screenshot-2020-02-05-at-18.05.58.png?resize=350%2C200&ssl=1","width":350,"height":200,"srcset":"https:\/\/i0.wp.com\/www.edder.org\/upload\/2020\/02\/Screenshot-2020-02-05-at-18.05.58.png?resize=350%2C200&ssl=1 1x, https:\/\/i0.wp.com\/www.edder.org\/upload\/2020\/02\/Screenshot-2020-02-05-at-18.05.58.png?resize=525%2C300&ssl=1 1.5x, https:\/\/i0.wp.com\/www.edder.org\/upload\/2020\/02\/Screenshot-2020-02-05-at-18.05.58.png?resize=700%2C400&ssl=1 2x"},"classes":[]},{"id":2913,"url":"https:\/\/www.edder.org\/?p=2913","url_meta":{"origin":1504,"position":3},"title":"Tinieblas del coraz\u00f3n","author":"Eder","date":"s\u00e1bado, 23 Feb, 2013","format":false,"excerpt":"","rel":"","context":"En \u00abCine\u00bb","block_context":{"text":"Cine","link":"https:\/\/www.edder.org\/?cat=79"},"img":{"alt_text":"","src":"","width":0,"height":0},"classes":[]},{"id":3726,"url":"https:\/\/www.edder.org\/?p=3726","url_meta":{"origin":1504,"position":4},"title":"YouTube is fantastic","author":"Eder","date":"domingo, 27 Jul, 2014","format":false,"excerpt":"I love YouTube:","rel":"","context":"En \u00abCine\u00bb","block_context":{"text":"Cine","link":"https:\/\/www.edder.org\/?cat=79"},"img":{"alt_text":"","src":"https:\/\/i0.wp.com\/www.edder.org\/upload\/2014\/07\/vlcsnap-2015-08-16-11h14m52s47.png?resize=350%2C200&ssl=1","width":350,"height":200},"classes":[]},{"id":3188,"url":"https:\/\/www.edder.org\/?p=3188","url_meta":{"origin":1504,"position":5},"title":"Ballarat (California)","author":"Eder","date":"domingo, 8 Sep, 2013","format":false,"excerpt":"Toma 1: m\u00fasica: Steppenwolf imagen: L\u00e1szl\u00f3 Kov\u00e1cs & Denis Hopper","rel":"","context":"En \u00abCine\u00bb","block_context":{"text":"Cine","link":"https:\/\/www.edder.org\/?cat=79"},"img":{"alt_text":"","src":"","width":0,"height":0},"classes":[]}],"jetpack_likes_enabled":true,"_links":{"self":[{"href":"https:\/\/www.edder.org\/index.php?rest_route=\/wp\/v2\/posts\/1504","targetHints":{"allow":["GET"]}}],"collection":[{"href":"https:\/\/www.edder.org\/index.php?rest_route=\/wp\/v2\/posts"}],"about":[{"href":"https:\/\/www.edder.org\/index.php?rest_route=\/wp\/v2\/types\/post"}],"author":[{"embeddable":true,"href":"https:\/\/www.edder.org\/index.php?rest_route=\/wp\/v2\/users\/82"}],"replies":[{"embeddable":true,"href":"https:\/\/www.edder.org\/index.php?rest_route=%2Fwp%2Fv2%2Fcomments&post=1504"}],"version-history":[{"count":0,"href":"https:\/\/www.edder.org\/index.php?rest_route=\/wp\/v2\/posts\/1504\/revisions"}],"wp:attachment":[{"href":"https:\/\/www.edder.org\/index.php?rest_route=%2Fwp%2Fv2%2Fmedia&parent=1504"}],"wp:term":[{"taxonomy":"category","embeddable":true,"href":"https:\/\/www.edder.org\/index.php?rest_route=%2Fwp%2Fv2%2Fcategories&post=1504"},{"taxonomy":"post_tag","embeddable":true,"href":"https:\/\/www.edder.org\/index.php?rest_route=%2Fwp%2Fv2%2Ftags&post=1504"}],"curies":[{"name":"wp","href":"https:\/\/api.w.org\/{rel}","templated":true}]}}