{"id":150,"date":"2008-05-16T09:23:34","date_gmt":"2008-05-16T07:23:34","guid":{"rendered":"https:\/\/www.edder.org\/?p=150"},"modified":"2026-01-15T20:11:50","modified_gmt":"2026-01-15T19:11:50","slug":"deconstruyendo-la-alcachofa","status":"publish","type":"post","link":"https:\/\/www.edder.org\/?p=150","title":{"rendered":"Deconstruyendo la alcachofa"},"content":{"rendered":"<p><div class=\"fusion-fullwidth fullwidth-box fusion-builder-row-1 fusion-flex-container has-pattern-background has-mask-background nonhundred-percent-fullwidth non-hundred-percent-height-scrolling\" style=\"--awb-border-radius-top-left:0px;--awb-border-radius-top-right:0px;--awb-border-radius-bottom-right:0px;--awb-border-radius-bottom-left:0px;--awb-flex-wrap:wrap;\" ><div class=\"fusion-builder-row fusion-row fusion-flex-align-items-flex-start fusion-flex-content-wrap\" style=\"max-width:1248px;margin-left: calc(-4% \/ 2 );margin-right: calc(-4% \/ 2 );\"><div class=\"fusion-layout-column fusion_builder_column fusion-builder-column-0 fusion_builder_column_1_4 1_4 fusion-flex-column\" style=\"--awb-bg-size:cover;--awb-width-large:25%;--awb-margin-top-large:0px;--awb-spacing-right-large:7.68%;--awb-margin-bottom-large:20px;--awb-spacing-left-large:7.68%;--awb-width-medium:100%;--awb-order-medium:0;--awb-spacing-right-medium:1.92%;--awb-spacing-left-medium:1.92%;--awb-width-small:100%;--awb-order-small:0;--awb-spacing-right-small:1.92%;--awb-spacing-left-small:1.92%;\"><div class=\"fusion-column-wrapper fusion-column-has-shadow fusion-flex-justify-content-flex-start fusion-content-layout-column\"><\/div><\/div><div class=\"fusion-layout-column fusion_builder_column fusion-builder-column-1 fusion_builder_column_3_4 3_4 fusion-flex-column\" style=\"--awb-bg-size:cover;--awb-width-large:75%;--awb-margin-top-large:0px;--awb-spacing-right-large:2.56%;--awb-margin-bottom-large:20px;--awb-spacing-left-large:2.56%;--awb-width-medium:100%;--awb-order-medium:0;--awb-spacing-right-medium:1.92%;--awb-spacing-left-medium:1.92%;--awb-width-small:100%;--awb-order-small:0;--awb-spacing-right-small:1.92%;--awb-spacing-left-small:1.92%;\"><div class=\"fusion-column-wrapper fusion-column-has-shadow fusion-flex-justify-content-flex-start fusion-content-layout-column\"><div class=\"fusion-text fusion-text-1\" style=\"--awb-font-size:23px;\"><p>Hubo filosof\u00eda antes de Ferran Adri\u00e0, si bien ya olvidada. Adri\u00e0 es el sensacional fil\u00f3sofo postderridiano al que debemos creaciones tan audaces como\u2026 el pelo al bogavante o la alcachofa deconstruida. No s\u00e9 si fue Adri\u00e0 quien hace un a\u00f1o, cuando se dej\u00f3 caer por aqu\u00ed por siete millones de las antiguas pesetas \u2013Vargas Llosa no iba a venir al congreso barojiano del que nunca m\u00e1s se supo y hab\u00eda que traer a otro intelectual de peso\u2013; no s\u00e9 si fue Adri\u00e0 quien dijo aquello de que las verduras aut\u00f3ctonas \u2013convenientemente deconstruidas por alg\u00fan maestro del pensamiento del siglo XXI, el pensamiento culinario\u2013 hab\u00edan de ser nuestro Guggenheim. Las masas van comprendiendo la \u00fanica filosof\u00eda verdadera de nuestro tiempo y de ah\u00ed que se hayan echado a devorar pinchos de dise\u00f1o en el Baluarte, un edificio construido con la misma filosof\u00eda de Ferran Adri\u00e0, \u00ednfulas bilba\u00ednas aparte. Olvidemos a pensadores anteriores a Adri\u00e0 tan equivocados como los que definieron el poder como la ambici\u00f3n de perpetuarse en \u00e9l a cualquier precio o con cualquier espect\u00e1culo. Olvidemos las consideraciones filos\u00f3ficas sobre la naturaleza amenazante de estructuras de poder tal que los partidos pol\u00edticos, aparentemente de actualidad, a nada que observemos estos d\u00edas los movimientos nada disimulados de una Mar\u00eda San Gil o de alg\u00fan navarro que otro, de este o de aquel partido. Olvidemos todo eso porque llegar\u00edamos a la conclusi\u00f3n de que estructuras de poder tan consustancialmente burocratizadas como los partidos pol\u00edticos son, a diestra y siniestra, el enemigo. Pero qu\u00e9 va: son los bur\u00f3cratas de estructuras de poder como los partidos pol\u00edticos los que han descubierto el mundo feliz de nuevos espacios de reconciliaci\u00f3n entre los poderes y las masas \u00e1vidas de satisfacci\u00f3n. Espacios como el del Baluarte durante el Congreso Vive las Verduras, en los que no s\u00f3lo las ideas filos\u00f3ficas anteriores a Adri\u00e0 quedan superadas, sino en los que las ideas pol\u00edticas se renuevan tan creativa y deconstructivamente como la verdura aut\u00f3ctona.<\/p>\n<\/div><\/div><\/div><\/div><\/div><div class=\"fusion-fullwidth fullwidth-box fusion-builder-row-2 fusion-flex-container nonhundred-percent-fullwidth non-hundred-percent-height-scrolling\" style=\"--awb-border-radius-top-left:0px;--awb-border-radius-top-right:0px;--awb-border-radius-bottom-right:0px;--awb-border-radius-bottom-left:0px;--awb-flex-wrap:wrap;\" ><div class=\"fusion-builder-row fusion-row fusion-flex-align-items-flex-start fusion-flex-content-wrap\" style=\"max-width:1248px;margin-left: calc(-4% \/ 2 );margin-right: calc(-4% \/ 2 );\"><div class=\"fusion-layout-column fusion_builder_column fusion-builder-column-2 fusion_builder_column_1_1 1_1 fusion-flex-column\" style=\"--awb-bg-size:cover;--awb-width-large:100%;--awb-margin-top-large:0px;--awb-spacing-right-large:1.92%;--awb-margin-bottom-large:0px;--awb-spacing-left-large:1.92%;--awb-width-medium:100%;--awb-spacing-right-medium:1.92%;--awb-spacing-left-medium:1.92%;--awb-width-small:100%;--awb-spacing-right-small:1.92%;--awb-spacing-left-small:1.92%;\"><div class=\"fusion-column-wrapper fusion-flex-justify-content-flex-start fusion-content-layout-column\"><div class=\"fusion-text fusion-text-2\"><div align=\"right\">Publicado el 16 de mayo de 2008 en <a href=\"http:\/\/www.noticiasdenavarra.com\/ediciones\/2008\/05\/16\/opinion\/contra.php\" target=\"blank\">Diario de Noticias<\/a><img class=\"lazyload\" decoding=\"async\" title=\"dn\" src=\"data:image\/gif;base64,R0lGODlhAQABAAAAACH5BAEKAAEALAAAAAABAAEAAAICTAEAOw==\" data-orig-src=\"https:\/\/www.edder.org\/images\/dn.gif\" alt=\"dn\" align=\"right\" \/><\/div>\n<\/div><\/div><\/div><\/div><\/div><\/p>\n","protected":false},"excerpt":{"rendered":"","protected":false},"author":82,"featured_media":0,"comment_status":"open","ping_status":"open","sticky":false,"template":"","format":"standard","meta":{"jetpack_post_was_ever_published":false,"_jetpack_newsletter_access":"","_jetpack_dont_email_post_to_subs":false,"_jetpack_newsletter_tier_id":0,"_jetpack_memberships_contains_paywalled_content":false,"_jetpack_memberships_contains_paid_content":false,"footnotes":"","jetpack_publicize_message":"","jetpack_publicize_feature_enabled":true,"jetpack_social_post_already_shared":false,"jetpack_social_options":{"image_generator_settings":{"template":"highway","default_image_id":0,"font":"","enabled":false},"version":2}},"categories":[3],"tags":[],"class_list":["post-150","post","type-post","status-publish","format-standard","hentry","category-na"],"jetpack_publicize_connections":[],"jetpack_featured_media_url":"","jetpack_shortlink":"https:\/\/wp.me\/p6kHv-2q","jetpack_sharing_enabled":true,"jetpack-related-posts":[{"id":42997,"url":"https:\/\/www.edder.org\/?p=42997","url_meta":{"origin":150,"position":0},"title":"Futbolmarianismo y regionalcatolicismo de los siglos XX y XXI","author":"Eder","date":"mi\u00e9rcoles, 21 Ago, 2024","format":false,"excerpt":"","rel":"","context":"En \u00abPrehistoria contempor\u00e1nea\u00bb","block_context":{"text":"Prehistoria contempor\u00e1nea","link":"https:\/\/www.edder.org\/?cat=90"},"img":{"alt_text":"","src":"https:\/\/i0.wp.com\/www.edder.org\/upload\/2024\/08\/athletic_begogna.png?resize=350%2C200&ssl=1","width":350,"height":200,"srcset":"https:\/\/i0.wp.com\/www.edder.org\/upload\/2024\/08\/athletic_begogna.png?resize=350%2C200&ssl=1 1x, https:\/\/i0.wp.com\/www.edder.org\/upload\/2024\/08\/athletic_begogna.png?resize=525%2C300&ssl=1 1.5x, https:\/\/i0.wp.com\/www.edder.org\/upload\/2024\/08\/athletic_begogna.png?resize=700%2C400&ssl=1 2x, https:\/\/i0.wp.com\/www.edder.org\/upload\/2024\/08\/athletic_begogna.png?resize=1050%2C600&ssl=1 3x"},"classes":[]},{"id":39232,"url":"https:\/\/www.edder.org\/?p=39232","url_meta":{"origin":150,"position":1},"title":"Mi t\u00edo Toby silbaba el lilliburlero","author":"Eder","date":"martes, 24 Nov, 2020","format":false,"excerpt":"","rel":"","context":"En \u00abCine\u00bb","block_context":{"text":"Cine","link":"https:\/\/www.edder.org\/?cat=79"},"img":{"alt_text":"","src":"https:\/\/i0.wp.com\/www.edder.org\/upload\/2020\/11\/lilliburlero2.jpg?resize=350%2C200&ssl=1","width":350,"height":200},"classes":[]},{"id":40290,"url":"https:\/\/www.edder.org\/?p=40290","url_meta":{"origin":150,"position":2},"title":"La politesse","author":"Eder","date":"martes, 2 Mar, 2021","format":false,"excerpt":"","rel":"","context":"En \u00abCine\u00bb","block_context":{"text":"Cine","link":"https:\/\/www.edder.org\/?cat=79"},"img":{"alt_text":"","src":"https:\/\/i0.wp.com\/www.edder.org\/upload\/2021\/03\/politesse.png?resize=350%2C200&ssl=1","width":350,"height":200,"srcset":"https:\/\/i0.wp.com\/www.edder.org\/upload\/2021\/03\/politesse.png?resize=350%2C200&ssl=1 1x, https:\/\/i0.wp.com\/www.edder.org\/upload\/2021\/03\/politesse.png?resize=525%2C300&ssl=1 1.5x, https:\/\/i0.wp.com\/www.edder.org\/upload\/2021\/03\/politesse.png?resize=700%2C400&ssl=1 2x"},"classes":[]},{"id":40255,"url":"https:\/\/www.edder.org\/?p=40255","url_meta":{"origin":150,"position":3},"title":"Tucumcari (Nuevo M\u00e9xico, EE. UU), 1970. Me &#038; Bobby McGee","author":"Eder","date":"domingo, 28 Feb, 2021","format":false,"excerpt":"","rel":"","context":"En \u00abCine\u00bb","block_context":{"text":"Cine","link":"https:\/\/www.edder.org\/?cat=79"},"img":{"alt_text":"","src":"https:\/\/i0.wp.com\/www.edder.org\/upload\/2021\/02\/Screenshot-2021-03-07-at-21.59.21.png?resize=350%2C200&ssl=1","width":350,"height":200},"classes":[]},{"id":42588,"url":"https:\/\/www.edder.org\/?p=42588","url_meta":{"origin":150,"position":4},"title":"Resignifica y mira qu\u00e9 te queda","author":"Eder","date":"viernes, 12 Abr, 2024","format":false,"excerpt":"","rel":"","context":"En \u00abActualidades\u00bb","block_context":{"text":"Actualidades","link":"https:\/\/www.edder.org\/?cat=802"},"img":{"alt_text":"","src":"https:\/\/i0.wp.com\/www.edder.org\/upload\/2018\/04\/sachsenhausen_head.jpg?resize=350%2C200&ssl=1","width":350,"height":200,"srcset":"https:\/\/i0.wp.com\/www.edder.org\/upload\/2018\/04\/sachsenhausen_head.jpg?resize=350%2C200&ssl=1 1x, https:\/\/i0.wp.com\/www.edder.org\/upload\/2018\/04\/sachsenhausen_head.jpg?resize=525%2C300&ssl=1 1.5x, https:\/\/i0.wp.com\/www.edder.org\/upload\/2018\/04\/sachsenhausen_head.jpg?resize=700%2C400&ssl=1 2x"},"classes":[]},{"id":43103,"url":"https:\/\/www.edder.org\/?p=43103","url_meta":{"origin":150,"position":5},"title":"Kris Kristofferson: todos los caminos equivocados de vuelta a casa","author":"Eder","date":"martes, 1 Oct, 2024","format":false,"excerpt":"","rel":"","context":"En \u00abCine\u00bb","block_context":{"text":"Cine","link":"https:\/\/www.edder.org\/?cat=79"},"img":{"alt_text":"","src":"https:\/\/i0.wp.com\/www.edder.org\/upload\/2016\/12\/Captura-de-pantalla-2017-03-14-a-las-21.03.12.png?resize=350%2C200&ssl=1","width":350,"height":200,"srcset":"https:\/\/i0.wp.com\/www.edder.org\/upload\/2016\/12\/Captura-de-pantalla-2017-03-14-a-las-21.03.12.png?resize=350%2C200&ssl=1 1x, https:\/\/i0.wp.com\/www.edder.org\/upload\/2016\/12\/Captura-de-pantalla-2017-03-14-a-las-21.03.12.png?resize=525%2C300&ssl=1 1.5x"},"classes":[]}],"jetpack_likes_enabled":true,"_links":{"self":[{"href":"https:\/\/www.edder.org\/index.php?rest_route=\/wp\/v2\/posts\/150","targetHints":{"allow":["GET"]}}],"collection":[{"href":"https:\/\/www.edder.org\/index.php?rest_route=\/wp\/v2\/posts"}],"about":[{"href":"https:\/\/www.edder.org\/index.php?rest_route=\/wp\/v2\/types\/post"}],"author":[{"embeddable":true,"href":"https:\/\/www.edder.org\/index.php?rest_route=\/wp\/v2\/users\/82"}],"replies":[{"embeddable":true,"href":"https:\/\/www.edder.org\/index.php?rest_route=%2Fwp%2Fv2%2Fcomments&post=150"}],"version-history":[{"count":2,"href":"https:\/\/www.edder.org\/index.php?rest_route=\/wp\/v2\/posts\/150\/revisions"}],"predecessor-version":[{"id":47570,"href":"https:\/\/www.edder.org\/index.php?rest_route=\/wp\/v2\/posts\/150\/revisions\/47570"}],"wp:attachment":[{"href":"https:\/\/www.edder.org\/index.php?rest_route=%2Fwp%2Fv2%2Fmedia&parent=150"}],"wp:term":[{"taxonomy":"category","embeddable":true,"href":"https:\/\/www.edder.org\/index.php?rest_route=%2Fwp%2Fv2%2Fcategories&post=150"},{"taxonomy":"post_tag","embeddable":true,"href":"https:\/\/www.edder.org\/index.php?rest_route=%2Fwp%2Fv2%2Ftags&post=150"}],"curies":[{"name":"wp","href":"https:\/\/api.w.org\/{rel}","templated":true}]}}